{"id":2686,"date":"2023-11-09T22:51:39","date_gmt":"2023-11-10T01:51:39","guid":{"rendered":"https:\/\/www.sportchaco.com.ar\/?p=2686"},"modified":"2023-11-09T22:51:39","modified_gmt":"2023-11-10T01:51:39","slug":"el-7-de-diciembre-se-sortea-la-copa-america-en-miami","status":"publish","type":"post","link":"https:\/\/www.sportchaco.com.ar\/?p=2686","title":{"rendered":"El 7 de diciembre se sortea la Copa Am\u00e9rica en Miami"},"content":{"rendered":"<div class=\"\">\n<h1 class=\"\"><\/h1>\n<p>La competencia continental de selecciones m\u00e1s importante del mundo definir\u00e1 a los grupos del torneo cuenta con sede definida. Ser\u00e1 en en la ciudad de Miami, como lo confirmaron la Conmebol y la Concacaf.<\/p>\n<div>\n<div id=\"carouselExampleControls\" class=\"carousel slide\" data-ride=\"carousel\">\n<div class=\"carousel-inner\">\n<div class=\"carousel-item active\"><img decoding=\"async\" class=\"d-block w-100\" src=\"http:\/\/agenciafoco.com.ar\/media\/cache\/quality\/uploads\/noticias\/654d7d58d2c44814333159.jpg\" \/><\/div>\n<\/div>\n<\/div>\n<p>&nbsp;<\/p>\n<p>&nbsp;<\/p>\n<\/div>\n<div class=\"sharethis-inline-share-buttons pb-3\"><\/div>\n<p><strong>El sorteo de la\u00a0Copa Am\u00e9rica 2024\u00a0que se desarrollar\u00e1 en Estados Unidos entre el 20 de junio y el 14 de julio\u00a0ser\u00e1 sorteada el pr\u00f3ximo jueves 7 de diciembre en Miami,\u00a0seg\u00fan anunciaron este jueves en forma conjunta las dos asociaciones organizadoras: Conmebol y Concacaf.<\/strong><\/p>\n<p><strong>Esta ser\u00e1 la\u00a048va. edici\u00f3n de la Copa Am\u00e9rica que cuenta con 30 t\u00edtulos repartidos en partes iguales entre Uruguay y Argentina,<\/strong>\u00a0que justamente ir\u00e1 a Estados Unidos para defender el t\u00edtulo alcanzado en 2021 en el estadio Maracan\u00e1, de R\u00edo de Janeiro, frente al local Brasil.<\/p>\n<p>\u00abEstamos decididos a renovar y ampliar nuestras iniciativas y proyectos conjuntos. Queremos que esta pasi\u00f3n se traduzca en m\u00e1s y mejores competiciones y que el f\u00fatbol y sus valores crezcan y se fortalezcan en todo el hemisferio. Sin duda, ambas confederaciones creemos en grande y trabajaremos con esta orientaci\u00f3n\u00bb, expres\u00f3 el paraguayo Alejandro Dom\u00ednguez, presidente de la Conmebol.<\/p>\n<p>&nbsp;<\/p>\n<p><img decoding=\"async\" class=\"img-fluid\" src=\"http:\/\/agenciafoco.com.ar\/media\/cache\/quality\/uploads\/noticias\/654d7d4e8548b894354454.jpg\" \/>&nbsp;<\/p>\n<p>&nbsp;<\/p>\n<p>\u00abEsto ser\u00e1 de beneficio mutuo para ambas Confederaciones. Ofreceremos competencias de \u00e9lite que brindar\u00e1n m\u00e1s oportunidades para nuestras federaciones y que sabemos que los aficionados quieren ver. Trabajaremos juntos para garantizar que el f\u00fatbol en ambas regiones contin\u00fae prosperando\u00bb, apunt\u00f3 el canadiense V\u00edctor Montagliani, titular de la Concacaf, durante un convenio entre ambos organismos rumbo al Mundial 2026.<\/p>\n<p>El sorteo de la Copa Am\u00e9rica del a\u00f1o pr\u00f3ximo distribuir\u00e1 a los 16 participantes en cuatro grupos de la misma cantidad de integrantes.<\/p>\n<p><em>Fuente: T\u00e9lam<\/em><\/p>\n<\/div>\n","protected":false},"excerpt":{"rendered":"<p>La competencia continental de selecciones m\u00e1s importante del mundo definir\u00e1 a los grupos del torneo cuenta con sede definida. Ser\u00e1 en en la ciudad de Miami, como lo confirmaron la Conmebol y la Concacaf. &nbsp; &nbsp; El sorteo de la\u00a0Copa Am\u00e9rica 2024\u00a0que se desarrollar\u00e1 en Estados Unidos entre el 20 de junio y el 14 &hellip;<\/p>\n","protected":false},"author":2,"featured_media":2688,"comment_status":"open","ping_status":"open","sticky":false,"template":"","format":"standard","meta":{"footnotes":""},"categories":[1],"tags":[],"class_list":["post-2686","post","type-post","status-publish","format-standard","has-post-thumbnail","hentry","category-fotos-del-recuerdo"],"_links":{"self":[{"href":"https:\/\/www.sportchaco.com.ar\/index.php?rest_route=\/wp\/v2\/posts\/2686","targetHints":{"allow":["GET"]}}],"collection":[{"href":"https:\/\/www.sportchaco.com.ar\/index.php?rest_route=\/wp\/v2\/posts"}],"about":[{"href":"https:\/\/www.sportchaco.com.ar\/index.php?rest_route=\/wp\/v2\/types\/post"}],"author":[{"embeddable":true,"href":"https:\/\/www.sportchaco.com.ar\/index.php?rest_route=\/wp\/v2\/users\/2"}],"replies":[{"embeddable":true,"href":"https:\/\/www.sportchaco.com.ar\/index.php?rest_route=%2Fwp%2Fv2%2Fcomments&post=2686"}],"version-history":[{"count":1,"href":"https:\/\/www.sportchaco.com.ar\/index.php?rest_route=\/wp\/v2\/posts\/2686\/revisions"}],"predecessor-version":[{"id":2689,"href":"https:\/\/www.sportchaco.com.ar\/index.php?rest_route=\/wp\/v2\/posts\/2686\/revisions\/2689"}],"wp:featuredmedia":[{"embeddable":true,"href":"https:\/\/www.sportchaco.com.ar\/index.php?rest_route=\/wp\/v2\/media\/2688"}],"wp:attachment":[{"href":"https:\/\/www.sportchaco.com.ar\/index.php?rest_route=%2Fwp%2Fv2%2Fmedia&parent=2686"}],"wp:term":[{"taxonomy":"category","embeddable":true,"href":"https:\/\/www.sportchaco.com.ar\/index.php?rest_route=%2Fwp%2Fv2%2Fcategories&post=2686"},{"taxonomy":"post_tag","embeddable":true,"href":"https:\/\/www.sportchaco.com.ar\/index.php?rest_route=%2Fwp%2Fv2%2Ftags&post=2686"}],"curies":[{"name":"wp","href":"https:\/\/api.w.org\/{rel}","templated":true}]}}