{"id":26861,"date":"2025-10-11T23:00:14","date_gmt":"2025-10-12T02:00:14","guid":{"rendered":"https:\/\/www.sportchaco.com.ar\/?p=26861"},"modified":"2025-10-11T23:00:35","modified_gmt":"2025-10-12T02:00:35","slug":"regional-peregrino-de-la-gloria-cumple-92-anos","status":"publish","type":"post","link":"https:\/\/www.sportchaco.com.ar\/?p=26861","title":{"rendered":"Regional, peregrino de la gloria cumple 92 a\u00f1os"},"content":{"rendered":"<p>&nbsp;<\/p>\n<h5><strong>Foto portada: Actual tribuna de Cemento en Villa Libertad.<\/strong><\/h5>\n<p>&nbsp;<\/p>\n<p><b><img loading=\"lazy\" decoding=\"async\" class=\"alignnone wp-image-26875\" src=\"https:\/\/www.sportchaco.com.ar\/wp-content\/uploads\/2025\/10\/Pocholo-Mancuello-carita-259x300.jpg\" alt=\"\" width=\"68\" height=\"79\" srcset=\"https:\/\/www.sportchaco.com.ar\/wp-content\/uploads\/2025\/10\/Pocholo-Mancuello-carita-259x300.jpg 259w, https:\/\/www.sportchaco.com.ar\/wp-content\/uploads\/2025\/10\/Pocholo-Mancuello-carita-883x1024.jpg 883w, https:\/\/www.sportchaco.com.ar\/wp-content\/uploads\/2025\/10\/Pocholo-Mancuello-carita-768x890.jpg 768w, https:\/\/www.sportchaco.com.ar\/wp-content\/uploads\/2025\/10\/Pocholo-Mancuello-carita-1325x1536.jpg 1325w, https:\/\/www.sportchaco.com.ar\/wp-content\/uploads\/2025\/10\/Pocholo-Mancuello-carita-1767x2048.jpg 1767w, https:\/\/www.sportchaco.com.ar\/wp-content\/uploads\/2025\/10\/Pocholo-Mancuello-carita.jpg 1973w\" sizes=\"auto, (max-width: 68px) 100vw, 68px\" \/> Por <\/b><b>Rodolfo \u201cPocholo\u201d Mancuello<\/b><\/p>\n<p>&nbsp;<\/p>\n<h5><b>La historia del Club Atl\u00e9tico Regional es una \u00e9pica de perseverancia y arraigo. La entidad, que hoy celebra 92 a\u00f1os de <\/b><b>trayectoria, naci\u00f3 en el coraz\u00f3n de la incipiente Villa del Carmen de Resistencia. Aquel primer Libro de Actas, celosamente guardado por la viuda de don Luis Antonio Claude, el primer presidente, revela los humildes or\u00edgenes: la mayor\u00eda de los entusiastas fundadores eran vecinos y muchachones que desempe\u00f1aban sus tareas en el flamante Hospital Regional (hoy \u00abJulio C. Perrando\u00bb), de donde la instituci\u00f3n tom\u00f3 su nombre para siempre.<\/b><\/h5>\n<p>&nbsp;<\/p>\n<p>M\u00e1s tarde, la fuerte influencia de la f\u00e1brica algodonera de don Mario Comero en Avenida Las Heras apuntal\u00f3 la epopeya deportiva, impulsada por la visi\u00f3n de uno de sus m\u00e1ximos colaboradores, don <b>Sixto G. Laconich<\/b>. Aunque las cr\u00f3nicas se\u00f1alan el <b>1\u00ba de Octubre de 1933<\/b> como la fecha fundacional, los viejos vecinos aseguraban que los colores rojiblancos ya se defend\u00edan mucho tiempo antes.<\/p>\n<p>&nbsp;<\/p>\n<h3>La Primera Cancha: Un Tesoro Polideportivo<\/h3>\n<p>&nbsp;<\/p>\n<p>Regional comenz\u00f3 a levantar su primer campo de deportes frente a la f\u00e1brica Comero, en un terreno municipal. Y en pocos a\u00f1os, se convirti\u00f3 en una instituci\u00f3n modelo.<\/p>\n<p>Contaba con cancha de f\u00fatbol con tribunas, cancha de b\u00e1squetbol con tribuna de cemento armado, tres canchas de tenis (una iluminada), cuatro de bochas (tres techadas), vel\u00f3dromo, pista de atletismo y un magn\u00edfico parque infantil. Todo enmarcado por una imponente arboleda. Regional fue catalogado, en reiteradas oportunidades, como la entidad con el <b>mejor y m\u00e1s dotado campo de deportes del entonces Territorio Nacional del Chaco<\/b>.<\/p>\n<p>&nbsp;<\/p>\n<h3>Pionero y Propulsor de Deportes<\/h3>\n<p>&nbsp;<\/p>\n<p>La vida institucional de Regional fue tan rica como su infraestructura. Fue la primera entidad deportiva local en obtener la <b>Personer\u00eda Jur\u00eddica, en 1937<\/b>.<\/p>\n<p>Adem\u00e1s, fue un decisivo promotor del deporte chaque\u00f1o, siendo actor principal en la creaci\u00f3n de las federaciones de <b>Bochas, B\u00e1squetbol, Tenis y Atletismo<\/b>.<\/p>\n<p>En 1937, su equipo de b\u00e1squetbol fue de gran poder\u00edo, con la famosa <b>\u00abCuarta de Hierro\u00bb<\/b> que se consagr\u00f3 campeona invicta. Figuras como los hermanos Kistenmacher, Pedro Cristaldo y Carlos L\u00f3pez Piacentini fueron parte de ese elenco superior que cumpli\u00f3 brillantes actuaciones.<\/p>\n<p>El atletismo tambi\u00e9n marc\u00f3 toda una \u00e9poca. Bajo la presidencia de la Federaci\u00f3n Chaque\u00f1a de Atletismo, a cargo del propio <b>Don Sixto Laconich<\/b>, los atletas rojiblancos compitieron en Rosario (ganando la Copa \u201cAmistad\u201d en 1938) y en el Interprovincial \u201cAlmirante Brown\u201d de Santa Fe.<\/p>\n<p><img loading=\"lazy\" decoding=\"async\" class=\"size-medium wp-image-26880 aligncenter\" src=\"https:\/\/www.sportchaco.com.ar\/wp-content\/uploads\/2025\/10\/SILGUEIRO-JULIO-ARGENTINO-1999-Circulo-300x197.jpg\" alt=\"\" width=\"300\" height=\"197\" srcset=\"https:\/\/www.sportchaco.com.ar\/wp-content\/uploads\/2025\/10\/SILGUEIRO-JULIO-ARGENTINO-1999-Circulo-300x197.jpg 300w, https:\/\/www.sportchaco.com.ar\/wp-content\/uploads\/2025\/10\/SILGUEIRO-JULIO-ARGENTINO-1999-Circulo.jpg 600w\" sizes=\"auto, (max-width: 300px) 100vw, 300px\" \/><\/p>\n<p><strong>Julio Silgueiro, jugador de Regional en f\u00fatbol e Hind\u00fa en B\u00e1squet<\/strong><\/p>\n<h3>La Injusticia y la Reconstrucci\u00f3n<\/h3>\n<p>&nbsp;<\/p>\n<p>Los \u00e9xitos institucionales y deportivos de las d\u00e9cadas del \u201930 y \u201940 se vieron fatalmente truncados en <b>1951<\/b> con la llegada de la mayor adversidad. El Club fue desalojado del terreno que ocupaba en Las Heras y Castelli, en lo que se recuerda como una <b>gran injusticia pol\u00edtica<\/b>.<\/p>\n<p>El gobierno nacional expropi\u00f3 aquellas magn\u00edficas instalaciones para construir el Hogar Escuela (hoy UNNE), a pesar de contar con terrenos alternativos. La \u201corden\u201d fue demoler un complejo polideportivo casi \u00fanico, un golpe dur\u00edsimo para el esp\u00edritu regionalista.<\/p>\n<p>Pero el indeclinable esp\u00edritu de lucha de sus dirigentes y la devoci\u00f3n de sus deportistas impulsaron la <b>\u201creconstrucci\u00f3n\u201d<\/b>. Con grandes esfuerzos, se adquiri\u00f3 la <b>manzana n\u00famero 40 de Villa Libertad<\/b>, y all\u00ed comenz\u00f3 la obra de la segunda y definitiva cancha de f\u00fatbol. El domingo <b>25 de Septiembre de 1954<\/b>, Regional mostr\u00f3 con orgullo su nuevo estadio, empatando 1 a 1 con el poderoso Sarmiento. El \u00abExpreso\u00bb, a pesar de todo, volv\u00eda a resurgir.<\/p>\n<p><img loading=\"lazy\" decoding=\"async\" class=\"alignnone size-medium wp-image-26876\" src=\"https:\/\/www.sportchaco.com.ar\/wp-content\/uploads\/2025\/10\/Regional-1979-Fanti-Ramirez-Soto-y-Cuevas-chica-300x189.jpg\" alt=\"\" width=\"300\" height=\"189\" srcset=\"https:\/\/www.sportchaco.com.ar\/wp-content\/uploads\/2025\/10\/Regional-1979-Fanti-Ramirez-Soto-y-Cuevas-chica-300x189.jpg 300w, https:\/\/www.sportchaco.com.ar\/wp-content\/uploads\/2025\/10\/Regional-1979-Fanti-Ramirez-Soto-y-Cuevas-chica.jpg 600w\" sizes=\"auto, (max-width: 300px) 100vw, 300px\" \/><\/p>\n<p><strong>Directivos de Regional 1979 Fanti, Ramirez, Soto y Cuevas\u00a0<\/strong><\/p>\n<h3>El Orgullo Futbol\u00edstico<\/h3>\n<p>&nbsp;<\/p>\n<p>Regional obtuvo su primer t\u00edtulo de campe\u00f3n a solo cuatro a\u00f1os de su fundaci\u00f3n, el <b>31 de Octubre de 1937<\/b>, con una campa\u00f1a invicta en el Campeonato \u201cCiudad de Resistencia\u201d. Repiti\u00f3 la gloria en 1943 y 1946. En 1957, se qued\u00f3 a un paso del t\u00edtulo del Consejo Federal de AFA, que finalmente qued\u00f3 para Sarmiento tras un reclamo.<\/p>\n<p>La d\u00e9cada del <b>\u201990<\/b> marc\u00f3 una nueva era de preponderancia. El \u00abExpreso\u00bb logr\u00f3 la clasificaci\u00f3n al <b>Torneo del Interior<\/b> en 1990 tras una inolvidable final en tiempo suplementario, realizando una aceptable campa\u00f1a con gran convocatoria. La supremac\u00eda lleg\u00f3 en <b>1992<\/b>, cuando se qued\u00f3 con el Campeonato Oficial y el Selectivo. Y en <b>1993<\/b> repiti\u00f3 la haza\u00f1a, ganando el Oficial tras golear 5 a 1 a Villa Alvear.<\/p>\n<p><img loading=\"lazy\" decoding=\"async\" class=\"size-medium wp-image-26877 aligncenter\" src=\"https:\/\/www.sportchaco.com.ar\/wp-content\/uploads\/2025\/10\/Leon-Maidana-300x176.jpg\" alt=\"\" width=\"300\" height=\"176\" srcset=\"https:\/\/www.sportchaco.com.ar\/wp-content\/uploads\/2025\/10\/Leon-Maidana-300x176.jpg 300w, https:\/\/www.sportchaco.com.ar\/wp-content\/uploads\/2025\/10\/Leon-Maidana-768x451.jpg 768w, https:\/\/www.sportchaco.com.ar\/wp-content\/uploads\/2025\/10\/Leon-Maidana.jpg 814w\" sizes=\"auto, (max-width: 300px) 100vw, 300px\" \/><\/p>\n<p><strong>Archenti, Soto y Maidana, junto a otros directivos y jugadores<\/strong><\/p>\n<h3>El Alma del Club<\/h3>\n<p>&nbsp;<\/p>\n<p>La memoria de Regional est\u00e1 tatuada con nombres de valiosos dirigentes. <b>Sixto Laconich, Mariano De Luc\u00eda<\/b> y <b>Victorio Vecchi<\/b> (quien presidi\u00f3 la entidad por veinte a\u00f1os) son figuras ineludibles. Luego llegaron Oscar Soto, Pedro Villalba, Atilio Ram\u00f3n Fanti y muchos otros que, con gran sacrificio, mantuvieron vivo el orgullo regionalista.<\/p>\n<p>Hoy, al cumplir 79 a\u00f1os, el Club Atl\u00e9tico Regional es mucho m\u00e1s que sus t\u00edtulos: es el testigo de la historia deportiva chaque\u00f1a, un incansable peregrino que supo sobreponerse a la adversidad para seguir siendo el gran <b>\u00abExpreso\u00bb<\/b> de Villa Libertad.<\/p>\n<hr \/>\n<p><b>(En recuadro)<\/b><\/p>\n<p>&nbsp;<\/p>\n<p><img loading=\"lazy\" decoding=\"async\" class=\"alignnone size-medium wp-image-26882\" src=\"https:\/\/www.sportchaco.com.ar\/wp-content\/uploads\/2025\/10\/joselo-fernandez-300x212.jpg\" alt=\"\" width=\"300\" height=\"212\" srcset=\"https:\/\/www.sportchaco.com.ar\/wp-content\/uploads\/2025\/10\/joselo-fernandez-300x212.jpg 300w, https:\/\/www.sportchaco.com.ar\/wp-content\/uploads\/2025\/10\/joselo-fernandez.jpg 640w\" sizes=\"auto, (max-width: 300px) 100vw, 300px\" \/><\/p>\n<p><strong>Jos\u00e9lo Fern\u00e1ndez, un s\u00edmbolo de los \u00faltimos a\u00f1os. Regres\u00f3 como entrenador para devolverlo a primera divisi\u00f3n<\/strong><\/p>\n<p><b>Valiosos Dirigentes:<\/b><\/p>\n<p>Hay nombres que permanecer\u00e1n en la memoria del Club por haber obrado como grandes dirigentes. Nos referimos a Sixto Laconich, Mariano De Luc\u00eda y Victorio Vecchi quien por espacio de veinte a\u00f1os estuvo en la presidencia. Le siguieron Oscar Soto, Pedro Villalba, Oscar Valussi, Carlos G\u00f3mez, Rito G\u00f3mez, Manuel Rodr\u00edguez, Inocencio Carballo, Jos\u00e9 Ojeda y Atilio Ram\u00f3n Fanti. Este \u00faltimo, sustituy\u00f3 a Jos\u00e9 Ojeda hasta 1990, dando paso nuevamente a Oscar Soto, quien con mucho sacrificio y un reducido grupo de colaboradores, llev\u00f3 adelante los proyectos.<\/p>\n<p><img decoding=\"async\" src=\"https:\/\/www.radio6deenero.com\/article_images\/4102_1_1661039376.jpeg\" \/><\/p>\n<p><strong>Ultimo titulo conseguido por Regional en 2022<\/strong><\/p>\n<p>&nbsp;<\/p>\n<p style=\"font-weight: 400;\">Nombre y Apellido\u00a0\u00a0\u00a0\u00a0\u00a0\u00a0<strong>Sixto G. Laconich<\/strong><\/p>\n<p style=\"font-weight: 400;\">\u00c1mbito\u00a0\u00a0\u00a0\u00a0\u00a0\u00a0 Local<\/p>\n<p style=\"font-weight: 400;\">Biograf\u00eda<\/p>\n<p style=\"font-weight: 400;\">Lleg\u00f3 a Resistencia como Gerente de la F\u00e1brica \u201cComero y C\u00eda.\u201d instalada sobre la Avenida Las Heras al 700. Un hombre diligente y din\u00e1mico adelantado a su tiempo. Un industrial visionario, con extraordinaria sensibilidad social. Fue un planificador y creativo realizador.<\/p>\n<p style=\"font-weight: 400;\">Frente a los talleres de esta f\u00e1brica hizo realidad su idea de llevar a cabo la construcci\u00f3n de instalaciones para un\u00a0Club\u00a0Socio \u2013 Deportivo, ven\u00eda de lo m\u00e1s profundo de sus ideales y de sus sentimientos. Sab\u00eda, estaba convencido, de que el deporte era veh\u00edculo id\u00f3neo, para complementar la educaci\u00f3n del ni\u00f1o y del joven, como tambi\u00e9n \u00fatil y solaz esparcimiento de la familia del obrero.<\/p>\n<p style=\"font-weight: 400;\">Fund\u00f3 el\u00a0Club\u00a0Atl\u00e9tico\u00a0Regional\u00a0el 12 de octubre de 1933, para el personal de la f\u00e1brica, que luego fue para toda la poblaci\u00f3n de Resistencia. Don Sixto G. Laconich trajo a Resistencia el m\u00e1s claro sentido del orden, de respeto, de responsabilidad compartida, que\u00a0club\u00a0alguno haya podido brindar a sus socios y a las familias de estos.<\/p>\n<p style=\"font-weight: 400;\">El\u00a0Regional\u00a0fue modelo de organizaci\u00f3n, dio cabida al atletismo, como una de sus principales actividades educativas y formativas. Don Sixto educaba a sus atletas y a quienes no lo fueran, con sus normas expuestas y a trav\u00e9s de sus reglamentaciones sociales, con su palabra justa y oportuna, no obsesiva y con su ejemplo de templanza y de calidad humana.<\/p>\n<p style=\"font-weight: 400;\">Sus dirigentes y sus dirigidos, fueron productos de sus ideas formativas y de sus actuaciones permanentemente educativas. El juego limpio fue su gu\u00eda. La insignia del\u00a0Club, un tri\u00e1ngulo equil\u00e1tero, representando el alma, el cuerpo y la mente del hombre, en igualdad de oportunidades de desarrollo, su meta. La ni\u00f1ez y la juventud, la familia, el objetivo de su actividad multifac\u00e9tica.<\/p>\n<p style=\"font-weight: 400;\">Los j\u00f3venes de esa \u00e9poca fueron realmente privilegiados, que al practicar b\u00e1squetbol o a las primeras participaciones en atletismo, hayan recibido en tan digno escenario de la vida deportiva de Resistencia, el concepto superior de lo que era la competencia deportiva, de lo que representaban los compa\u00f1eros de equipo, del respeto a los adversarios, del cuidado de las cosas comunes, etc. Era el\u00a0Club\u00a0Regional, un aula viva de la vida teniendo al deporte como medio de formaci\u00f3n.<\/p>\n<p style=\"font-weight: 400;\">El\u00a0Club\u00a0Regional\u00a0fue el primero en tener la cancha de b\u00e1squet con tribunas de cemento.<\/p>\n<p style=\"font-weight: 400;\">El Sr. Sixto G. Laconich se radic\u00f3 nuevamente en Buenos Aires donde complet\u00f3 su vida larga y fecunda.<\/p>\n<p style=\"font-weight: 400;\">Por Ordenanza N\u00ba2610 del 16 de noviembre de 1994, el Concejo Municipal de la ciudad de Resistencia, Chaco, impuso el nombre de Sixto G. Laconich a una calle paralela a la Avenida Malvinas Argentinas en el Barrio Jard\u00edn Barber\u00e1n.<\/p>\n<p style=\"font-weight: 400;\">Fuente: -Hombres y Mujeres que Hicieron Chaco- de Lidia Polich de Calvo.<\/p>\n","protected":false},"excerpt":{"rendered":"<p>&nbsp; Foto portada: Actual tribuna de Cemento en Villa Libertad. &nbsp; Por Rodolfo \u201cPocholo\u201d Mancuello &nbsp; La historia del Club Atl\u00e9tico Regional es una \u00e9pica de perseverancia y arraigo. La entidad, que hoy celebra 92 a\u00f1os de trayectoria, naci\u00f3 en el coraz\u00f3n de la incipiente Villa del Carmen de Resistencia. Aquel primer Libro de Actas, &hellip;<\/p>\n","protected":false},"author":2,"featured_media":26878,"comment_status":"open","ping_status":"open","sticky":false,"template":"","format":"standard","meta":{"footnotes":""},"categories":[1,78],"tags":[],"class_list":["post-26861","post","type-post","status-publish","format-standard","has-post-thumbnail","hentry","category-fotos-del-recuerdo","category-historias"],"_links":{"self":[{"href":"https:\/\/www.sportchaco.com.ar\/index.php?rest_route=\/wp\/v2\/posts\/26861","targetHints":{"allow":["GET"]}}],"collection":[{"href":"https:\/\/www.sportchaco.com.ar\/index.php?rest_route=\/wp\/v2\/posts"}],"about":[{"href":"https:\/\/www.sportchaco.com.ar\/index.php?rest_route=\/wp\/v2\/types\/post"}],"author":[{"embeddable":true,"href":"https:\/\/www.sportchaco.com.ar\/index.php?rest_route=\/wp\/v2\/users\/2"}],"replies":[{"embeddable":true,"href":"https:\/\/www.sportchaco.com.ar\/index.php?rest_route=%2Fwp%2Fv2%2Fcomments&post=26861"}],"version-history":[{"count":3,"href":"https:\/\/www.sportchaco.com.ar\/index.php?rest_route=\/wp\/v2\/posts\/26861\/revisions"}],"predecessor-version":[{"id":26909,"href":"https:\/\/www.sportchaco.com.ar\/index.php?rest_route=\/wp\/v2\/posts\/26861\/revisions\/26909"}],"wp:featuredmedia":[{"embeddable":true,"href":"https:\/\/www.sportchaco.com.ar\/index.php?rest_route=\/wp\/v2\/media\/26878"}],"wp:attachment":[{"href":"https:\/\/www.sportchaco.com.ar\/index.php?rest_route=%2Fwp%2Fv2%2Fmedia&parent=26861"}],"wp:term":[{"taxonomy":"category","embeddable":true,"href":"https:\/\/www.sportchaco.com.ar\/index.php?rest_route=%2Fwp%2Fv2%2Fcategories&post=26861"},{"taxonomy":"post_tag","embeddable":true,"href":"https:\/\/www.sportchaco.com.ar\/index.php?rest_route=%2Fwp%2Fv2%2Ftags&post=26861"}],"curies":[{"name":"wp","href":"https:\/\/api.w.org\/{rel}","templated":true}]}}