{"id":26910,"date":"2025-10-12T23:32:02","date_gmt":"2025-10-13T02:32:02","guid":{"rendered":"https:\/\/www.sportchaco.com.ar\/?p=26910"},"modified":"2025-10-12T23:33:07","modified_gmt":"2025-10-13T02:33:07","slug":"efemerides-del-13-de-octubre-2","status":"publish","type":"post","link":"https:\/\/www.sportchaco.com.ar\/?p=26910","title":{"rendered":"Efem\u00e9rides del 13 de octubre"},"content":{"rendered":"<div class=\"container fullwidth-entry-title-wrapper\">\n<div class=\"container-wrapper fullwidth-entry-title\">\n<header class=\"entry-header-outer\">\n<div class=\"entry-header\">\n<h5 class=\"post-title entry-title\">\u00a0PORTADA: FOTO AER\u00c9 DE LA D\u00c9CADA DEL 60 DE LA PLAZA 25 DE MAYO<\/h5>\n<div class=\"single-post-meta post-meta clearfix\"><\/div>\n<\/div>\n<\/header>\n<\/div>\n<\/div>\n<div id=\"content\" class=\"site-content container\">\n<div id=\"main-content-row\" class=\"tie-row main-content-row\">\n<div class=\"main-content tie-col-md-8 tie-col-xs-12\" role=\"main\">\n<article id=\"the-post\" class=\"container-wrapper post-content tie-standard\">\n<div class=\"featured-area\">\n<div class=\"featured-area-inner\"><\/div>\n<\/div>\n<div class=\"entry-content entry clearfix\">\n<p><strong>Esta es la Efem\u00e9rides del Deporte en el Chaco de un 13 de octubre del periodista Luis Dar\u00edo Molodezky.<\/strong><\/p>\n<p><img loading=\"lazy\" decoding=\"async\" class=\"alignnone size-medium wp-image-26798 aligncenter\" src=\"https:\/\/www.sportchaco.com.ar\/wp-content\/uploads\/2025\/10\/Luis-dario-carita-1-300x237.jpeg\" alt=\"\" width=\"300\" height=\"237\" srcset=\"https:\/\/www.sportchaco.com.ar\/wp-content\/uploads\/2025\/10\/Luis-dario-carita-1-300x237.jpeg 300w, https:\/\/www.sportchaco.com.ar\/wp-content\/uploads\/2025\/10\/Luis-dario-carita-1-768x606.jpeg 768w, https:\/\/www.sportchaco.com.ar\/wp-content\/uploads\/2025\/10\/Luis-dario-carita-1.jpeg 809w\" sizes=\"auto, (max-width: 300px) 100vw, 300px\" \/><\/p>\n<p><strong>1922\u00a0<\/strong>\/ La Liga Chaque\u00f1a de F\u00fatbol env\u00eda su combinado a Buenos Aires. Jugaron en cancha de San Lorenzo, donde venci\u00f3 a Tucum\u00e1n por 2 a 1. En River empat\u00f3 con Provincia de Buenos Aires 1 a 1.<\/p>\n<p><strong>1933\u00a0<\/strong>\/ Se disputa la primera competencia de ciclismo que es organizada por el Club Octavio Bottecchia. Se trata de la \u201cVuelta de Italia\u201d sobre 120 vueltas alrededor de la Plaza 25 de Mayo (cuatro manzanas) y fue ganada por Luis Fabre.<\/p>\n<p><strong>1998\u00a0<\/strong>\/ Juan Antonio Gil establece el r\u00e9cord provincial de menores en lanzamiento de jabalina, durante las Competencias Deportivas Intercolegiales disputadas en Mar del Plata. Gil tiene 15 a\u00f1os y es oriundo de Taco Pozo.<\/p>\n<\/div>\n<\/article>\n<\/div>\n<\/div>\n<\/div>\n","protected":false},"excerpt":{"rendered":"<p>\u00a0PORTADA: FOTO AER\u00c9 DE LA D\u00c9CADA DEL 60 DE LA PLAZA 25 DE MAYO Esta es la Efem\u00e9rides del Deporte en el Chaco de un 13 de octubre del periodista Luis Dar\u00edo Molodezky. 1922\u00a0\/ La Liga Chaque\u00f1a de F\u00fatbol env\u00eda su combinado a Buenos Aires. Jugaron en cancha de San Lorenzo, donde venci\u00f3 a Tucum\u00e1n &hellip;<\/p>\n","protected":false},"author":2,"featured_media":26911,"comment_status":"open","ping_status":"open","sticky":false,"template":"","format":"standard","meta":{"footnotes":""},"categories":[45,40],"tags":[],"class_list":["post-26910","post","type-post","status-publish","format-standard","has-post-thumbnail","hentry","category-efemerides-dia-por-dia","category-octubre"],"_links":{"self":[{"href":"https:\/\/www.sportchaco.com.ar\/index.php?rest_route=\/wp\/v2\/posts\/26910","targetHints":{"allow":["GET"]}}],"collection":[{"href":"https:\/\/www.sportchaco.com.ar\/index.php?rest_route=\/wp\/v2\/posts"}],"about":[{"href":"https:\/\/www.sportchaco.com.ar\/index.php?rest_route=\/wp\/v2\/types\/post"}],"author":[{"embeddable":true,"href":"https:\/\/www.sportchaco.com.ar\/index.php?rest_route=\/wp\/v2\/users\/2"}],"replies":[{"embeddable":true,"href":"https:\/\/www.sportchaco.com.ar\/index.php?rest_route=%2Fwp%2Fv2%2Fcomments&post=26910"}],"version-history":[{"count":2,"href":"https:\/\/www.sportchaco.com.ar\/index.php?rest_route=\/wp\/v2\/posts\/26910\/revisions"}],"predecessor-version":[{"id":26940,"href":"https:\/\/www.sportchaco.com.ar\/index.php?rest_route=\/wp\/v2\/posts\/26910\/revisions\/26940"}],"wp:featuredmedia":[{"embeddable":true,"href":"https:\/\/www.sportchaco.com.ar\/index.php?rest_route=\/wp\/v2\/media\/26911"}],"wp:attachment":[{"href":"https:\/\/www.sportchaco.com.ar\/index.php?rest_route=%2Fwp%2Fv2%2Fmedia&parent=26910"}],"wp:term":[{"taxonomy":"category","embeddable":true,"href":"https:\/\/www.sportchaco.com.ar\/index.php?rest_route=%2Fwp%2Fv2%2Fcategories&post=26910"},{"taxonomy":"post_tag","embeddable":true,"href":"https:\/\/www.sportchaco.com.ar\/index.php?rest_route=%2Fwp%2Fv2%2Ftags&post=26910"}],"curies":[{"name":"wp","href":"https:\/\/api.w.org\/{rel}","templated":true}]}}