{"id":2692,"date":"2023-11-09T22:58:01","date_gmt":"2023-11-10T01:58:01","guid":{"rendered":"https:\/\/www.sportchaco.com.ar\/?p=2692"},"modified":"2023-11-09T22:58:01","modified_gmt":"2023-11-10T01:58:01","slug":"pezzella-se-lesiono-y-palacios-tiene-problemas-en-la-rodilla","status":"publish","type":"post","link":"https:\/\/www.sportchaco.com.ar\/?p=2692","title":{"rendered":"Pezzella se lesion\u00f3 y Palacios tiene problemas en la rodilla"},"content":{"rendered":"<h1><\/h1>\n<p class=\"description\">La jornada de Europa League le dej\u00f3 dos malas noticias a Lionel Scaloni: Germ\u00e1n no pudo terminar su partido y Exequiel ni siquiera fue convocado por \u00abUna medida de precauci\u00f3n\u00bb.<\/p>\n<div class=\"article-info\">\n<div class=\"article-info-left\">\n<div class=\"article-autor-info\">\n<div class=\"article-autor-name\"><time datetime=\"2023-11-09T21:50:26-03:00\">09\/11\/2023 09:50 pm<\/time><\/div>\n<\/div>\n<\/div>\n<\/div>\n<figure class=\"rat16x9\"><img decoding=\"async\" title=\"Pezzella y Palacios\" src=\"https:\/\/media.tycsports.com\/files\/2023\/11\/09\/644209\/pezzella-y-palacios_416x234.webp\" srcset=\"https:\/\/media.tycsports.com\/files\/2023\/11\/09\/644209\/pezzella-y-palacios_416x234.webp 480w ,https:\/\/media.tycsports.com\/files\/2023\/11\/09\/644209\/pezzella-y-palacios_862x485.webp 1080w \" alt=\"Pezzella y Palacios\" \/><\/figure>\n<p class=\"capital\">Se acerca una nueva doble fecha de\u00a0Eliminatorias Sudamericanas\u00a0y\u00a0Lionel Scaloni\u00a0recibi\u00f3 dos malas noticias provenientes de Europa:\u00a0Germ\u00e1n Pezzella\u00a0y\u00a0Exequiel Palacios\u00a0se encuentran con molestias f\u00edsicas.\u00a0<u>\u00bfQu\u00e9 pas\u00f3?<\/u><\/p>\n<div class=\"watchto-wrap\">\n<div class=\"watchto\">\n<div class=\"watchto-text\"><\/div>\n<div class=\"watchto-btn-view\"><\/div>\n<\/div>\n<\/div>\n<p>En primer lugar, Xabi Alonso -entrenador de Bayer Leverkusen- decidi\u00f3 no convocar al mediocampista surgido de River para el partido correspondiente a la\u00a0<a href=\"https:\/\/www.tycsports.com\/europa-league\/partidos-de-hoy-jueves-por-la-europa-league-quienes-juegan-hora-y-donde-ver-en-vivo-id543210.html\" target=\"_blank\" rel=\"noopener\">Europa League<\/a>\u00a0ante Qarabag. La decisi\u00f3n fue tomada como<i>\u00a0\u00abUna medida de precauci\u00f3n por problemas de rodilla\u00bb<\/i>, seg\u00fan comunic\u00f3 el club alem\u00e1n.<\/p>\n<p>Palacios se habr\u00eda golpeado en uno de los entrenamientos\u00a0previos al compromiso\u00a0y se supone que\u00a0no es grave. De hecho,\u00a0reaparecer\u00eda este finde\u00a0-partido de la Bundesliga que lidera el propio Leverkusen- y\u00a0luego se sumar\u00eda a la Selecci\u00f3n Argentina.<\/p>\n<figure class=\"w-100\"><img decoding=\"async\" title=\"Scaloni\" src=\"https:\/\/media.tycsports.com\/files\/2023\/11\/09\/644210\/scaloni_w416.webp\" srcset=\"https:\/\/media.tycsports.com\/files\/2023\/11\/09\/644210\/scaloni_w416.webp 480w, https:\/\/media.tycsports.com\/files\/2023\/11\/09\/644210\/scaloni_w862.webp 1080w\" alt=\"Scaloni\" data-src=\"https:\/\/media.tycsports.com\/files\/2023\/11\/09\/644210\/scaloni_w416.webp\" data-srcset=\"https:\/\/media.tycsports.com\/files\/2023\/11\/09\/644210\/scaloni_w416.webp 480w, https:\/\/media.tycsports.com\/files\/2023\/11\/09\/644210\/scaloni_w862.webp 1080w\" \/><\/figure>\n<p>En segundo lugar,\u00a0<b>Pezzella sali\u00f3 lesionado<\/b>\u00a0-a los 38 minutos del segundo tiempo- del encuentro entre Real Betis y Aris Limassol (tambi\u00e9n de Europa League). Si bien\u00a0<b>el club no comunic\u00f3 ning\u00fan diagn\u00f3stico<\/b>\u00a0sobre la situaci\u00f3n del defensor, el entrenador Manuel Pellegrini devel\u00f3 que \u00ab<i><b>ya hab\u00eda tenido algunas molestias durante la semana\u00bb<\/b><\/i>.<\/p>\n<p>Cabe aclarar que el hombre de 32 a\u00f1os\u00a0<b>se retir\u00f3 de la cancha caminando sin asistencia<\/b>. Incluso,\u00a0<u>desde su cuenta de Instagram dio buenas se\u00f1ales<\/u>:\u00a0<i><b>\u00abTres puntos importantes en casa. Todo bien, preparado para lo que viene\u00bb<\/b><\/i>. El domingo, Betis disputar\u00e1 el cl\u00e1sico vs. Sevilla&#8230;<\/p>\n<figure class=\"w-100\"><img decoding=\"async\" title=\"Pezzella\" src=\"https:\/\/media.tycsports.com\/files\/2023\/11\/09\/644216\/pezzella_w416.webp\" srcset=\"https:\/\/media.tycsports.com\/files\/2023\/11\/09\/644216\/pezzella_w416.webp 480w, https:\/\/media.tycsports.com\/files\/2023\/11\/09\/644216\/pezzella_w862.webp 1080w\" alt=\"Pezzella\" data-src=\"https:\/\/media.tycsports.com\/files\/2023\/11\/09\/644216\/pezzella_w416.webp\" data-srcset=\"https:\/\/media.tycsports.com\/files\/2023\/11\/09\/644216\/pezzella_w416.webp 480w, https:\/\/media.tycsports.com\/files\/2023\/11\/09\/644216\/pezzella_w862.webp 1080w\" \/><\/figure>\n<p>Foto de Germ\u00e1n Pezella.<\/p>\n<p>Fuente TyC Sports<\/p>\n","protected":false},"excerpt":{"rendered":"<p>La jornada de Europa League le dej\u00f3 dos malas noticias a Lionel Scaloni: Germ\u00e1n no pudo terminar su partido y Exequiel ni siquiera fue convocado por \u00abUna medida de precauci\u00f3n\u00bb. 09\/11\/2023 09:50 pm Se acerca una nueva doble fecha de\u00a0Eliminatorias Sudamericanas\u00a0y\u00a0Lionel Scaloni\u00a0recibi\u00f3 dos malas noticias provenientes de Europa:\u00a0Germ\u00e1n Pezzella\u00a0y\u00a0Exequiel Palacios\u00a0se encuentran con molestias f\u00edsicas.\u00a0\u00bfQu\u00e9 pas\u00f3? &hellip;<\/p>\n","protected":false},"author":2,"featured_media":2693,"comment_status":"open","ping_status":"open","sticky":false,"template":"","format":"standard","meta":{"footnotes":""},"categories":[6],"tags":[],"class_list":["post-2692","post","type-post","status-publish","format-standard","has-post-thumbnail","hentry","category-internacionales"],"_links":{"self":[{"href":"https:\/\/www.sportchaco.com.ar\/index.php?rest_route=\/wp\/v2\/posts\/2692","targetHints":{"allow":["GET"]}}],"collection":[{"href":"https:\/\/www.sportchaco.com.ar\/index.php?rest_route=\/wp\/v2\/posts"}],"about":[{"href":"https:\/\/www.sportchaco.com.ar\/index.php?rest_route=\/wp\/v2\/types\/post"}],"author":[{"embeddable":true,"href":"https:\/\/www.sportchaco.com.ar\/index.php?rest_route=\/wp\/v2\/users\/2"}],"replies":[{"embeddable":true,"href":"https:\/\/www.sportchaco.com.ar\/index.php?rest_route=%2Fwp%2Fv2%2Fcomments&post=2692"}],"version-history":[{"count":1,"href":"https:\/\/www.sportchaco.com.ar\/index.php?rest_route=\/wp\/v2\/posts\/2692\/revisions"}],"predecessor-version":[{"id":2694,"href":"https:\/\/www.sportchaco.com.ar\/index.php?rest_route=\/wp\/v2\/posts\/2692\/revisions\/2694"}],"wp:featuredmedia":[{"embeddable":true,"href":"https:\/\/www.sportchaco.com.ar\/index.php?rest_route=\/wp\/v2\/media\/2693"}],"wp:attachment":[{"href":"https:\/\/www.sportchaco.com.ar\/index.php?rest_route=%2Fwp%2Fv2%2Fmedia&parent=2692"}],"wp:term":[{"taxonomy":"category","embeddable":true,"href":"https:\/\/www.sportchaco.com.ar\/index.php?rest_route=%2Fwp%2Fv2%2Fcategories&post=2692"},{"taxonomy":"post_tag","embeddable":true,"href":"https:\/\/www.sportchaco.com.ar\/index.php?rest_route=%2Fwp%2Fv2%2Ftags&post=2692"}],"curies":[{"name":"wp","href":"https:\/\/api.w.org\/{rel}","templated":true}]}}