{"id":27008,"date":"2025-10-14T11:32:35","date_gmt":"2025-10-14T14:32:35","guid":{"rendered":"https:\/\/www.sportchaco.com.ar\/?p=27008"},"modified":"2025-10-14T12:16:58","modified_gmt":"2025-10-14T15:16:58","slug":"el-ensayo-de-villa-para-empezar-a-sacar-conclusiones","status":"publish","type":"post","link":"https:\/\/www.sportchaco.com.ar\/?p=27008","title":{"rendered":"El ensayo de Villa para empezar a sacar conclusiones"},"content":{"rendered":"<p class=\"story-title entry-title\"><strong>14-10-2025<\/strong><\/p>\n<p><img loading=\"lazy\" decoding=\"async\" class=\"aligncenter size-large wp-image-20099\" src=\"https:\/\/www.sportchaco.com.ar\/wp-content\/uploads\/2025\/06\/728x90-1024x127.gif\" alt=\"\" width=\"1024\" height=\"127\" srcset=\"https:\/\/www.sportchaco.com.ar\/wp-content\/uploads\/2025\/06\/728x90-1024x127.gif 1024w, https:\/\/www.sportchaco.com.ar\/wp-content\/uploads\/2025\/06\/728x90-300x37.gif 300w, https:\/\/www.sportchaco.com.ar\/wp-content\/uploads\/2025\/06\/728x90-768x95.gif 768w, https:\/\/www.sportchaco.com.ar\/wp-content\/uploads\/2025\/06\/728x90-1536x190.gif 1536w, https:\/\/www.sportchaco.com.ar\/wp-content\/uploads\/2025\/06\/728x90-2048x254.gif 2048w\" sizes=\"auto, (max-width: 1024px) 100vw, 1024px\" \/><\/p>\n<p>Por momentos mucha intensidad y efectividad en el equipo, individualidades que prometen ser fundamentales en el andar durante la temporada y muy buena conexi\u00f3n entre cuerpo t\u00e9cnico y jugadores; fueron algunas de las postales que dej\u00f3 en primer amistoso de pretemporada del \u201cTricolor\u201d.<\/p>\n<p><strong>ENSAYO I<\/strong><br \/>\nEn los primeros minutos Villa San Mart\u00edn se present\u00f3 mucho m\u00e1s activo, d\u00f3nde Maximiliano Mart\u00edn y su per\u00edmetro marcaron r\u00e1pidamente una ventaja de 16-10, ante un Regatas que encontr\u00f3 en individualidades de Carlos Banegas y Maximiliano Barrios como los m\u00e1s relevantes. Los minutos fueron pasando y los locales cada vez fueron jugando mejor, donde el per\u00edmetro sigui\u00f3 siendo su principal aliado y junto a intensidad en la zona pintada de Eli\u00e1n Centeno permitieron cerrar el primer cuarto con ventaja de 30 a 16.<\/p>\n<div id=\"right-content\" class=\"relative\">\n<div id=\"content-area\" class=\"left relative\">\n<div class=\"relative\"><img decoding=\"async\" class=\" lazyloaded\" src=\"https:\/\/baskettotal.com.ar\/wp-content\/uploads\/2025\/10\/FOTO-PRINCIPAL-1000x600.jpg\" data-src=\"https:\/\/baskettotal.com.ar\/wp-content\/uploads\/2025\/10\/FOTO-PRINCIPAL-1000x600.jpg\" \/><\/div>\n<div id=\"tps_slideContainer_28838\" class=\"theiaPostSlider_slides\">\n<p>En el segundo cuarto Villa San Mart\u00edn sigui\u00f3 estando muy activo en ataque, donde Lautaro Florito encabez\u00f3 los ataques y eso por momentos dio resultados (42-25), ante un Regatas que cont\u00f3 con corajeadas de Fernando Margosa para estar en juego. El cuarto se fue cerrando, a pesar de que Regatas tuvo reacciones con Fernando Margosa para seguir siempre en partido; al descanso largo con ventaja \u201cTricolor\u201d de 50 a 31.<\/p>\n<p>En el tercer y cuarto periodo todo estuvo definido, a pesar de que ambos equipos no perdieron la intensidad y eso mantuvo entretenidas las acciones. Tercer cuarto 69 a 37. Y ya en el \u00faltimo cuarto ambos equipos se dedicaron a mover sus piezas, donde Villa San Mart\u00edn se encuentra en plena pretemporada y Regatas en definici\u00f3n de grupos del Pre \u2013 Federal. El resultado final fue de 93 a 55.<\/p>\n<figure class=\"wp-block-image size-large\"><a href=\"https:\/\/baskettotal.com.ar\/wp-content\/uploads\/2025\/10\/VSM-3.jpg\"><img loading=\"lazy\" decoding=\"async\" class=\"lazy wp-image-28840 lazy-loaded\" src=\"https:\/\/baskettotal.com.ar\/wp-content\/uploads\/2025\/10\/VSM-3-1024x682.jpg\" sizes=\"auto, (max-width: 1024px) 100vw, 1024px\" srcset=\"https:\/\/baskettotal.com.ar\/wp-content\/uploads\/2025\/10\/VSM-3-1024x682.jpg 1024w, https:\/\/baskettotal.com.ar\/wp-content\/uploads\/2025\/10\/VSM-3-300x200.jpg 300w, https:\/\/baskettotal.com.ar\/wp-content\/uploads\/2025\/10\/VSM-3-768x512.jpg 768w, https:\/\/baskettotal.com.ar\/wp-content\/uploads\/2025\/10\/VSM-3.jpg 1040w\" alt=\"\" width=\"1024\" height=\"682\" data-lazy-type=\"image\" data-lazy-src=\"https:\/\/baskettotal.com.ar\/wp-content\/uploads\/2025\/10\/VSM-3-1024x682.jpg\" data-lazy-srcset=\"https:\/\/baskettotal.com.ar\/wp-content\/uploads\/2025\/10\/VSM-3-1024x682.jpg 1024w, https:\/\/baskettotal.com.ar\/wp-content\/uploads\/2025\/10\/VSM-3-300x200.jpg 300w, https:\/\/baskettotal.com.ar\/wp-content\/uploads\/2025\/10\/VSM-3-768x512.jpg 768w, https:\/\/baskettotal.com.ar\/wp-content\/uploads\/2025\/10\/VSM-3.jpg 1040w\" data-lazy-sizes=\"(max-width: 1024px) 100vw, 1024px\" \/><\/a><\/figure>\n<p><strong>S\u00cdNTESIS<\/strong><br \/>\n<strong>VILLA SAN MART\u00cdN (93):<\/strong> Facundo Gago 3, Santiago Rath 7, Maximiliano Mart\u00edn 19, Emir P\u00e9rez Barrios 9, St\u00e9fano Simondi 18, Favio Vieta 8, Agust\u00edn Camisasca 2, Lautaro Florito11, Gael Carrasco 0, Maximiliano Bottaro 2, Eli\u00e1n Centeno 14. <strong>ENTRENADOR:<\/strong> Eduardo J\u00e1pez.<br \/>\n<strong>REGATAS (55):<\/strong> Bruno Galassi 9, Fernando Margosa 17, Carlos Banegas 15, Fabricio Djurdjevic 2, Alexis Garc\u00eda 1, Maximiliano Barrios 5, Federico Hoferek 0, Lautaro De B\u00f3rtoli 0, Eliseo Llano 0,Braian Maglier 4, Uriel Colussi 2. <strong>ENTRENADOR: <\/strong>Juan Cruz Carrasco.<\/p>\n<figure class=\"wp-block-image size-large\"><a href=\"https:\/\/baskettotal.com.ar\/wp-content\/uploads\/2025\/10\/CRR-1.jpg\"><img loading=\"lazy\" decoding=\"async\" class=\"lazy wp-image-28839 lazy-loaded\" src=\"https:\/\/baskettotal.com.ar\/wp-content\/uploads\/2025\/10\/CRR-1-1024x682.jpg\" sizes=\"auto, (max-width: 1024px) 100vw, 1024px\" srcset=\"https:\/\/baskettotal.com.ar\/wp-content\/uploads\/2025\/10\/CRR-1-1024x682.jpg 1024w, https:\/\/baskettotal.com.ar\/wp-content\/uploads\/2025\/10\/CRR-1-300x200.jpg 300w, https:\/\/baskettotal.com.ar\/wp-content\/uploads\/2025\/10\/CRR-1-768x512.jpg 768w, https:\/\/baskettotal.com.ar\/wp-content\/uploads\/2025\/10\/CRR-1.jpg 1040w\" alt=\"\" width=\"1024\" height=\"682\" data-lazy-type=\"image\" data-lazy-src=\"https:\/\/baskettotal.com.ar\/wp-content\/uploads\/2025\/10\/CRR-1-1024x682.jpg\" data-lazy-srcset=\"https:\/\/baskettotal.com.ar\/wp-content\/uploads\/2025\/10\/CRR-1-1024x682.jpg 1024w, https:\/\/baskettotal.com.ar\/wp-content\/uploads\/2025\/10\/CRR-1-300x200.jpg 300w, https:\/\/baskettotal.com.ar\/wp-content\/uploads\/2025\/10\/CRR-1-768x512.jpg 768w, https:\/\/baskettotal.com.ar\/wp-content\/uploads\/2025\/10\/CRR-1.jpg 1040w\" data-lazy-sizes=\"(max-width: 1024px) 100vw, 1024px\" \/><\/a><\/figure>\n<p><strong>\u00c1RBITROS:<\/strong> Gustavo Ch\u00e1vez y \u00a0Diego Acu\u00f1a.<br \/>\n<strong>COMISIONADA T\u00c9CNICA:<\/strong> Daniela Kessler.<br \/>\n<strong>ESTADIO:<\/strong> Villa San Mart\u00edn (Resistencia, Chaco).<\/p>\n<p>&nbsp;<\/p>\n<\/div>\n<header>\n<h1>Japez conforme con el primer amistoso<\/h1>\n<div>\n<p>El Tricolor venci\u00f3 con autoridad aRegatas Resistencia\u00a0por93 a 5<strong>5<\/strong> en su primer amistoso de pretemporada. El DT Eduardo \u00abChiche\u00bb Japez destac\u00f3 el progreso del equipo, aunque remarc\u00f3 que \u00abhay que ajustar detalles defensivos\u00bb.<\/p>\n<\/div>\n<\/header>\n<section class=\"body\">\n<section class=\"content\">\n<div class=\"main-text\">\n<p>Villa San Mart\u00edn contin\u00faa afianzando su preparaci\u00f3n para La Liga Argentina de B\u00e1squet 2025-2026 y tuvo un arranque alentador en su primer amistoso. En el estadio de Saavedra 135, el equipo dirigido por Eduardo \u00abChiche\u00bb Japez se impuso con amplitud por 93 a 55, mostrando pasajes de juego fluido, buena efectividad perimetral y una s\u00f3lida rotaci\u00f3n.<\/p>\n<div class=\"316723-images-embed gallery slick-initialized slick-slider\" data-role=\"m_gallery\">\n<div class=\"slick-list draggable\">\n<div class=\"slick-track\">\n<div class=\"image slick-slide\" tabindex=\"-1\" data-slick-index=\"2\" aria-hidden=\"true\"><img decoding=\"async\" src=\"https:\/\/scontent.fcnq2-2.fna.fbcdn.net\/v\/t39.30808-6\/561763510_122108301777022572_4698291629105798434_n.jpg?_nc_cat=109&amp;ccb=1-7&amp;_nc_sid=127cfc&amp;_nc_ohc=NxF8iwYHfBYQ7kNvwGGCRz3&amp;_nc_oc=AdnLTtdDsixpSjPNqTu7B0BhOvi8XIPuUkWVSi6BmAng3EbbpMcopP9DS-hcVDB4wkg&amp;_nc_zt=23&amp;_nc_ht=scontent.fcnq2-2.fna&amp;_nc_gid=q5jRcQ05kS_mW1dtzJRMcQ&amp;oh=00_Afdocbf9sE821uhnjmYbhx2psViS-29ct7uZ8y9HLLWkbA&amp;oe=68F43F23\" alt=\"Puede ser una imagen de b\u00e1squet y texto\" \/><\/div>\n<div class=\"image slick-slide\" tabindex=\"-1\" data-slick-index=\"3\" aria-hidden=\"true\"><\/div>\n<\/div>\n<\/div>\n<\/div>\n<p>\u00abPor momentos la pelota no fluy\u00f3 como quer\u00edamos y tuvimos p\u00e9rdidas, pero en l\u00edneas generales qued\u00e9 contento. Hubo buenos porcentajes en tiros de tres puntos y el equipo supo encontrar ventajas en ataque\u00bb, analiz\u00f3 Japez en di\u00e1logo con NORTE al t\u00e9rmino del encuentro.<\/p>\n<p>El entrenador reconoci\u00f3 que a\u00fan deben corregir algunos aspectos en defensa. \u00abMe inquieta cuando perdemos el uno contra uno o nos ganan el rebote defensivo. Pero son cosas ajustables\u00bb<strong>,<\/strong> se\u00f1al\u00f3.<\/p>\n<p>El DT tambi\u00e9n coment\u00f3 que la baja de R\u00f3mulo Gusmao \u2014pieza clave en la estructura del equipo\u2014 oblig\u00f3 a reacomodar roles: \u00abEs un p\u00edvot dominante. Ahora Eli\u00e1n Centeno est\u00e1 alternando entre las posiciones de cinco y cuatro, as\u00ed que se nos acort\u00f3 un poco la rotaci\u00f3n interior\u00bb. El brasilero atraviesa un esguince severo en su tobillo y desde hace tres semanas no entrena a la par de sus compa\u00f1eros, pr\u00e1cticamente desde el inicio mismo de la preparaci\u00f3n.<\/p>\n<p><img decoding=\"async\" src=\"https:\/\/scontent.fcnq2-2.fna.fbcdn.net\/v\/t39.30808-6\/559679577_122108301687022572_8967957612613256394_n.jpg?_nc_cat=103&amp;ccb=1-7&amp;_nc_sid=127cfc&amp;_nc_ohc=FD4dpN4XtccQ7kNvwG0eAOt&amp;_nc_oc=AdnY7OX75C2Nl_nYN3C3PV0DK0SHCamOH7vp8f146bFQuguQppChwp5R2TEuXoC_eJI&amp;_nc_zt=23&amp;_nc_ht=scontent.fcnq2-2.fna&amp;_nc_gid=0pdkOIm6aEwxHgPoAwAF7g&amp;oh=00_Afdcoivm5WYJh12qDx8bz-YkxZNoWB4rvQm3DJAlfyEPXA&amp;oe=68F43042\" alt=\"Puede ser una imagen de b\u00e1squet y texto\" \/><\/p>\n<p>Los entrenamientos continuar\u00e1n esta semana en el Club Sarmiento, donde Villa San Mart\u00edn trabaja hace dos semanas debido a las obras de remodelaci\u00f3n de su estadio. \u00abLa idea es jugar al menos tres amistosos m\u00e1s antes del debut oficial del 31 de octubre. Sergio Ruberto est\u00e1 gestionando nuevos rivales, y agradecemos a Regatas por haber aceptado jugar este primer partido\u00bb, destac\u00f3 el t\u00e9cnico. La idea es volver a jugar este tipo de juegos frente a equipos chaque\u00f1os en lugar y fecha a definir.\u00bb<\/p>\n<p>Sobre el objetivo mayor \u2014el ascenso a La Liga Nacional\u2014, Japez fue claro: \u00abLa dirigencia tiene una meta ambiciosa, pero hay tranquilidad. El d\u00eda a d\u00eda nos va a llevar al \u00e9xito. Es lindo vivir con un poco de presi\u00f3n, siempre que sea saludable\u00bb.<\/p>\n<p><strong>Fuente: Diario NORTE<\/strong><\/p>\n<p><img loading=\"lazy\" decoding=\"async\" class=\"aligncenter wp-image-27012 size-full\" src=\"https:\/\/www.sportchaco.com.ar\/wp-content\/uploads\/2025\/10\/WhatsApp-Image-2025-10-13-at-17.57.04.jpeg\" alt=\"\" width=\"1600\" height=\"900\" srcset=\"https:\/\/www.sportchaco.com.ar\/wp-content\/uploads\/2025\/10\/WhatsApp-Image-2025-10-13-at-17.57.04.jpeg 1600w, https:\/\/www.sportchaco.com.ar\/wp-content\/uploads\/2025\/10\/WhatsApp-Image-2025-10-13-at-17.57.04-300x169.jpeg 300w, https:\/\/www.sportchaco.com.ar\/wp-content\/uploads\/2025\/10\/WhatsApp-Image-2025-10-13-at-17.57.04-1024x576.jpeg 1024w, https:\/\/www.sportchaco.com.ar\/wp-content\/uploads\/2025\/10\/WhatsApp-Image-2025-10-13-at-17.57.04-768x432.jpeg 768w, https:\/\/www.sportchaco.com.ar\/wp-content\/uploads\/2025\/10\/WhatsApp-Image-2025-10-13-at-17.57.04-1536x864.jpeg 1536w, https:\/\/www.sportchaco.com.ar\/wp-content\/uploads\/2025\/10\/WhatsApp-Image-2025-10-13-at-17.57.04-390x220.jpeg 390w\" sizes=\"auto, (max-width: 1600px) 100vw, 1600px\" \/><\/p>\n<p><strong>Crecen las tribunas y vestuarios para la inauguraci\u00f3n de la temporada en Villa (Foto DGM)<\/strong><\/p>\n<\/div>\n<\/section>\n<\/section>\n<\/div>\n<\/div>\n","protected":false},"excerpt":{"rendered":"<p>14-10-2025 Por momentos mucha intensidad y efectividad en el equipo, individualidades que prometen ser fundamentales en el andar durante la temporada y muy buena conexi\u00f3n entre cuerpo t\u00e9cnico y jugadores; fueron algunas de las postales que dej\u00f3 en primer amistoso de pretemporada del \u201cTricolor\u201d. ENSAYO I En los primeros minutos Villa San Mart\u00edn se present\u00f3 &hellip;<\/p>\n","protected":false},"author":2,"featured_media":27009,"comment_status":"open","ping_status":"open","sticky":false,"template":"","format":"standard","meta":{"footnotes":""},"categories":[3],"tags":[],"class_list":["post-27008","post","type-post","status-publish","format-standard","has-post-thumbnail","hentry","category-basquetbol"],"_links":{"self":[{"href":"https:\/\/www.sportchaco.com.ar\/index.php?rest_route=\/wp\/v2\/posts\/27008","targetHints":{"allow":["GET"]}}],"collection":[{"href":"https:\/\/www.sportchaco.com.ar\/index.php?rest_route=\/wp\/v2\/posts"}],"about":[{"href":"https:\/\/www.sportchaco.com.ar\/index.php?rest_route=\/wp\/v2\/types\/post"}],"author":[{"embeddable":true,"href":"https:\/\/www.sportchaco.com.ar\/index.php?rest_route=\/wp\/v2\/users\/2"}],"replies":[{"embeddable":true,"href":"https:\/\/www.sportchaco.com.ar\/index.php?rest_route=%2Fwp%2Fv2%2Fcomments&post=27008"}],"version-history":[{"count":6,"href":"https:\/\/www.sportchaco.com.ar\/index.php?rest_route=\/wp\/v2\/posts\/27008\/revisions"}],"predecessor-version":[{"id":27026,"href":"https:\/\/www.sportchaco.com.ar\/index.php?rest_route=\/wp\/v2\/posts\/27008\/revisions\/27026"}],"wp:featuredmedia":[{"embeddable":true,"href":"https:\/\/www.sportchaco.com.ar\/index.php?rest_route=\/wp\/v2\/media\/27009"}],"wp:attachment":[{"href":"https:\/\/www.sportchaco.com.ar\/index.php?rest_route=%2Fwp%2Fv2%2Fmedia&parent=27008"}],"wp:term":[{"taxonomy":"category","embeddable":true,"href":"https:\/\/www.sportchaco.com.ar\/index.php?rest_route=%2Fwp%2Fv2%2Fcategories&post=27008"},{"taxonomy":"post_tag","embeddable":true,"href":"https:\/\/www.sportchaco.com.ar\/index.php?rest_route=%2Fwp%2Fv2%2Ftags&post=27008"}],"curies":[{"name":"wp","href":"https:\/\/api.w.org\/{rel}","templated":true}]}}