{"id":27019,"date":"2025-10-14T23:20:41","date_gmt":"2025-10-15T02:20:41","guid":{"rendered":"https:\/\/www.sportchaco.com.ar\/?p=27019"},"modified":"2025-10-14T23:20:28","modified_gmt":"2025-10-15T02:20:28","slug":"efemerides-del-15-de-octubre","status":"publish","type":"post","link":"https:\/\/www.sportchaco.com.ar\/?p=27019","title":{"rendered":"Efem\u00e9rides del 15 de octubre"},"content":{"rendered":"<div class=\"container fullwidth-entry-title-wrapper\">\n<div class=\"container-wrapper fullwidth-entry-title\">\n<header class=\"entry-header-outer\">\n<div class=\"entry-header\">\n<h1 class=\"post-title entry-title\"><\/h1>\n<div class=\"single-post-meta post-meta clearfix\"><\/div>\n<\/div>\n<\/header>\n<\/div>\n<\/div>\n<div id=\"content\" class=\"site-content container\">\n<div id=\"main-content-row\" class=\"tie-row main-content-row\">\n<div class=\"main-content tie-col-md-8 tie-col-xs-12\" role=\"main\">\n<article id=\"the-post\" class=\"container-wrapper post-content tie-standard\">\n<div class=\"featured-area\">\n<div class=\"featured-area-inner\">\n<figure class=\"single-featured-image\"><strong>Foto portada de Sergio Victor Palma<\/strong><\/figure>\n<\/div>\n<\/div>\n<div class=\"entry-content entry clearfix\">\n<h5><strong>Esta es la Efem\u00e9rides del Deporte en el Chaco de un 15 de octubre del periodista Luis Dar\u00edo Molodezky.<\/strong><\/h5>\n<p><strong>\u00a0<\/strong><\/p>\n<p><img loading=\"lazy\" decoding=\"async\" class=\"alignnone size-medium wp-image-27022 aligncenter\" src=\"https:\/\/www.sportchaco.com.ar\/wp-content\/uploads\/2025\/10\/Luis-Dario-11-08-2025-4-e1760454131981-300x214.jpeg\" alt=\"\" width=\"300\" height=\"214\" srcset=\"https:\/\/www.sportchaco.com.ar\/wp-content\/uploads\/2025\/10\/Luis-Dario-11-08-2025-4-e1760454131981-300x214.jpeg 300w, https:\/\/www.sportchaco.com.ar\/wp-content\/uploads\/2025\/10\/Luis-Dario-11-08-2025-4-e1760454131981-768x547.jpeg 768w, https:\/\/www.sportchaco.com.ar\/wp-content\/uploads\/2025\/10\/Luis-Dario-11-08-2025-4-e1760454131981.jpeg 992w\" sizes=\"auto, (max-width: 300px) 100vw, 300px\" \/><\/p>\n<p><strong>1954\u00a0<\/strong>\/ Daniel Musso se adjudica la primera etapa del Gran Premio de Automovilismo cubriendo el trayecto Buenos Aires-C\u00f3rdoba-Resistencia, con un recorrido de 1.623 kil\u00f3metros, que fueron cubiertos en 13 hs. 17\u2032 57\u201d, a un promedio de 122 kms\/h.<\/p>\n<p><strong>1962\u00a0<\/strong>\/ Se conforma el \u201cClub Infantil y Juvenil de F\u00fatbol Los Santos\u201d en el coraz\u00f3n de Villa San Mart\u00edn. Era uno de los equipos estrellas en los torneos de la canchita de Ayacucho \u2013 Pellegrini y Radio Chaco. Form\u00f3 cuantiosos jugadores que alimentaron los planteles de San Fernando principalmente, y otras instituciones. Tuvo afectado el terreno de G\u00fcemes 1100 para la pr\u00e1ctica deportiva, cumpliendo con el objetivo de velas por la educaci\u00f3n f\u00edsica, moral y cultural de los ni\u00f1os y j\u00f3venes del barrio. El alma mater del grupo de vecinos fue Fausto \u201cSuru\u201d Rodr\u00edguez, acompa\u00f1ado entre otros por Alfredo Rufino, Oriel Aguirre, Oscar Rodr\u00edguez, Marcelino Soto, Mario Leclerc, Conti y Oscar Taiano. M\u00e1s ac\u00e1 en el tiempo se sumaron al grupo Narciso Veiga, Caballero, Ortiz, Oscar Rufino, C\u00e9sar Acu\u00f1a y muchos m\u00e1s que sumaron su invalorable apoyo. Finalmente, el Parque Infantil de la calle G\u00fcemes que pertenec\u00eda al ministerio de Educaci\u00f3n fue a manos de San Fernando, que pertenec\u00eda al por la cl\u00e1usula de posesi\u00f3n veinte\u00f1al. All\u00ed se levanta el campo deportivo y social de San Fernando.<\/p>\n<p><strong>1977\u00a0<\/strong>\/ Sergio V\u00edctor Palma se consagra campe\u00f3n argentino de los supergallos, por el t\u00edtulo vacante frente a Arnoldo Ag\u00fcero, ganando por puntos en 12 asaltos en el Luna Park. El 9 de agosto de 1980 el t\u00edtulo qued\u00f3 vacante al coronarse Palma campe\u00f3n mundial AMB, venciendo al estadounidense Leo Randolph, qui\u00e9n tres meses antes le hab\u00eda arrebatado el t\u00edtulo a Cardona.<\/p>\n<\/div>\n<\/article>\n<\/div>\n<\/div>\n<\/div>\n","protected":false},"excerpt":{"rendered":"<p>Foto portada de Sergio Victor Palma Esta es la Efem\u00e9rides del Deporte en el Chaco de un 15 de octubre del periodista Luis Dar\u00edo Molodezky. \u00a0 1954\u00a0\/ Daniel Musso se adjudica la primera etapa del Gran Premio de Automovilismo cubriendo el trayecto Buenos Aires-C\u00f3rdoba-Resistencia, con un recorrido de 1.623 kil\u00f3metros, que fueron cubiertos en 13 &hellip;<\/p>\n","protected":false},"author":2,"featured_media":27023,"comment_status":"open","ping_status":"open","sticky":false,"template":"","format":"standard","meta":{"footnotes":""},"categories":[45,40],"tags":[],"class_list":["post-27019","post","type-post","status-publish","format-standard","has-post-thumbnail","hentry","category-efemerides-dia-por-dia","category-octubre"],"_links":{"self":[{"href":"https:\/\/www.sportchaco.com.ar\/index.php?rest_route=\/wp\/v2\/posts\/27019","targetHints":{"allow":["GET"]}}],"collection":[{"href":"https:\/\/www.sportchaco.com.ar\/index.php?rest_route=\/wp\/v2\/posts"}],"about":[{"href":"https:\/\/www.sportchaco.com.ar\/index.php?rest_route=\/wp\/v2\/types\/post"}],"author":[{"embeddable":true,"href":"https:\/\/www.sportchaco.com.ar\/index.php?rest_route=\/wp\/v2\/users\/2"}],"replies":[{"embeddable":true,"href":"https:\/\/www.sportchaco.com.ar\/index.php?rest_route=%2Fwp%2Fv2%2Fcomments&post=27019"}],"version-history":[{"count":2,"href":"https:\/\/www.sportchaco.com.ar\/index.php?rest_route=\/wp\/v2\/posts\/27019\/revisions"}],"predecessor-version":[{"id":27024,"href":"https:\/\/www.sportchaco.com.ar\/index.php?rest_route=\/wp\/v2\/posts\/27019\/revisions\/27024"}],"wp:featuredmedia":[{"embeddable":true,"href":"https:\/\/www.sportchaco.com.ar\/index.php?rest_route=\/wp\/v2\/media\/27023"}],"wp:attachment":[{"href":"https:\/\/www.sportchaco.com.ar\/index.php?rest_route=%2Fwp%2Fv2%2Fmedia&parent=27019"}],"wp:term":[{"taxonomy":"category","embeddable":true,"href":"https:\/\/www.sportchaco.com.ar\/index.php?rest_route=%2Fwp%2Fv2%2Fcategories&post=27019"},{"taxonomy":"post_tag","embeddable":true,"href":"https:\/\/www.sportchaco.com.ar\/index.php?rest_route=%2Fwp%2Fv2%2Ftags&post=27019"}],"curies":[{"name":"wp","href":"https:\/\/api.w.org\/{rel}","templated":true}]}}