{"id":27029,"date":"2025-10-14T23:23:02","date_gmt":"2025-10-15T02:23:02","guid":{"rendered":"https:\/\/www.sportchaco.com.ar\/?p=27029"},"modified":"2025-10-14T23:24:20","modified_gmt":"2025-10-15T02:24:20","slug":"hugo-comunardo-canto-calo-un-caballero-del-futbol-chaqueno","status":"publish","type":"post","link":"https:\/\/www.sportchaco.com.ar\/?p=27029","title":{"rendered":"Hugo Comunardo Canto Calo, un caballero del f\u00fatbol chaque\u00f1o"},"content":{"rendered":"<p data-start=\"117\" data-end=\"441\">23El 8 de agosto de 1923 nac\u00eda en la ciudad de Santa Fe <strong data-start=\"171\" data-end=\"200\">Hugo Comunardo Canto Calo<\/strong>, un nombre que el f\u00fatbol chaque\u00f1o recuerda con respeto y admiraci\u00f3n. Su historia, ligada al deporte y al fair play, dej\u00f3 huellas profundas tanto dentro de la cancha como en los a\u00f1os en que empu\u00f1\u00f3 el silbato con autoridad y caballerosidad.<\/p>\n<p data-start=\"117\" data-end=\"441\"><img decoding=\"async\" src=\"https:\/\/scontent.fcnq2-2.fna.fbcdn.net\/v\/t39.30808-6\/560031453_122108311569022572_1206887399373643203_n.jpg?_nc_cat=104&amp;ccb=1-7&amp;_nc_sid=127cfc&amp;_nc_ohc=a34dnSVCx6EQ7kNvwFDWn5B&amp;_nc_oc=AdnjhVQ4hvDHthwOTssgoqrakLqQ31E6vJI3kQ2kbF5Dx1oCJAReOCwRfeRpahXfJPs&amp;_nc_zt=23&amp;_nc_ht=scontent.fcnq2-2.fna&amp;_nc_gid=INHEIFtSaCuHv2GQ1Zdbng&amp;oh=00_AfeKAzGcmYLoJBC9eRpWLwI2wha_SkDVfffzIuR3uEsZwA&amp;oe=68F435BD\" alt=\"Puede ser una imagen en blanco y negro de una o varias personas, personas jugando al f\u00fatbol y personas jugando al f\u00fatbol\" \/><\/p>\n<p data-start=\"117\" data-end=\"441\">Hugo Canto a la derecha, junto a Pl\u00e1ceres\u00a0 y Od\u00f3n P\u00e9rez<\/p>\n<p data-start=\"443\" data-end=\"1061\">Su llegada al Chaco marc\u00f3 el comienzo de una carrera ejemplar. En <strong data-start=\"509\" data-end=\"523\">S\u00e1enz Pe\u00f1a<\/strong> visti\u00f3 los colores de <strong data-start=\"546\" data-end=\"570\">Aprendices Chaque\u00f1os<\/strong>, donde se destac\u00f3 como wing veloz y habilidoso. A partir de all\u00ed, el destino y el Servicio Militar lo llevaron a <strong data-start=\"684\" data-end=\"699\">Resistencia<\/strong>, justo en los a\u00f1os en que se inauguraba el Regimiento local. Fue entonces cuando se sum\u00f3 a <strong data-start=\"791\" data-end=\"809\">Chaco For Ever<\/strong>, el club que lo consagr\u00f3 como figura y goleador entre 1948 y 1952. Integr\u00f3 aquel recordado equipo campe\u00f3n que los memoriosos a\u00fan evocan con orgullo: <strong data-start=\"959\" data-end=\"1058\">Monz\u00f3n, Piccilli y Leiva; Vosicovich, Cheri, Contreras; Viera, Maidana, Canto, Romero y Olivera<\/strong>.<\/p>\n<p data-start=\"443\" data-end=\"1061\"><img decoding=\"async\" src=\"https:\/\/scontent.fcnq2-2.fna.fbcdn.net\/v\/t39.30808-6\/564607011_122108311563022572_2004340367059883544_n.jpg?_nc_cat=110&amp;ccb=1-7&amp;_nc_sid=127cfc&amp;_nc_ohc=pYndd1lVgdkQ7kNvwG6sK5B&amp;_nc_oc=Adk9hTFPL8g68mVHUWmjqt83KsZLr7reghuG6-NqNzKwHw9xK19jrFxdsc8z3to68lU&amp;_nc_zt=23&amp;_nc_ht=scontent.fcnq2-2.fna&amp;_nc_gid=FknA8w3FrBW_tN_BIhV5fQ&amp;oh=00_AfcUdpRfwXIXh5Gxi0kRLNizThpPZssdVde2y98hXbTbig&amp;oe=68F45968\" alt=\"Puede ser una imagen de texto que dice &quot;siempre POR RODOLFO &quot;&quot; MANCUELLO \u103a\u102f Mitgha El equipo campe\u00f3n lo integraban: (de izquierda a derecha) Manue Caldora (DT), Deogracio Leiva, Armando Piccilli, Evaristo Silva, Felip Chery, Ricardo Bosicovich, Juan C. Monz\u00f3n, Carballo, Alcides Ferran ti, Hugo Canto, Honorio Romero y Leopoldo Contreras.&quot;\" \/><\/p>\n<p data-start=\"1063\" data-end=\"1508\">Luego visti\u00f3 la casaca de <strong data-start=\"1089\" data-end=\"1105\">San Fernando<\/strong>, pero el f\u00fatbol lo acompa\u00f1\u00f3 m\u00e1s all\u00e1 de las fronteras. Por razones laborales, fue trasladado a <strong data-start=\"1201\" data-end=\"1226\">Asunci\u00f3n del Paraguay<\/strong> como empleado del Banco Naci\u00f3n. All\u00ed, sin abandonar su pasi\u00f3n, se incorpor\u00f3 al <strong data-start=\"1306\" data-end=\"1323\">Club Nacional<\/strong>, dirigido nada menos que por <strong data-start=\"1353\" data-end=\"1370\">Arsenio Erico<\/strong>, el m\u00edtico goleador paraguayo e \u00eddolo de Independiente. En esa instituci\u00f3n jug\u00f3 hasta 1953, antes de regresar definitivamente al Chaco.<\/p>\n<p data-start=\"1063\" data-end=\"1508\"><img decoding=\"async\" src=\"https:\/\/scontent.fcnq2-2.fna.fbcdn.net\/v\/t39.30808-6\/559236245_122108311671022572_7702671881093315721_n.jpg?_nc_cat=103&amp;ccb=1-7&amp;_nc_sid=127cfc&amp;_nc_ohc=JLZR2FsLaCEQ7kNvwGooI8p&amp;_nc_oc=Adm_Clf53VUNeXv7JIpt-w2c_xQr8X4c0WqBTsaiHerK4fV7OP_8LejMDVYy9WlcO7w&amp;_nc_zt=23&amp;_nc_ht=scontent.fcnq2-2.fna&amp;_nc_gid=qlohEPdC3pDaao0Pf-FBBw&amp;oh=00_AfdFux2kuwcjn1pKtairzbIMVvn6Ph5-c997daEa94ExeA&amp;oe=68F437FE\" alt=\"No hay ninguna descripci\u00f3n de la foto disponible.\" \/><\/p>\n<p data-start=\"1510\" data-end=\"1937\">De vuelta en Resistencia, Canto inici\u00f3 una nueva etapa, esta vez como <strong data-start=\"1580\" data-end=\"1591\">\u00e1rbitro<\/strong>, continuando su amor por el f\u00fatbol desde otro rol. Con disciplina y respeto, comenz\u00f3 dirigiendo divisiones inferiores y tercera, hasta alcanzar la m\u00e1xima categor\u00eda. Durante <strong data-start=\"1765\" data-end=\"1796\">quince a\u00f1os ininterrumpidos<\/strong> se mantuvo activo en el referato, compartiendo terna con otros destacados de la \u00e9poca como <strong data-start=\"1888\" data-end=\"1934\">Visconti, Ram\u00edrez, Brites, Sosa y Pl\u00e1ceres<\/strong>.<\/p>\n<p data-start=\"1510\" data-end=\"1937\"><img decoding=\"async\" src=\"https:\/\/scontent.fcnq2-1.fna.fbcdn.net\/v\/t39.30808-6\/560547091_122108311599022572_6824862645933336289_n.jpg?_nc_cat=105&amp;ccb=1-7&amp;_nc_sid=127cfc&amp;_nc_ohc=ztcQUKrSAD0Q7kNvwHf-T5d&amp;_nc_oc=Adn-LWM-R3ZHkJGllIVij5q5Y06b0BjIGX10plsz8hwjva-4JUxIC3glH3E06A0jSE8&amp;_nc_zt=23&amp;_nc_ht=scontent.fcnq2-1.fna&amp;_nc_gid=KgqDgyHqtX17f4cUYUerMQ&amp;oh=00_Afe83IPWO993q2xTbvfVFXhF8MiyUPIIzQKKxJcNI7_SwA&amp;oe=68F455B8\" alt=\"Puede ser una imagen de texto que dice &quot;AN 440\/41 ma\u043b\u0438\u0444ablo mor C.HUGOCANTO C. HOCO CANTO Destacado player saen2 que por su Grandes \u1000 actuaci\u00f3n perfil\u00e1ndose ccmo unode los uno de nuestro valores f\u00fat f\u00fatbol.&quot;\" \/><\/p>\n<p data-start=\"1939\" data-end=\"2283\">Su nombre tambi\u00e9n est\u00e1 ligado a an\u00e9cdotas que reflejan el car\u00e1cter del hombre. En un campeonato disputado en Misiones, durante un partido entre Ober\u00e1 y C\u00f3rdoba, sufri\u00f3 un golpe en la cabeza por el impacto de una botella. \u201cGajes del oficio\u201d, recordaba con serenidad, minimizando un hecho que en otros podr\u00eda haber dejado heridas m\u00e1s profundas.<\/p>\n<p data-start=\"2285\" data-end=\"2660\">Con el correr de los a\u00f1os, Canto se convirti\u00f3 en un referente querido, un hombre de familia que supo ganarse el respeto de todos los que lo conocieron. Junto a su esposa <strong data-start=\"2455\" data-end=\"2481\">Norma Beatriz Villalba<\/strong>, comparti\u00f3 una vida plena, rodeado del cari\u00f1o de sus hijos <strong data-start=\"2541\" data-end=\"2623\">Carlos Hugo, Graciela Cristina, M\u00f3nica Beatriz, C\u00e9sar Humberto y Cristian Hugo<\/strong>, adem\u00e1s de sus nietos y bisnietos.<\/p>\n<p data-start=\"2662\" data-end=\"2782\">Falleci\u00f3 el <strong data-start=\"2674\" data-end=\"2697\">26 de marzo de 2020<\/strong>, a los <strong data-start=\"2705\" data-end=\"2716\">95 a\u00f1os<\/strong>, dejando un ejemplo de dedicaci\u00f3n, pasi\u00f3n y conducta deportiva.<\/p>\n<p data-start=\"2784\" data-end=\"3056\">Hoy, al evocarlo, el recuerdo de <strong data-start=\"2817\" data-end=\"2846\">Hugo Comunardo Canto Calo<\/strong> sigue vivo en la memoria de quienes aman el f\u00fatbol chaque\u00f1o. Fue jugador, fue \u00e1rbitro, pero sobre todo fue un <strong data-start=\"2957\" data-end=\"2982\">caballero del deporte<\/strong>, de esos que honraron la camiseta y el silbato con la misma honestidad.<\/p>\n<p data-start=\"2784\" data-end=\"3056\"><strong><em data-start=\"68\" data-end=\"113\">(8 de agosto de 1923 \u2013 26 de marzo de 2020)<\/em><\/strong><\/p>\n","protected":false},"excerpt":{"rendered":"<p>23El 8 de agosto de 1923 nac\u00eda en la ciudad de Santa Fe Hugo Comunardo Canto Calo, un nombre que el f\u00fatbol chaque\u00f1o recuerda con respeto y admiraci\u00f3n. Su historia, ligada al deporte y al fair play, dej\u00f3 huellas profundas tanto dentro de la cancha como en los a\u00f1os en que empu\u00f1\u00f3 el silbato con &hellip;<\/p>\n","protected":false},"author":2,"featured_media":27030,"comment_status":"open","ping_status":"open","sticky":false,"template":"","format":"standard","meta":{"footnotes":""},"categories":[1,78],"tags":[],"class_list":["post-27029","post","type-post","status-publish","format-standard","has-post-thumbnail","hentry","category-fotos-del-recuerdo","category-historias"],"_links":{"self":[{"href":"https:\/\/www.sportchaco.com.ar\/index.php?rest_route=\/wp\/v2\/posts\/27029","targetHints":{"allow":["GET"]}}],"collection":[{"href":"https:\/\/www.sportchaco.com.ar\/index.php?rest_route=\/wp\/v2\/posts"}],"about":[{"href":"https:\/\/www.sportchaco.com.ar\/index.php?rest_route=\/wp\/v2\/types\/post"}],"author":[{"embeddable":true,"href":"https:\/\/www.sportchaco.com.ar\/index.php?rest_route=\/wp\/v2\/users\/2"}],"replies":[{"embeddable":true,"href":"https:\/\/www.sportchaco.com.ar\/index.php?rest_route=%2Fwp%2Fv2%2Fcomments&post=27029"}],"version-history":[{"count":4,"href":"https:\/\/www.sportchaco.com.ar\/index.php?rest_route=\/wp\/v2\/posts\/27029\/revisions"}],"predecessor-version":[{"id":27054,"href":"https:\/\/www.sportchaco.com.ar\/index.php?rest_route=\/wp\/v2\/posts\/27029\/revisions\/27054"}],"wp:featuredmedia":[{"embeddable":true,"href":"https:\/\/www.sportchaco.com.ar\/index.php?rest_route=\/wp\/v2\/media\/27030"}],"wp:attachment":[{"href":"https:\/\/www.sportchaco.com.ar\/index.php?rest_route=%2Fwp%2Fv2%2Fmedia&parent=27029"}],"wp:term":[{"taxonomy":"category","embeddable":true,"href":"https:\/\/www.sportchaco.com.ar\/index.php?rest_route=%2Fwp%2Fv2%2Fcategories&post=27029"},{"taxonomy":"post_tag","embeddable":true,"href":"https:\/\/www.sportchaco.com.ar\/index.php?rest_route=%2Fwp%2Fv2%2Ftags&post=27029"}],"curies":[{"name":"wp","href":"https:\/\/api.w.org\/{rel}","templated":true}]}}