{"id":27080,"date":"2025-10-15T22:37:15","date_gmt":"2025-10-16T01:37:15","guid":{"rendered":"https:\/\/www.sportchaco.com.ar\/?p=27080"},"modified":"2025-10-15T22:37:35","modified_gmt":"2025-10-16T01:37:35","slug":"efemerides-del-16-de-octubre-2","status":"publish","type":"post","link":"https:\/\/www.sportchaco.com.ar\/?p=27080","title":{"rendered":"Efem\u00e9rides del 16 de octubre"},"content":{"rendered":"<div class=\"container fullwidth-entry-title-wrapper\">\n<div class=\"container-wrapper fullwidth-entry-title\">\n<header class=\"entry-header-outer\">\n<div class=\"entry-header\">\n<h1 class=\"post-title entry-title\"><\/h1>\n<div class=\"single-post-meta post-meta clearfix\"><\/div>\n<\/div>\n<\/header>\n<\/div>\n<\/div>\n<div id=\"content\" class=\"site-content container\">\n<div id=\"main-content-row\" class=\"tie-row main-content-row\">\n<div class=\"main-content tie-col-md-8 tie-col-xs-12\" role=\"main\">\n<article id=\"the-post\" class=\"container-wrapper post-content tie-standard\">\n<div class=\"featured-area\">\n<div class=\"featured-area-inner\">\n<figure class=\"single-featured-image\"><strong>Foto portada de Osvaldo Humberto Mendoza<\/strong><\/figure>\n<p>&nbsp;<\/p>\n<\/div>\n<\/div>\n<div class=\"entry-content entry clearfix\">\n<p><strong>Esta es la Efem\u00e9rides del Deporte en el Chaco de un 16 de octubre del periodista Luis Dar\u00edo Molodezky.<\/strong><\/p>\n<p><img loading=\"lazy\" decoding=\"async\" class=\"alignnone size-medium wp-image-27022 aligncenter\" src=\"https:\/\/www.sportchaco.com.ar\/wp-content\/uploads\/2025\/10\/Luis-Dario-11-08-2025-4-e1760454131981-300x214.jpeg\" alt=\"\" width=\"300\" height=\"214\" srcset=\"https:\/\/www.sportchaco.com.ar\/wp-content\/uploads\/2025\/10\/Luis-Dario-11-08-2025-4-e1760454131981-300x214.jpeg 300w, https:\/\/www.sportchaco.com.ar\/wp-content\/uploads\/2025\/10\/Luis-Dario-11-08-2025-4-e1760454131981-768x547.jpeg 768w, https:\/\/www.sportchaco.com.ar\/wp-content\/uploads\/2025\/10\/Luis-Dario-11-08-2025-4-e1760454131981.jpeg 992w\" sizes=\"auto, (max-width: 300px) 100vw, 300px\" \/><\/p>\n<p><strong>1980\u00a0<\/strong>\/ Se funda el Brechas, Agrupaci\u00f3n Deportiva de H\u00e1ndbol, por iniciativa del profesor Osvaldo Humberto Mendoza (foto). Ocho meses despu\u00e9s, el 28 de julio un plantel de jovencitos part\u00eda hacia Italia a participar de un torneo Internacional.<\/p>\n<p><strong>1981 \/<\/strong> Carlos Gabriel Salazar y Roberto Schoning se consagran campeones argentinos de boxeo amateur minimosca y mosca respectivamente en el torneo realizado en Mendoza. El t\u00e9cnico de la delegaci\u00f3n fue Juan Carlos Salazar y el dirigente Ra\u00fal Sosa.<\/p>\n<p><strong>1982\u00a0<\/strong>\/ Alcides Sol\u00eds en categor\u00eda pesados, Rafael Benzaquen medio pesado, Omar G\u00f3mez en Kup medianos y Luis Gim\u00e9nez en Kup liviano, se consagran campeones argentinos de TKD durante el torneo realizado en Corrientes.<\/p>\n<p><strong><em>2007 \/\u00a0<\/em><\/strong>El ciclista quitilipense Carlos Varese debuta en el Campeonato Mundial de Ciclismo en el \u201cDunc Gray Velodrom\u201d de S\u00eddney, Australia. Despu\u00e9s de seis d\u00edas de competencia y tras ganar en semifinales, se clasifica 9\u00ba en la carrera por puntos donde el ganador y campe\u00f3n del certamen ecum\u00e9nico fue Grant Fraser de Australia.\u00a0<strong>(<\/strong>Jos\u00e9 Luis Recam\u00e1n)<\/p>\n<\/div>\n<\/article>\n<\/div>\n<\/div>\n<\/div>\n","protected":false},"excerpt":{"rendered":"<p>Foto portada de Osvaldo Humberto Mendoza &nbsp; Esta es la Efem\u00e9rides del Deporte en el Chaco de un 16 de octubre del periodista Luis Dar\u00edo Molodezky. 1980\u00a0\/ Se funda el Brechas, Agrupaci\u00f3n Deportiva de H\u00e1ndbol, por iniciativa del profesor Osvaldo Humberto Mendoza (foto). Ocho meses despu\u00e9s, el 28 de julio un plantel de jovencitos part\u00eda &hellip;<\/p>\n","protected":false},"author":2,"featured_media":27081,"comment_status":"open","ping_status":"open","sticky":false,"template":"","format":"standard","meta":{"footnotes":""},"categories":[45,40],"tags":[],"class_list":["post-27080","post","type-post","status-publish","format-standard","has-post-thumbnail","hentry","category-efemerides-dia-por-dia","category-octubre"],"_links":{"self":[{"href":"https:\/\/www.sportchaco.com.ar\/index.php?rest_route=\/wp\/v2\/posts\/27080","targetHints":{"allow":["GET"]}}],"collection":[{"href":"https:\/\/www.sportchaco.com.ar\/index.php?rest_route=\/wp\/v2\/posts"}],"about":[{"href":"https:\/\/www.sportchaco.com.ar\/index.php?rest_route=\/wp\/v2\/types\/post"}],"author":[{"embeddable":true,"href":"https:\/\/www.sportchaco.com.ar\/index.php?rest_route=\/wp\/v2\/users\/2"}],"replies":[{"embeddable":true,"href":"https:\/\/www.sportchaco.com.ar\/index.php?rest_route=%2Fwp%2Fv2%2Fcomments&post=27080"}],"version-history":[{"count":1,"href":"https:\/\/www.sportchaco.com.ar\/index.php?rest_route=\/wp\/v2\/posts\/27080\/revisions"}],"predecessor-version":[{"id":27082,"href":"https:\/\/www.sportchaco.com.ar\/index.php?rest_route=\/wp\/v2\/posts\/27080\/revisions\/27082"}],"wp:featuredmedia":[{"embeddable":true,"href":"https:\/\/www.sportchaco.com.ar\/index.php?rest_route=\/wp\/v2\/media\/27081"}],"wp:attachment":[{"href":"https:\/\/www.sportchaco.com.ar\/index.php?rest_route=%2Fwp%2Fv2%2Fmedia&parent=27080"}],"wp:term":[{"taxonomy":"category","embeddable":true,"href":"https:\/\/www.sportchaco.com.ar\/index.php?rest_route=%2Fwp%2Fv2%2Fcategories&post=27080"},{"taxonomy":"post_tag","embeddable":true,"href":"https:\/\/www.sportchaco.com.ar\/index.php?rest_route=%2Fwp%2Fv2%2Ftags&post=27080"}],"curies":[{"name":"wp","href":"https:\/\/api.w.org\/{rel}","templated":true}]}}