{"id":27112,"date":"2025-10-16T22:29:45","date_gmt":"2025-10-17T01:29:45","guid":{"rendered":"https:\/\/www.sportchaco.com.ar\/?p=27112"},"modified":"2025-10-16T22:29:45","modified_gmt":"2025-10-17T01:29:45","slug":"designaciones-para-el-debut-de-los-chaquenos","status":"publish","type":"post","link":"https:\/\/www.sportchaco.com.ar\/?p=27112","title":{"rendered":"Designaciones para el debut de los chaque\u00f1os"},"content":{"rendered":"<p><strong>16-10-2025<\/strong><\/p>\n<p><img loading=\"lazy\" decoding=\"async\" class=\"aligncenter size-large wp-image-20099\" src=\"https:\/\/www.sportchaco.com.ar\/wp-content\/uploads\/2025\/06\/728x90-1024x127.gif\" sizes=\"auto, (max-width: 1024px) 100vw, 1024px\" srcset=\"https:\/\/www.sportchaco.com.ar\/wp-content\/uploads\/2025\/06\/728x90-1024x127.gif 1024w, https:\/\/www.sportchaco.com.ar\/wp-content\/uploads\/2025\/06\/728x90-300x37.gif 300w, https:\/\/www.sportchaco.com.ar\/wp-content\/uploads\/2025\/06\/728x90-768x95.gif 768w, https:\/\/www.sportchaco.com.ar\/wp-content\/uploads\/2025\/06\/728x90-1536x190.gif 1536w, https:\/\/www.sportchaco.com.ar\/wp-content\/uploads\/2025\/06\/728x90-2048x254.gif 2048w\" alt=\"\" width=\"1024\" height=\"127\" \/><\/p>\n<p>El Consejo Federal de AFA dio a conocer los jueces para los partidos del fin de semana en el inicio del torneo Regional Amateur. Tambi\u00e9n \u00e1rbitros y horarios.<\/p>\n<p>Habr\u00e1 12 equipos chaque\u00f1os distribuidos en las zonas 8, 9 y 10 de la Regi\u00f3n Litoral Norte. Habr\u00e1 partidos este s\u00e1bado y domingo en diferentes horarios.<\/p>\n<p><strong>Regi\u00f3n Litoral Norte<\/strong><br \/>\n<strong>Zona 8<\/strong><br \/>\n<strong>1\u00aa Fecha<br \/>\nDomingo 19-10<\/strong><br \/>\nA las 16, Uni\u00f3n \u2013 Defensores<br \/>\n<strong>\u00c1rbitro:<\/strong> Leandro Diaz Doro\u00f1uk. <strong>Asistentes:<\/strong> Diego de Jes\u00fas y Danilo Amaya.<\/p>\n<p>A las 16:30, Estudiantes \u2013 Regional<br \/>\n<strong>\u00c1rbitro:<\/strong> Sebasti\u00e1n Ver\u00f3n. <strong>Asistentes:<\/strong> Juan Gabriel Hern\u00e1ndez y Bautista Gonz\u00e1lez.<\/p>\n<p><strong>Zona 9<br \/>\n<\/strong><strong>1\u00aa Fecha<br \/>\nS\u00e1bado 18-10<\/strong><br \/>\nA las 17, Fontana \u2013 Policiales<br \/>\n<strong>\u00c1rbitro:<\/strong> Sergio Lezcano. <strong>Asistentes:<\/strong> Daiana N\u00fa\u00f1ez y David Gallardo.<\/p>\n<p><strong>Domingo 19-10<\/strong><br \/>\nA las 18, Hurac\u00e1n \u2013 Dep. Municipal<br \/>\n<strong>\u00c1rbitro:<\/strong> Mauricio Aquino. <strong>Asistentes:<\/strong> Sergio Ojeda y Oscar Saavedra.<\/p>\n<p><strong>Zona 10<br \/>\n<\/strong><strong>1\u00aa Fecha<\/strong><br \/>\n<strong>S\u00e1bado 18-10<\/strong><br \/>\nA las 17, Uni\u00f3n \u2013 Cultural<br \/>\n\u00c1rbitro: Sergio Lezcano. Asistentes: Daiana N\u00fa\u00f1ez y David Gallardo.<\/p>\n<p><strong>Domingo 19-10<\/strong><br \/>\nA las 18, Comercio \u2013 Cooperativa<br \/>\n<strong>\u00c1rbitro:<\/strong> Sergio Soria. <strong>Asistentes:<\/strong> Mart\u00edn Banegas y Daniela Montiel.<\/p>\n<p><img loading=\"lazy\" decoding=\"async\" class=\"aligncenter size-full wp-image-21633\" src=\"https:\/\/www.sportchaco.com.ar\/wp-content\/uploads\/2025\/07\/PARQUE-SOLAR_200x200-01-1.gif\" alt=\"\" width=\"417\" height=\"417\" \/><\/p>\n","protected":false},"excerpt":{"rendered":"<p>16-10-2025 El Consejo Federal de AFA dio a conocer los jueces para los partidos del fin de semana en el inicio del torneo Regional Amateur. Tambi\u00e9n \u00e1rbitros y horarios. Habr\u00e1 12 equipos chaque\u00f1os distribuidos en las zonas 8, 9 y 10 de la Regi\u00f3n Litoral Norte. Habr\u00e1 partidos este s\u00e1bado y domingo en diferentes horarios. &hellip;<\/p>\n","protected":false},"author":5,"featured_media":26688,"comment_status":"open","ping_status":"open","sticky":false,"template":"","format":"standard","meta":{"footnotes":""},"categories":[5],"tags":[],"class_list":["post-27112","post","type-post","status-publish","format-standard","has-post-thumbnail","hentry","category-futbol"],"_links":{"self":[{"href":"https:\/\/www.sportchaco.com.ar\/index.php?rest_route=\/wp\/v2\/posts\/27112","targetHints":{"allow":["GET"]}}],"collection":[{"href":"https:\/\/www.sportchaco.com.ar\/index.php?rest_route=\/wp\/v2\/posts"}],"about":[{"href":"https:\/\/www.sportchaco.com.ar\/index.php?rest_route=\/wp\/v2\/types\/post"}],"author":[{"embeddable":true,"href":"https:\/\/www.sportchaco.com.ar\/index.php?rest_route=\/wp\/v2\/users\/5"}],"replies":[{"embeddable":true,"href":"https:\/\/www.sportchaco.com.ar\/index.php?rest_route=%2Fwp%2Fv2%2Fcomments&post=27112"}],"version-history":[{"count":1,"href":"https:\/\/www.sportchaco.com.ar\/index.php?rest_route=\/wp\/v2\/posts\/27112\/revisions"}],"predecessor-version":[{"id":27113,"href":"https:\/\/www.sportchaco.com.ar\/index.php?rest_route=\/wp\/v2\/posts\/27112\/revisions\/27113"}],"wp:featuredmedia":[{"embeddable":true,"href":"https:\/\/www.sportchaco.com.ar\/index.php?rest_route=\/wp\/v2\/media\/26688"}],"wp:attachment":[{"href":"https:\/\/www.sportchaco.com.ar\/index.php?rest_route=%2Fwp%2Fv2%2Fmedia&parent=27112"}],"wp:term":[{"taxonomy":"category","embeddable":true,"href":"https:\/\/www.sportchaco.com.ar\/index.php?rest_route=%2Fwp%2Fv2%2Fcategories&post=27112"},{"taxonomy":"post_tag","embeddable":true,"href":"https:\/\/www.sportchaco.com.ar\/index.php?rest_route=%2Fwp%2Fv2%2Ftags&post=27112"}],"curies":[{"name":"wp","href":"https:\/\/api.w.org\/{rel}","templated":true}]}}