{"id":27144,"date":"2025-10-17T10:34:42","date_gmt":"2025-10-17T13:34:42","guid":{"rendered":"https:\/\/www.sportchaco.com.ar\/?p=27144"},"modified":"2025-10-17T12:59:13","modified_gmt":"2025-10-17T15:59:13","slug":"villa-san-martin-su-indumentaria-2025","status":"publish","type":"post","link":"https:\/\/www.sportchaco.com.ar\/?p=27144","title":{"rendered":"Villa San Mart\u00edn present\u00f3 su indumentaria 2025"},"content":{"rendered":"<p><b>17-10-2025<\/b><\/p>\n<p><img loading=\"lazy\" decoding=\"async\" class=\"aligncenter size-full wp-image-26819\" src=\"https:\/\/www.sportchaco.com.ar\/wp-content\/uploads\/2025\/10\/320x50-3.gif\" alt=\"\" width=\"667\" height=\"105\" \/><\/p>\n<p>Villa San Mart\u00edn realiz\u00f3 la presentaci\u00f3n oficial de la indumentaria que utilizar\u00e1 en la temporada 2025\/26 de La Liga Argentina de B\u00e1squet. El acto se realiz\u00f3 en el sal\u00f3n \u00abCasa Blanca\u00bb del Hotel Amerian.<\/p>\n<p>Del mismo estuvieron presentes las autoridades del club \u00abtricolor\u00bb, el cuerpo t\u00e9cnico encabezado por Eduardo Japez y el plantel de Liga.<\/p>\n<p><img decoding=\"async\" src=\"https:\/\/scontent.fcnq2-2.fna.fbcdn.net\/v\/t39.30808-6\/557253257_3717674835208876_3996156360451101805_n.jpg?_nc_cat=111&amp;ccb=1-7&amp;_nc_sid=127cfc&amp;_nc_ohc=CZQiCNNaD_sQ7kNvwGcOrUA&amp;_nc_oc=AdnGU-72JLYukcuqmIk9wOTiSlyOSkzOIo0V0xFqA2NGyZgi_SFzL8Q0I-OawXFEi7A&amp;_nc_zt=23&amp;_nc_ht=scontent.fcnq2-2.fna&amp;_nc_gid=v_wJGcivRpYxuFoZGscIVA&amp;oh=00_AffJa-7jYktYIVarI3mpXggYL9xvGpoTFCW_VIfVxEOy3A&amp;oe=68F807EF\" alt=\"Puede ser una imagen de b\u00e1squet, camiseta de b\u00e1squet y texto\" \/><strong>El plantel completo de Villa San Mart\u00edn para la temporada 2025 en la presentaci\u00f3n en el sal\u00f3n Casablanca de Casinos Gala.<\/strong><\/p>\n<p>A su vez estuvieron los sponsors que con los que cuenta Villa San Mart\u00edn y periodistas locales. La ceremonia de, corta duraci\u00f3n, fue presentada por Facundo Maciel Del R\u00edo y se exhibi\u00f3 un breve v\u00eddeo sobre el plantel.<\/p>\n<p><img loading=\"lazy\" decoding=\"async\" class=\"aligncenter wp-image-27150 size-full\" src=\"https:\/\/www.sportchaco.com.ar\/wp-content\/uploads\/2025\/10\/DSCN9368-scaled.jpg\" alt=\"\" width=\"2560\" height=\"1920\" srcset=\"https:\/\/www.sportchaco.com.ar\/wp-content\/uploads\/2025\/10\/DSCN9368-scaled.jpg 2560w, https:\/\/www.sportchaco.com.ar\/wp-content\/uploads\/2025\/10\/DSCN9368-300x225.jpg 300w, https:\/\/www.sportchaco.com.ar\/wp-content\/uploads\/2025\/10\/DSCN9368-1024x768.jpg 1024w, https:\/\/www.sportchaco.com.ar\/wp-content\/uploads\/2025\/10\/DSCN9368-768x576.jpg 768w, https:\/\/www.sportchaco.com.ar\/wp-content\/uploads\/2025\/10\/DSCN9368-1536x1152.jpg 1536w, https:\/\/www.sportchaco.com.ar\/wp-content\/uploads\/2025\/10\/DSCN9368-2048x1536.jpg 2048w\" sizes=\"auto, (max-width: 2560px) 100vw, 2560px\" \/><strong>El cuerpo t\u00e9cnico de Villa San Mart\u00edn<\/strong><\/p>\n<p>En forma extraoficial se supo que las importantes refacciones del club quedar\u00edan inauguradas el martes por la tarde, y que incluyen la nueva tribuna, cabinas de transmisi\u00f3n, vestuarios y sanitarios.<\/p>\n<p>Villa llega a su d\u00e9cima participaci\u00f3n en la categor\u00eda y ser\u00e1 escenario, el pr\u00f3ximo 31 de octubre, de el inicio de temporada del torneo nacional, cuando enfrente a Independiente de Santiago del Estero.<\/p>\n<p>El \u00abtricolor\u00bb cuenta con una plantilla renovada en algunos puestos, aunque ha conservado a varias figuras de la temporada pasadas como Fabio Vieta, Maximiliano Mart\u00edn, St\u00e9fano Simondi, los juveniles y el cuerpo t\u00e9cnico encabezado por Japez, tiene un nutrido grupo de profesionales chaque\u00f1os<\/p>\n<p><img decoding=\"async\" src=\"https:\/\/scontent.fcnq2-2.fna.fbcdn.net\/v\/t39.30808-6\/561309335_3717674791875547_9119465266189639845_n.jpg?_nc_cat=104&amp;ccb=1-7&amp;_nc_sid=127cfc&amp;_nc_ohc=mB80Nzs7losQ7kNvwFIg8mK&amp;_nc_oc=Adl2QmOA7PI4UcHNX614ysp8Hc7bQ88UV8INE-dXTypek3Wbmml6wqPW9T8IeJuGUgQ&amp;_nc_zt=23&amp;_nc_ht=scontent.fcnq2-2.fna&amp;_nc_gid=ifINIhS7R3pIpf0gO_kMPQ&amp;oh=00_AfeBx2AJySCQ4EmYIyhd0fVbAspt1vX8Nyu6kHhrPl93rw&amp;oe=68F80A12\" alt=\"Puede ser una imagen de b\u00e1squet, camiseta de b\u00e1squet y texto\" \/><strong>El venezolano Centeno, 25 a\u00f1os y m\u00e1s de dos metros, llam\u00f3 la atenci\u00f3n y genera expectativas tras el amistoso con Regatas.<\/strong><\/p>\n<p>&nbsp;<\/p>\n<p><img loading=\"lazy\" decoding=\"async\" class=\"alignnone wp-image-27151\" src=\"https:\/\/www.sportchaco.com.ar\/wp-content\/uploads\/2025\/10\/Luis-carita-4-287x300.jpg\" alt=\"\" width=\"62\" height=\"65\" srcset=\"https:\/\/www.sportchaco.com.ar\/wp-content\/uploads\/2025\/10\/Luis-carita-4-287x300.jpg 287w, https:\/\/www.sportchaco.com.ar\/wp-content\/uploads\/2025\/10\/Luis-carita-4.jpg 430w\" sizes=\"auto, (max-width: 62px) 100vw, 62px\" \/>\u00a0 Por Luis Dar\u00edo Molodezky<\/p>\n","protected":false},"excerpt":{"rendered":"<p>17-10-2025 Villa San Mart\u00edn realiz\u00f3 la presentaci\u00f3n oficial de la indumentaria que utilizar\u00e1 en la temporada 2025\/26 de La Liga Argentina de B\u00e1squet. El acto se realiz\u00f3 en el sal\u00f3n \u00abCasa Blanca\u00bb del Hotel Amerian. Del mismo estuvieron presentes las autoridades del club \u00abtricolor\u00bb, el cuerpo t\u00e9cnico encabezado por Eduardo Japez y el plantel de &hellip;<\/p>\n","protected":false},"author":2,"featured_media":27148,"comment_status":"open","ping_status":"open","sticky":false,"template":"","format":"standard","meta":{"footnotes":""},"categories":[3],"tags":[],"class_list":["post-27144","post","type-post","status-publish","format-standard","has-post-thumbnail","hentry","category-basquetbol"],"_links":{"self":[{"href":"https:\/\/www.sportchaco.com.ar\/index.php?rest_route=\/wp\/v2\/posts\/27144","targetHints":{"allow":["GET"]}}],"collection":[{"href":"https:\/\/www.sportchaco.com.ar\/index.php?rest_route=\/wp\/v2\/posts"}],"about":[{"href":"https:\/\/www.sportchaco.com.ar\/index.php?rest_route=\/wp\/v2\/types\/post"}],"author":[{"embeddable":true,"href":"https:\/\/www.sportchaco.com.ar\/index.php?rest_route=\/wp\/v2\/users\/2"}],"replies":[{"embeddable":true,"href":"https:\/\/www.sportchaco.com.ar\/index.php?rest_route=%2Fwp%2Fv2%2Fcomments&post=27144"}],"version-history":[{"count":6,"href":"https:\/\/www.sportchaco.com.ar\/index.php?rest_route=\/wp\/v2\/posts\/27144\/revisions"}],"predecessor-version":[{"id":27184,"href":"https:\/\/www.sportchaco.com.ar\/index.php?rest_route=\/wp\/v2\/posts\/27144\/revisions\/27184"}],"wp:featuredmedia":[{"embeddable":true,"href":"https:\/\/www.sportchaco.com.ar\/index.php?rest_route=\/wp\/v2\/media\/27148"}],"wp:attachment":[{"href":"https:\/\/www.sportchaco.com.ar\/index.php?rest_route=%2Fwp%2Fv2%2Fmedia&parent=27144"}],"wp:term":[{"taxonomy":"category","embeddable":true,"href":"https:\/\/www.sportchaco.com.ar\/index.php?rest_route=%2Fwp%2Fv2%2Fcategories&post=27144"},{"taxonomy":"post_tag","embeddable":true,"href":"https:\/\/www.sportchaco.com.ar\/index.php?rest_route=%2Fwp%2Fv2%2Ftags&post=27144"}],"curies":[{"name":"wp","href":"https:\/\/api.w.org\/{rel}","templated":true}]}}