{"id":2716,"date":"2023-11-10T23:26:48","date_gmt":"2023-11-11T02:26:48","guid":{"rendered":"https:\/\/www.sportchaco.com.ar\/?p=2716"},"modified":"2023-11-10T23:26:48","modified_gmt":"2023-11-11T02:26:48","slug":"clubes-rechazan-el-modelo-privatizador-de-milei","status":"publish","type":"post","link":"https:\/\/www.sportchaco.com.ar\/?p=2716","title":{"rendered":"Clubes rechazan el modelo privatizador de Milei"},"content":{"rendered":"<p id=\"titulo_cable\" class=\"title\">\n<div id=\"div_cuerpo\" class=\"content cable-content\">Trist\u00e1n Suarez, Guillermo Brown de Puerto Madryn y Cristian Malaspina, presidente de Argentinos Juniors, apoyaron hoy p\u00fablicamente la candidatura de Sergio Massa de cara al balotaje del 19 de noviembre con Javier Milei, quien se expres\u00f3 a favor de las Sociedades An\u00f3nimas Deportivas (SAD).<\/p>\n<p>El primero en hacerlo fue Malaspina, a trav\u00e9s de la red social X, quien escribi\u00f3: \u201cNo a las SAD, s\u00f3lo recuerden la presencia que tuvieron nuestros clubes ayudando a la sociedad en la pandemia\u201d.<\/p>\n<p>Luego, la cuenta oficial del club Trist\u00e1n Su\u00e1rez public\u00f3 que los dirigentes del f\u00fatbol tienen \u00abla obligaci\u00f3n de apoyar abiertamente la candidatura de Sergio Massa como presidente de la Rep\u00fablica\u00bb.<\/p>\n<p>\u00abLos clubes tenemos una responsabilidad enorme en la contenci\u00f3n y el desarrollo de los chicos y chicas de los barrios\u201d, continu\u00f3 el comunicado del equipo que milita en la Primera Nacional.<\/p>\n<p>Adem\u00e1s, por la misma v\u00eda, Guillermo Brown de Puerto Madryn public\u00f3 que le dicen no las SAD \u201cen defensa de nuestra instituci\u00f3n\u201d.<\/p>\n<p>\u201cNo a la privatizaci\u00f3n del f\u00fatbol que propone Javier Milei. Los clubes deben y tienen que seguir siendo asociaciones civiles sin fines de lucro\u201d, argument\u00f3 el club, tambi\u00e9n de la segunda categor\u00eda del f\u00fatbol argentino.<\/p>\n<p>El presidente de Atlanta, Gabriel Greco, tambi\u00e9n se expres\u00f3 en similar sinton\u00eda y dijo quela entidad de Villa Crespo \u00abmantiene acuerdos con una agencia de discapacidad y funciona una escuela con chicos y chicas con Sindrome de Down\u00bb<\/p>\n<p>\u00abTambi\u00e9n fuimos reconocidos por nuestro compromiso con los Derechos Humanos. Nuestro club respira f\u00fatbol pero mantiene abierta la puerta a la comunidad durante las 24 horas\u00bb manifest\u00f3 el titular &#8216;bohemio&#8217;.<\/p>\n<p>Las publicaciones hacen referencia a los comentarios esgrimidos por el candidato de La Libertad Avanza durante una entrevista con Alejandro Fantino en 2022, donde coment\u00f3 que \u201cle gusta\u201d el modelo de las SAD y el de empresas que intervienen en el f\u00fatbol como en el Reino Unido.<\/p>\n<p>\u201c\u00bfPrefer\u00eds seguir en esta miseria que tenemos cada vez de f\u00fatbol de peor calidad? \u00bfC\u00f3mo nos va cada vez que salimos afuera de la Argentina?\u201d, hab\u00eda argumentado el libertario un mes antes de que el seleccionado argentino se consagrase campe\u00f3n del mundo en Qatar 2022.<\/p>\n<p>Por su parte, el periodista uruguayo y exvocero de AFA, Ernesto Cherquis Bialo, sostuvo hoy que los clubes de primera y del ascenso deben apoyar a Sergio Massa ahora y \u00abno cuando gane\u00bb.<\/p><\/div>\n<div><\/div>\n<div>Foto de Cristian Malaspina, presidente de Argentinos<\/div>\n","protected":false},"excerpt":{"rendered":"<p>Trist\u00e1n Suarez, Guillermo Brown de Puerto Madryn y Cristian Malaspina, presidente de Argentinos Juniors, apoyaron hoy p\u00fablicamente la candidatura de Sergio Massa de cara al balotaje del 19 de noviembre con Javier Milei, quien se expres\u00f3 a favor de las Sociedades An\u00f3nimas Deportivas (SAD). El primero en hacerlo fue Malaspina, a trav\u00e9s de la red &hellip;<\/p>\n","protected":false},"author":2,"featured_media":2717,"comment_status":"open","ping_status":"open","sticky":false,"template":"","format":"standard","meta":{"footnotes":""},"categories":[47],"tags":[],"class_list":["post-2716","post","type-post","status-publish","format-standard","has-post-thumbnail","hentry","category-nacionales"],"_links":{"self":[{"href":"https:\/\/www.sportchaco.com.ar\/index.php?rest_route=\/wp\/v2\/posts\/2716","targetHints":{"allow":["GET"]}}],"collection":[{"href":"https:\/\/www.sportchaco.com.ar\/index.php?rest_route=\/wp\/v2\/posts"}],"about":[{"href":"https:\/\/www.sportchaco.com.ar\/index.php?rest_route=\/wp\/v2\/types\/post"}],"author":[{"embeddable":true,"href":"https:\/\/www.sportchaco.com.ar\/index.php?rest_route=\/wp\/v2\/users\/2"}],"replies":[{"embeddable":true,"href":"https:\/\/www.sportchaco.com.ar\/index.php?rest_route=%2Fwp%2Fv2%2Fcomments&post=2716"}],"version-history":[{"count":1,"href":"https:\/\/www.sportchaco.com.ar\/index.php?rest_route=\/wp\/v2\/posts\/2716\/revisions"}],"predecessor-version":[{"id":2718,"href":"https:\/\/www.sportchaco.com.ar\/index.php?rest_route=\/wp\/v2\/posts\/2716\/revisions\/2718"}],"wp:featuredmedia":[{"embeddable":true,"href":"https:\/\/www.sportchaco.com.ar\/index.php?rest_route=\/wp\/v2\/media\/2717"}],"wp:attachment":[{"href":"https:\/\/www.sportchaco.com.ar\/index.php?rest_route=%2Fwp%2Fv2%2Fmedia&parent=2716"}],"wp:term":[{"taxonomy":"category","embeddable":true,"href":"https:\/\/www.sportchaco.com.ar\/index.php?rest_route=%2Fwp%2Fv2%2Fcategories&post=2716"},{"taxonomy":"post_tag","embeddable":true,"href":"https:\/\/www.sportchaco.com.ar\/index.php?rest_route=%2Fwp%2Fv2%2Ftags&post=2716"}],"curies":[{"name":"wp","href":"https:\/\/api.w.org\/{rel}","templated":true}]}}