{"id":27165,"date":"2025-10-17T22:45:54","date_gmt":"2025-10-18T01:45:54","guid":{"rendered":"https:\/\/www.sportchaco.com.ar\/?p=27165"},"modified":"2025-10-18T02:16:21","modified_gmt":"2025-10-18T05:16:21","slug":"27165","status":"publish","type":"post","link":"https:\/\/www.sportchaco.com.ar\/?p=27165","title":{"rendered":"Hace 39 a\u00f1os nac\u00eda \u00abEl gigante\u00bb de For Ever"},"content":{"rendered":"<p>45<\/p>\n<p><strong>\u00cdcono del f\u00fatbol chaque\u00f1o, templo de los forevistas. El \u00abJuan Alberto Garc\u00eda\u00bb fue inaugurado el 18 de octubre de 1986, en una jornada marcada en la historia por la visita de Julio Humberto Grondona, presidente de AFA, y por un 2 a 1 de For Ever ante Atl\u00e9tico Concepci\u00f3n de Tucum\u00e1n. El gigante de cemento chaque\u00f1o, que exporta pasi\u00f3n, gloria y f\u00fatbol a todo el pa\u00eds.\u00a0<\/strong><\/p>\n<p><img decoding=\"async\" src=\"https:\/\/scontent.fcnq2-2.fna.fbcdn.net\/v\/t39.30808-6\/565718146_122108975799022572_5085106873434197325_n.jpg?_nc_cat=111&amp;ccb=1-7&amp;_nc_sid=127cfc&amp;_nc_ohc=AN8UEOR7bIIQ7kNvwFdyc48&amp;_nc_oc=AdkrkTsjOlMJma2X2R_EDdvQ8rLw6FY7QESIBovpwW3q_UWLFXfS0NvqGnDVxvZWggE&amp;_nc_zt=23&amp;_nc_ht=scontent.fcnq2-2.fna&amp;_nc_gid=PwJUdKN5gLtViA0drfJjkA&amp;oh=00_AffhuFzXKGF2tm2G6N8EzEqB7r1K2Emxu1p1LV4ro4Jaog&amp;oe=68F82D0B\" alt=\"Puede ser una imagen de una o varias personas, multitud y texto\" \/><\/p>\n<p>&nbsp;<\/p>\n<p><a href=\"http:\/\/twitter.com\/share?text=Efem%26eacute%3Bride+deportiva+%7C+El+ic%26oacute%3Bnico+%26quot%3BJuan+Alberto+Garc%26iacute%3Ba%26quot%3B+de+Chaco+For+Ever+cumple+36+a%26ntilde%3Bos+de+vida+%23diario22ar&amp;original_referer=https%3A%2F%2Fwww.diario22.ar%2Fnotix2%2Fnoticia%2F182911_efemeacuteride-deportiva--el-icoacutenico-quotjuan-alberto-garciacuteaquot-de-chaco-for-ever-cumple-36-antildeos-de-vida.htm\">\u00a0<\/a><a href=\"http:\/\/www.facebook.com\/sharer.php?u=https%3A%2F%2Fwww.diario22.ar%2Fnotix2%2Fnoticia%2F182911_efemeacuteride-deportiva--el-icoacutenico-quotjuan-alberto-garciacuteaquot-de-chaco-for-ever-cumple-36-antildeos-de-vida.htm\">\u00a0<\/a><\/p>\n<h3 data-start=\"330\" data-end=\"421\"><strong data-start=\"334\" data-end=\"421\">El Gigante de Cemento Chaque\u00f1o cumple a\u00f1os: el templo forevista que late desde 1986<\/strong><\/h3>\n<p data-start=\"423\" data-end=\"1025\">\u00cdcono del f\u00fatbol chaque\u00f1o, templo de los forevistas, el <strong data-start=\"479\" data-end=\"512\">estadio \u201cJuan Alberto Garc\u00eda\u201d<\/strong> fue inaugurado el <strong data-start=\"531\" data-end=\"556\">18 de octubre de 1986<\/strong>, en una jornada que qued\u00f3 marcada para siempre en la historia grande de <strong data-start=\"629\" data-end=\"647\">Chaco For Ever<\/strong>.<br data-start=\"648\" data-end=\"651\" \/>Aquel d\u00eda, con la presencia estelar de <strong data-start=\"690\" data-end=\"717\">Julio Humberto Grondona<\/strong>, entonces presidente de la AFA, el equipo chaque\u00f1o celebr\u00f3 la apertura de su nuevo hogar con un triunfo por <strong data-start=\"826\" data-end=\"871\">2 a 1 ante Atl\u00e9tico Concepci\u00f3n de Tucum\u00e1n<\/strong>. Desde entonces, el \u201cGigante de Cemento\u201d se convirti\u00f3 en un emblema de pasi\u00f3n, gloria y pertenencia, capaz de exportar f\u00fatbol y emoci\u00f3n a todo el pa\u00eds.<\/p>\n<h4 data-start=\"1027\" data-end=\"1062\"><strong data-start=\"1032\" data-end=\"1062\">El nacimiento de un coloso<\/strong><\/h4>\n<p data-start=\"1064\" data-end=\"1319\">El estadio de avenida 9 de Julio es, sin dudas, <strong data-start=\"1112\" data-end=\"1145\">el templo del f\u00fatbol chaque\u00f1o<\/strong>. Testigo de las mayores alegr\u00edas y de los momentos m\u00e1s duros del club, sobrevivi\u00f3 a crisis profundas y se mantuvo como el coraz\u00f3n de una instituci\u00f3n que respira identidad.<\/p>\n<p data-start=\"1321\" data-end=\"1628\">Aquel <strong data-start=\"1327\" data-end=\"1352\">18 de octubre de 1986<\/strong>, tras solo <strong data-start=\"1364\" data-end=\"1384\">120 d\u00edas de obra<\/strong>, las tribunas de cemento se levantaron como s\u00edmbolo de una nueva era. En una ceremonia multitudinaria, el estadio fue <strong data-start=\"1503\" data-end=\"1540\">rebautizado \u201cJuan Alberto Garc\u00eda\u201d<\/strong> en honor al entonces presidente del club, uno de los grandes impulsores del proyecto.<\/p>\n<h4 data-start=\"1630\" data-end=\"1673\"><strong data-start=\"1635\" data-end=\"1673\">Una fiesta que qued\u00f3 en la memoria<\/strong><\/h4>\n<p data-start=\"1675\" data-end=\"2177\">La jornada inaugural fue una verdadera fiesta popular. Estuvo el <strong>presi<\/strong><strong>d<\/strong><strong>ente de la AFA Julio Grondona<\/strong>, participaron el <strong data-start=\"1766\" data-end=\"1827\">subsecretario de Deportes de la Naci\u00f3n, Dr. Osvaldo Otero<\/strong>, y el <strong data-start=\"1834\" data-end=\"1856\">Dr. Jorge Propatto<\/strong>, representante del Consejo Federal de F\u00fatbol.<\/p>\n<p data-start=\"1675\" data-end=\"2177\">Los actos comenzaron con exhibiciones de <strong data-start=\"1946\" data-end=\"1975\">judo y gimnasia art\u00edstica<\/strong>, disciplinas hist\u00f3ricas del club, y culminaron con el partido amistoso entre For Ever y Atl\u00e9tico Concepci\u00f3n, donde el local se impuso 2-1 ante una multitud que colm\u00f3 cada rinc\u00f3n del flamante estadio.<\/p>\n<p data-start=\"2179\" data-end=\"2485\">Desde entonces, el \u201cJuan Alberto Garc\u00eda\u201d se transform\u00f3 en <strong data-start=\"2237\" data-end=\"2258\">s\u00edmbolo y refugio<\/strong>, escenario de ascensos, batallas deportivas, ilusiones y reencuentros. Hoy, junto al <strong data-start=\"2344\" data-end=\"2376\">microestadio \u201c19 de Febrero\u201d<\/strong>, conforma un complejo deportivo que enorgullece no solo a los forevistas, sino a todo el deporte chaque\u00f1o.<\/p>\n<h4 data-start=\"2487\" data-end=\"2525\"><strong data-start=\"2492\" data-end=\"2525\">Un coliseo que sigue latiendo<\/strong><\/h4>\n<p data-start=\"2527\" data-end=\"3000\">No hay hincha de For Ever que no se emocione al mencionar su estadio. El \u201cGigante\u201d es m\u00e1s que cemento y gradas: es memoria, historia viva, el eco de tantas generaciones que alentaron sin descanso.<br data-start=\"2723\" data-end=\"2726\" \/>En su <strong data-start=\"2732\" data-end=\"2750\">a\u00f1o 39 de vida<\/strong>, el coloso chaque\u00f1o sigue siendo escenario de noches inolvidables, como aquellas <strong data-start=\"2832\" data-end=\"2855\">18 jornadas de 2022<\/strong>, cuando el pueblo forevista volvi\u00f3 a celebrar el regreso del club a la <strong data-start=\"2927\" data-end=\"2947\">Primera Nacional<\/strong> y el estadio luci\u00f3 repleto, vibrando con cada gol.<\/p>\n<p data-start=\"3002\" data-end=\"3162\">Porque el <strong data-start=\"3012\" data-end=\"3035\">Juan Alberto Garc\u00eda<\/strong> no es solo un estadio:<br data-start=\"3058\" data-end=\"3061\" \/>es la <strong data-start=\"3067\" data-end=\"3093\">casa de un sentimiento<\/strong>, el lugar donde late el coraz\u00f3n de For Ever y del f\u00fatbol chaque\u00f1o.<\/p>\n<p><img decoding=\"async\" src=\"https:\/\/scontent.fcnq2-2.fna.fbcdn.net\/v\/t39.30808-6\/488766900_29274127022200849_6340607375234260110_n.jpg?_nc_cat=111&amp;ccb=1-7&amp;_nc_sid=3a1ebe&amp;_nc_eui2=AeFduR_xgcXNpIU-gSjvF0OV5M4hpxt1i-fkziGnG3WL55kWlXBIpYB8aQUkgEaH4YQ&amp;_nc_ohc=3CioI5_5s6wQ7kNvwFp9wiY&amp;_nc_oc=Adk0j4I4phsiv1iSbTeACmKaq-6X1JMSdky5dDX7b1Q7abtOni0QluPes2-opgrZ8Hg&amp;_nc_zt=23&amp;_nc_ht=scontent.fcnq2-2.fna&amp;_nc_gid=pAiBqi_6SYMHwo1GhcAe3w&amp;oh=00_AfdWEBeN8ATUblr9QUBj4P6l4rqfwH11kJCrfZEGDfKi0w&amp;oe=68F83555\" alt=\"No hay ninguna descripci\u00f3n de la foto disponible.\" \/><\/p>\n<p><img decoding=\"async\" src=\"https:\/\/scontent.fcnq2-1.fna.fbcdn.net\/v\/t39.30808-6\/489696917_29274126912200860_113764913315886936_n.jpg?_nc_cat=106&amp;ccb=1-7&amp;_nc_sid=3a1ebe&amp;_nc_eui2=AeFy17Nk8lDOEsUAvkyPx-L4R7OXmxzd25hHs5ebHN3bmG7LzUNPS8Yp_p_8NcoiLDU&amp;_nc_ohc=cy1RXnV3QGwQ7kNvwEMPR5Y&amp;_nc_oc=AdmXbJ_NdckXzl77ZrNGis_FE5HflblF37QmpSX2epCaugHzPga6ygYgxeymM3Cq2Nw&amp;_nc_zt=23&amp;_nc_ht=scontent.fcnq2-1.fna&amp;_nc_gid=sBwqEIL_dztFowlpcxLPkA&amp;oh=00_AfcQod31ztpp40vHOGKqJPSzfPZ1zXENHmih9q6L2EEOaA&amp;oe=68F80946\" alt=\"No hay ninguna descripci\u00f3n de la foto disponible.\" \/><\/p>\n<p><img decoding=\"async\" src=\"https:\/\/scontent.fcnq2-2.fna.fbcdn.net\/v\/t39.30808-6\/489907658_29274127108867507_2829855201029653938_n.jpg?_nc_cat=109&amp;ccb=1-7&amp;_nc_sid=3a1ebe&amp;_nc_eui2=AeH913zfKD0yP_rxgNRTkjcXwDuRjVrqVBrAO5GNWupUGoqnV8hxbhFIL34Z-d7Dwjw&amp;_nc_ohc=5aOFzEysdXYQ7kNvwFEEJBA&amp;_nc_oc=AdkNQfk7Hfto3vhhR_4NRn5RhqosGNAozkw6yoLjWOp4UqLgctTakulr-JYrjjiaKio&amp;_nc_zt=23&amp;_nc_ht=scontent.fcnq2-2.fna&amp;_nc_gid=boKGkcVzwUa6Sj44m6LkTg&amp;oh=00_AfeBFIPw6nLvsgHK2A9Dj9CRXY8JrYcjLLtwML96Hlq1oQ&amp;oe=68F82359\" alt=\"No hay ninguna descripci\u00f3n de la foto disponible.\" \/><\/p>\n","protected":false},"excerpt":{"rendered":"<p>45 \u00cdcono del f\u00fatbol chaque\u00f1o, templo de los forevistas. El \u00abJuan Alberto Garc\u00eda\u00bb fue inaugurado el 18 de octubre de 1986, en una jornada marcada en la historia por la visita de Julio Humberto Grondona, presidente de AFA, y por un 2 a 1 de For Ever ante Atl\u00e9tico Concepci\u00f3n de Tucum\u00e1n. El gigante de &hellip;<\/p>\n","protected":false},"author":2,"featured_media":27167,"comment_status":"open","ping_status":"open","sticky":false,"template":"","format":"standard","meta":{"footnotes":""},"categories":[78],"tags":[],"class_list":["post-27165","post","type-post","status-publish","format-standard","has-post-thumbnail","hentry","category-historias"],"_links":{"self":[{"href":"https:\/\/www.sportchaco.com.ar\/index.php?rest_route=\/wp\/v2\/posts\/27165","targetHints":{"allow":["GET"]}}],"collection":[{"href":"https:\/\/www.sportchaco.com.ar\/index.php?rest_route=\/wp\/v2\/posts"}],"about":[{"href":"https:\/\/www.sportchaco.com.ar\/index.php?rest_route=\/wp\/v2\/types\/post"}],"author":[{"embeddable":true,"href":"https:\/\/www.sportchaco.com.ar\/index.php?rest_route=\/wp\/v2\/users\/2"}],"replies":[{"embeddable":true,"href":"https:\/\/www.sportchaco.com.ar\/index.php?rest_route=%2Fwp%2Fv2%2Fcomments&post=27165"}],"version-history":[{"count":5,"href":"https:\/\/www.sportchaco.com.ar\/index.php?rest_route=\/wp\/v2\/posts\/27165\/revisions"}],"predecessor-version":[{"id":27196,"href":"https:\/\/www.sportchaco.com.ar\/index.php?rest_route=\/wp\/v2\/posts\/27165\/revisions\/27196"}],"wp:featuredmedia":[{"embeddable":true,"href":"https:\/\/www.sportchaco.com.ar\/index.php?rest_route=\/wp\/v2\/media\/27167"}],"wp:attachment":[{"href":"https:\/\/www.sportchaco.com.ar\/index.php?rest_route=%2Fwp%2Fv2%2Fmedia&parent=27165"}],"wp:term":[{"taxonomy":"category","embeddable":true,"href":"https:\/\/www.sportchaco.com.ar\/index.php?rest_route=%2Fwp%2Fv2%2Fcategories&post=27165"},{"taxonomy":"post_tag","embeddable":true,"href":"https:\/\/www.sportchaco.com.ar\/index.php?rest_route=%2Fwp%2Fv2%2Ftags&post=27165"}],"curies":[{"name":"wp","href":"https:\/\/api.w.org\/{rel}","templated":true}]}}