{"id":27189,"date":"2025-10-17T22:41:02","date_gmt":"2025-10-18T01:41:02","guid":{"rendered":"https:\/\/www.sportchaco.com.ar\/?p=27189"},"modified":"2025-10-17T22:45:02","modified_gmt":"2025-10-18T01:45:02","slug":"27189","status":"publish","type":"post","link":"https:\/\/www.sportchaco.com.ar\/?p=27189","title":{"rendered":"Racing se predio con la victoria frente a Aldosivi"},"content":{"rendered":"<div class=\"zox-post-bot-wrap\">\n<div class=\"zox-post-img-wrap\">\n<div class=\"zox-post-img left zoxrel zoxlh0\"><strong>Foto portada: Luciano Vietto la pic\u00f3 en el penal que le dio la victoria a La Academia. Fuente: Racing Twitter<\/strong><\/div>\n<\/div>\n<div><\/div>\n<\/div>\n<div class=\"zox-post-body-wrap left zoxrel\">\n<div class=\"zox-post-body left zoxrel zox100\">\n<p><span style=\"color: #ff0000;\">Por la fecha 13 de la fase de grupos del\u00a0<a style=\"color: #ff0000;\" href=\"https:\/\/elintransigente.com\/2025\/10\/clausura-2025-varias-sorpresas-en-los-convocados-de-gallardo-de-cara-a-talleres-vs-river\/\">Clausura 2025<\/a>,\u00a0<a style=\"color: #ff0000;\" href=\"https:\/\/elintransigente.com\/tag\/racing\/\">Racing<\/a>\u00a0derrot\u00f3 a\u00a0<a style=\"color: #ff0000;\" href=\"https:\/\/x.com\/clubaldosivi\">Aldosivi<\/a>\u00a0por 1 a 0 en el Cilindro de Avellaneda. La Academia tuvo un s\u00f3lido triunfo frente a sus hinchas. El \u00fanico gol del encuentro lo anot\u00f3 Luciano Vietto de penal durante el primer tiempo. Vale agregar que Gustavo Costas present\u00f3 un mix de titulares y suplentes.<\/span><\/p>\n<h3 id=\"h-las-tablas\" class=\"wp-block-heading\">Las tablas<\/h3>\n<p><strong>Gracias a la igualdad contra Independiente en el Cilindro de Avellaneda, Racing alcanz\u00f3 la 10\u00b0 ubicaci\u00f3n del Grupo A con 15 unidades a trav\u00e9s de cuatro victorias, tres empates y cinco derrotas<\/strong>. Es decir todav\u00eda tiene mucho camino por recorrer. Con 4 fechas por jugarse, la Academia est\u00e1 a solo 1 punto de los puestos de Playoffs.<\/p>\n<p><strong>En lo que respecta a la tabla anual, el conjunto de Costas se encuentra en la 7\u00b0 posici\u00f3n con 43 puntos gracias a trece triunfos, cuatro igualdades y once ca\u00eddas<\/strong>. De momento la Academia est\u00e1 clasificando directamente a la fase de grupos de la Copa Sudamericana 2026.<\/p>\n<h3 id=\"h-la-agenda\" class=\"wp-block-heading\">La agenda<\/h3>\n<p><strong>Tras el triunfo ante Aldosivi, el pr\u00f3ximo encuentro de Racing se llevar\u00e1 a cabo el mi\u00e9rcoles 22<\/strong>. Por la ida de las semifinales de la Copa Libertadores 2025, el conjunto de Costas enfrentar\u00e1 a Flamengo en Brasil.<\/p>\n<p>Se espera que el DT presente al once titular. Mientras que el mi\u00e9rcoles 29 se llevar\u00e1 a cabo la revancha en el Cilindro de Avellaneda.\u00a0<strong>En ambos casos el duelo comenzar\u00e1 a las 21.30 hrs. El ganador enfrentar\u00e1 en la gran final a Palmeiras o Liga de Quito<\/strong>.<\/p>\n<p><iframe loading=\"lazy\" class=\"entered litespeed-loaded\" title=\"YouTube video player\" src=\"https:\/\/www.youtube.com\/embed\/-S8jXNU5_Xk?si=QSQUymrsaPILNOEu\" width=\"560\" height=\"315\" frameborder=\"0\" allowfullscreen=\"allowfullscreen\" data-lazyloaded=\"1\" data-src=\"https:\/\/www.youtube.com\/embed\/-S8jXNU5_Xk?si=QSQUymrsaPILNOEu\" data-ll-status=\"loaded\" data-mce-fragment=\"1\"><\/iframe><\/p>\n<\/div>\n<div class=\"zox-post-body-bot left zoxrel zox100\">\n<div class=\"zox-post-body-width\">\n<div class=\"zox-post-tags left zoxrel zox100\"><span class=\"zox-post-tags-header\">En este ar<\/span><\/div>\n<\/div>\n<\/div>\n<\/div>\n","protected":false},"excerpt":{"rendered":"<p>Foto portada: Luciano Vietto la pic\u00f3 en el penal que le dio la victoria a La Academia. Fuente: Racing Twitter Por la fecha 13 de la fase de grupos del\u00a0Clausura 2025,\u00a0Racing\u00a0derrot\u00f3 a\u00a0Aldosivi\u00a0por 1 a 0 en el Cilindro de Avellaneda. La Academia tuvo un s\u00f3lido triunfo frente a sus hinchas. El \u00fanico gol del encuentro &hellip;<\/p>\n","protected":false},"author":2,"featured_media":27190,"comment_status":"open","ping_status":"open","sticky":false,"template":"","format":"standard","meta":{"footnotes":""},"categories":[47],"tags":[],"class_list":["post-27189","post","type-post","status-publish","format-standard","has-post-thumbnail","hentry","category-nacionales"],"_links":{"self":[{"href":"https:\/\/www.sportchaco.com.ar\/index.php?rest_route=\/wp\/v2\/posts\/27189","targetHints":{"allow":["GET"]}}],"collection":[{"href":"https:\/\/www.sportchaco.com.ar\/index.php?rest_route=\/wp\/v2\/posts"}],"about":[{"href":"https:\/\/www.sportchaco.com.ar\/index.php?rest_route=\/wp\/v2\/types\/post"}],"author":[{"embeddable":true,"href":"https:\/\/www.sportchaco.com.ar\/index.php?rest_route=\/wp\/v2\/users\/2"}],"replies":[{"embeddable":true,"href":"https:\/\/www.sportchaco.com.ar\/index.php?rest_route=%2Fwp%2Fv2%2Fcomments&post=27189"}],"version-history":[{"count":2,"href":"https:\/\/www.sportchaco.com.ar\/index.php?rest_route=\/wp\/v2\/posts\/27189\/revisions"}],"predecessor-version":[{"id":27194,"href":"https:\/\/www.sportchaco.com.ar\/index.php?rest_route=\/wp\/v2\/posts\/27189\/revisions\/27194"}],"wp:featuredmedia":[{"embeddable":true,"href":"https:\/\/www.sportchaco.com.ar\/index.php?rest_route=\/wp\/v2\/media\/27190"}],"wp:attachment":[{"href":"https:\/\/www.sportchaco.com.ar\/index.php?rest_route=%2Fwp%2Fv2%2Fmedia&parent=27189"}],"wp:term":[{"taxonomy":"category","embeddable":true,"href":"https:\/\/www.sportchaco.com.ar\/index.php?rest_route=%2Fwp%2Fv2%2Fcategories&post=27189"},{"taxonomy":"post_tag","embeddable":true,"href":"https:\/\/www.sportchaco.com.ar\/index.php?rest_route=%2Fwp%2Fv2%2Ftags&post=27189"}],"curies":[{"name":"wp","href":"https:\/\/api.w.org\/{rel}","templated":true}]}}