{"id":2719,"date":"2023-11-11T01:55:56","date_gmt":"2023-11-11T04:55:56","guid":{"rendered":"https:\/\/www.sportchaco.com.ar\/?p=2719"},"modified":"2023-11-11T01:55:56","modified_gmt":"2023-11-11T04:55:56","slug":"angel-deldo-abanderado-en-los-parapanamericanos","status":"publish","type":"post","link":"https:\/\/www.sportchaco.com.ar\/?p=2719","title":{"rendered":"\u00c1ngel Deld\u00f3, abanderado en los Parapanamericanos"},"content":{"rendered":"<p>El futbolista chaque\u00f1o \u00c1ngel Deld\u00f3 y la atleta Antonella Ruiz D\u00edaz fueron elegidos por el Comit\u00e9 Paral\u00edmpico Argentino para ser abanderados en la ceremonia inaugural de los Juegos Parapanamericanos de Santiago 2023, que se realizar\u00e1n desde el viernes 17 en el Estadio Nacional de la capital chilena.<\/p>\n<p>Deld\u00f3, integrante del plantel de los Murci\u00e9lagos que logr\u00f3 el bronce en R\u00edo de Janeiro 2016 y la plata en Tokio 2020 y Ruiz D\u00edaz, ganadora de la medalla de bronce en Tokio 2020 en lanzamiento de bala encabezar\u00e1n la delegaci\u00f3n albiceleste que est\u00e1 conformada por 206 atletas. Argentina tendr\u00e1 representantes en 17 disciplinas. Casi 2000 atletas provenientes de 31 pa\u00edses participar\u00e1n de los Juegos Parapanamericanos, que se desarrollar\u00e1n en la capital chilena entre el 17 y 26 de noviembre.<\/p>\n<p>Adem\u00e1s de competir por las medallas, tambi\u00e9n se otorgar\u00e1n plazas para los pr\u00f3ximos Paral\u00edmpicos Par\u00eds 2024 en F\u00fatbol para Ciegos, Goalball, B\u00e1squetbol en Sillas de Ruedas y Rugby en Sillas de Ruedas. Por otro lado, en Paraatletismo, Paranataci\u00f3n y Parapowerlifting se podr\u00e1n registrar las marcas m\u00ednimas necesarias o sumar puntos importantes para el ranking de clasificaci\u00f3n paral\u00edmpica.<\/p>\n","protected":false},"excerpt":{"rendered":"<p>El futbolista chaque\u00f1o \u00c1ngel Deld\u00f3 y la atleta Antonella Ruiz D\u00edaz fueron elegidos por el Comit\u00e9 Paral\u00edmpico Argentino para ser abanderados en la ceremonia inaugural de los Juegos Parapanamericanos de Santiago 2023, que se realizar\u00e1n desde el viernes 17 en el Estadio Nacional de la capital chilena. Deld\u00f3, integrante del plantel de los Murci\u00e9lagos que &hellip;<\/p>\n","protected":false},"author":3,"featured_media":2720,"comment_status":"open","ping_status":"open","sticky":false,"template":"","format":"standard","meta":{"footnotes":""},"categories":[8],"tags":[],"class_list":["post-2719","post","type-post","status-publish","format-standard","has-post-thumbnail","hentry","category-sport-nea"],"_links":{"self":[{"href":"https:\/\/www.sportchaco.com.ar\/index.php?rest_route=\/wp\/v2\/posts\/2719","targetHints":{"allow":["GET"]}}],"collection":[{"href":"https:\/\/www.sportchaco.com.ar\/index.php?rest_route=\/wp\/v2\/posts"}],"about":[{"href":"https:\/\/www.sportchaco.com.ar\/index.php?rest_route=\/wp\/v2\/types\/post"}],"author":[{"embeddable":true,"href":"https:\/\/www.sportchaco.com.ar\/index.php?rest_route=\/wp\/v2\/users\/3"}],"replies":[{"embeddable":true,"href":"https:\/\/www.sportchaco.com.ar\/index.php?rest_route=%2Fwp%2Fv2%2Fcomments&post=2719"}],"version-history":[{"count":1,"href":"https:\/\/www.sportchaco.com.ar\/index.php?rest_route=\/wp\/v2\/posts\/2719\/revisions"}],"predecessor-version":[{"id":2721,"href":"https:\/\/www.sportchaco.com.ar\/index.php?rest_route=\/wp\/v2\/posts\/2719\/revisions\/2721"}],"wp:featuredmedia":[{"embeddable":true,"href":"https:\/\/www.sportchaco.com.ar\/index.php?rest_route=\/wp\/v2\/media\/2720"}],"wp:attachment":[{"href":"https:\/\/www.sportchaco.com.ar\/index.php?rest_route=%2Fwp%2Fv2%2Fmedia&parent=2719"}],"wp:term":[{"taxonomy":"category","embeddable":true,"href":"https:\/\/www.sportchaco.com.ar\/index.php?rest_route=%2Fwp%2Fv2%2Fcategories&post=2719"},{"taxonomy":"post_tag","embeddable":true,"href":"https:\/\/www.sportchaco.com.ar\/index.php?rest_route=%2Fwp%2Fv2%2Ftags&post=2719"}],"curies":[{"name":"wp","href":"https:\/\/api.w.org\/{rel}","templated":true}]}}