{"id":27206,"date":"2025-10-18T12:54:13","date_gmt":"2025-10-18T15:54:13","guid":{"rendered":"https:\/\/www.sportchaco.com.ar\/?p=27206"},"modified":"2025-10-18T13:02:28","modified_gmt":"2025-10-18T16:02:28","slug":"boca-recibe-a-belgrano-a-las-18","status":"publish","type":"post","link":"https:\/\/www.sportchaco.com.ar\/?p=27206","title":{"rendered":"Boca recibe a Belgrano a las 18"},"content":{"rendered":"<h1><\/h1>\n<p>18\/10\/2025<\/p>\n<p><strong>Con el regreso de Paredes y sin Cavani nuevamente, Claudio \u00dabeda har\u00eda un solo cambio con respecto al equipo que gole\u00f3 a Newell&#8217;s en La Bombonera hace dos semanas para enfrentar desde las 18 a Belgrano. o. Ayer Racing vwenci\u00f3 a Aldosiva 1 a 0, Lan\u00fas a Godoy Gruz 2 a 0 y Argentinos a \u00d1ewell&#8217;s 3 a 1. Hoy completan Indepednietne Rivadavia &#8211; Banfield 15,45 y Talleres &#8211; River a las 20,30<\/strong><\/p>\n<p>&nbsp;<\/p>\n<p><img loading=\"lazy\" decoding=\"async\" class=\"mainImg r16x9\" title=\"Formaci\u00f3n de Boca (placa \u00dabeda)\" src=\"https:\/\/media.tycsports.com\/files\/2025\/10\/17\/893408\/formacion-de-boca-placa-ubeda_416x234.webp\" srcset=\"https:\/\/media.tycsports.com\/files\/2025\/10\/17\/893408\/formacion-de-boca-placa-ubeda_416x234.webp 960w,https:\/\/media.tycsports.com\/files\/2025\/10\/17\/893408\/formacion-de-boca-placa-ubeda_862x485.webp 1024w\" alt=\"Formaci\u00f3n de Boca (placa \u00dabeda)\" width=\"416\" height=\"234\" \/><\/p>\n<figure data-modal-description=\"Claudio \u00dabeda ser\u00e1 el t\u00e9cnico de Boca hasta fin de a\u00f1o tras el fallecimiento de Miguel \u00c1ngel Russo.\" data-modal-image=\"https:\/\/media.tycsports.com\/files\/2025\/10\/17\/893408\/formacion-de-boca-placa-ubeda_w862.webp\"><figcaption>Claudio \u00dabeda ser\u00e1 el t\u00e9cnico de Boca hasta fin de a\u00f1o tras el fallecimiento de Miguel \u00c1ngel Russo.<\/figcaption><\/figure>\n<p><span style=\"color: #000000;\">Luego de la postergaci\u00f3n del choque ante Barracas Central por el\u00a0<a style=\"color: #000000;\" href=\"http:\/\/fallecimiento%20https\/\/www.tycsports.com\/boca-juniors\/murio-miguel-angel-russo-id690821.htmlde%20Miguel%20%C3%81ngel%20Russo\" target=\"_blank\" rel=\"noopener\">fallecimiento de Miguel \u00c1ngel Russo<\/a>,\u00a0<a style=\"color: #000000;\" href=\"https:\/\/www.tycsports.com\/liga-profesional-de-futbol\/argentina-torneo-clausura-2025-boca-juniors-vs-belgrano-fecha-13-id692725.html\" target=\"_blank\" rel=\"noopener\">Boca volver\u00e1 a jugar este s\u00e1bado desde las 18 en La Bombonera ante Belgrano<\/a>, por la 13\u00b0 jornada del Torneo Clausura. Con el regreso de Leandro Paredes tras su convocatoria a la Selecci\u00f3n Argentina,\u00a0<b>Claudio \u00dabeda har\u00e1 un cambio obligado con respecto al equipo que\u00a0<a style=\"color: #000000;\" href=\"https:\/\/www.tycsports.com\/boca-juniors\/argentina-torneo-clausura-2025-boca-juniors-vs-newells-fecha-11-id690382.html\" target=\"_blank\" rel=\"noopener\">gole\u00f3 5 a 0 a Newell&#8217;s<\/a><\/b>\u00a0hace dos semanas.<\/span><\/p>\n<div class=\"alsoReadContainer\">\n<h2 class=\"alsoReadText\"><\/h2>\n<\/div>\n<p><span style=\"color: #000000;\">Alan Velasco, de buen partido ante la Lepra,\u00a0<b><a style=\"color: #000000;\" href=\"https:\/\/www.tycsports.com\/boca-juniors\/boca-alan-velasco-lesion-distension-ligamento-rodilla-recuperacion-id691388.html\" target=\"_blank\" rel=\"noopener\">sufri\u00f3 una distensi\u00f3n en el ligamento interno de su rodilla derecha<\/a><\/b>\u00a0y podr\u00eda perderse lo que resta del Torneo Clausura. Su reemplazante ser\u00e1 Carlos Palacios, que dej\u00f3 atr\u00e1s las molestias f\u00edsicas que lo marginaron de los partidos ante Defensa y Newell&#8217;s.<\/span><\/p>\n<p><b>Edinson Cavani continu\u00f3 entren\u00e1ndose apartado por su molestia en el psoas y qued\u00f3 descartado para el duelo ante el Pirata, por lo <span style=\"color: #000000;\">que\u00a0<\/span><\/b><span style=\"color: #000000;\"><b>Milton Gim\u00e9nez mantendr\u00eda su lugar en el once<\/b>. Cabe aclarar que el exdelantero de Banfield viene de marcar dos goles en la goleada frente al conjunto Rosarino.<\/span><\/p>\n<div id=\"video-cb-1807946\" class=\"videoPlayer cb-async\" data-contentid=\"1807946\" data-islive=\"false\" data-imaads=\"true\" data-src-video=\"https:\/\/genoa-player-api.vodgc.net\/content\/manifest\/1807946?default_quality=480P&amp;pid=11\" data-poster=\"https:\/\/media.tycsports.com\/files\/2025\/10\/05\/889849\/el-compacto-con-lo-mejor-de-la-goleada-de-boca-a-newells_416x234.webp\" data-videotitle=\"El compacto de la goleada de Boca a Newell's\" data-related-videos=\"{&quot;related&quot;:[]}\"><\/div>\n<p><span style=\"color: #000000;\"><b>El resto del equipo ser\u00eda el mismo que se viene asentando en los \u00faltimos partidos<\/b>, encuentros en los que,\u00a0<a style=\"color: #000000;\" href=\"https:\/\/www.tycsports.com\/liga-profesional-de-futbol\/argentina-torneo-clausura-2025-defensa-y-justicia-vs-boca-juniors-fecha-10-id688513.html\" target=\"_blank\" rel=\"noopener\">m\u00e1s all\u00e1 del tropiezo en Varela<\/a>, Boca encontr\u00f3 una idea de juego y lo traslad\u00f3 a los resultados.\u00a0<\/span><\/p>\n<h2>La posible formaci\u00f3n d<\/h2>\n<p>Agust\u00edn\u00a0<b>Marches\u00edn<\/b>; Juan\u00a0<b>Barinaga<\/b>, Lautaro\u00a0<b>Di Lollo<\/b>, Ayrton\u00a0<b>Costa<\/b>, Lautaro\u00a0<b>Blanco<\/b>; Rodrigo\u00a0<b>Battaglia<\/b>, Leandro\u00a0<b>Paredes<\/b>, Carlos\u00a0<b>Palacios<\/b>, Brian\u00a0<b>Aguirre<\/b>; Miguel\u00a0<b>Merentiel<\/b>, Milton\u00a0<b>Gim\u00e9nez<\/b>. DT: Claudio\u00a0<b>\u00dabeda<\/b>.<\/p>\n<p><img decoding=\"async\" src=\"https:\/\/api.promiedos.com.ar\/images\/team\/igf\/4\" alt=\"San Lorenzo\" \/><\/p>\n","protected":false},"excerpt":{"rendered":"<p>18\/10\/2025 Con el regreso de Paredes y sin Cavani nuevamente, Claudio \u00dabeda har\u00eda un solo cambio con respecto al equipo que gole\u00f3 a Newell&#8217;s en La Bombonera hace dos semanas para enfrentar desde las 18 a Belgrano. o. Ayer Racing vwenci\u00f3 a Aldosiva 1 a 0, Lan\u00fas a Godoy Gruz 2 a 0 y Argentinos &hellip;<\/p>\n","protected":false},"author":2,"featured_media":27210,"comment_status":"open","ping_status":"open","sticky":false,"template":"","format":"standard","meta":{"footnotes":""},"categories":[47],"tags":[],"class_list":["post-27206","post","type-post","status-publish","format-standard","has-post-thumbnail","hentry","category-nacionales"],"_links":{"self":[{"href":"https:\/\/www.sportchaco.com.ar\/index.php?rest_route=\/wp\/v2\/posts\/27206","targetHints":{"allow":["GET"]}}],"collection":[{"href":"https:\/\/www.sportchaco.com.ar\/index.php?rest_route=\/wp\/v2\/posts"}],"about":[{"href":"https:\/\/www.sportchaco.com.ar\/index.php?rest_route=\/wp\/v2\/types\/post"}],"author":[{"embeddable":true,"href":"https:\/\/www.sportchaco.com.ar\/index.php?rest_route=\/wp\/v2\/users\/2"}],"replies":[{"embeddable":true,"href":"https:\/\/www.sportchaco.com.ar\/index.php?rest_route=%2Fwp%2Fv2%2Fcomments&post=27206"}],"version-history":[{"count":1,"href":"https:\/\/www.sportchaco.com.ar\/index.php?rest_route=\/wp\/v2\/posts\/27206\/revisions"}],"predecessor-version":[{"id":27207,"href":"https:\/\/www.sportchaco.com.ar\/index.php?rest_route=\/wp\/v2\/posts\/27206\/revisions\/27207"}],"wp:featuredmedia":[{"embeddable":true,"href":"https:\/\/www.sportchaco.com.ar\/index.php?rest_route=\/wp\/v2\/media\/27210"}],"wp:attachment":[{"href":"https:\/\/www.sportchaco.com.ar\/index.php?rest_route=%2Fwp%2Fv2%2Fmedia&parent=27206"}],"wp:term":[{"taxonomy":"category","embeddable":true,"href":"https:\/\/www.sportchaco.com.ar\/index.php?rest_route=%2Fwp%2Fv2%2Fcategories&post=27206"},{"taxonomy":"post_tag","embeddable":true,"href":"https:\/\/www.sportchaco.com.ar\/index.php?rest_route=%2Fwp%2Fv2%2Ftags&post=27206"}],"curies":[{"name":"wp","href":"https:\/\/api.w.org\/{rel}","templated":true}]}}