{"id":27211,"date":"2025-10-18T22:45:59","date_gmt":"2025-10-19T01:45:59","guid":{"rendered":"https:\/\/www.sportchaco.com.ar\/?p=27211"},"modified":"2025-10-18T22:50:26","modified_gmt":"2025-10-19T01:50:26","slug":"efemerides-del-19-de-octubre-2","status":"publish","type":"post","link":"https:\/\/www.sportchaco.com.ar\/?p=27211","title":{"rendered":"Efem\u00e9rides del 19 de octubre"},"content":{"rendered":"<div class=\"container fullwidth-entry-title-wrapper\">\n<div class=\"container-wrapper fullwidth-entry-title\">\n<header class=\"entry-header-outer\">\n<div class=\"entry-header\">\n<div class=\"single-post-meta post-meta clearfix\">\n<div class=\"tie-alignright\">33<\/div>\n<\/div>\n<\/div>\n<\/header>\n<\/div>\n<\/div>\n<div id=\"content\" class=\"site-content container\">\n<div id=\"main-content-row\" class=\"tie-row main-content-row\">\n<div class=\"main-content tie-col-md-8 tie-col-xs-12\" role=\"main\">\n<article id=\"the-post\" class=\"container-wrapper post-content tie-standard\">\n<div class=\"featured-area\">\n<div class=\"featured-area-inner\">\n<figure class=\"single-featured-image\"><strong>Foto portada de CArlos Varese en 2006<\/strong><\/figure>\n<\/div>\n<\/div>\n<div class=\"entry-content entry clearfix\">\n<p>&nbsp;<\/p>\n<h5><\/h5>\n<h5><strong>Esta es la Efem\u00e9rides del Deporte en el Chaco de un 19 de octubre del periodista Luis Dar\u00edo Molodezky.<\/strong><\/h5>\n<p><img loading=\"lazy\" decoding=\"async\" class=\"alignnone size-medium wp-image-27151 aligncenter\" src=\"https:\/\/www.sportchaco.com.ar\/wp-content\/uploads\/2025\/10\/Luis-carita-4-287x300.jpg\" alt=\"\" width=\"287\" height=\"300\" srcset=\"https:\/\/www.sportchaco.com.ar\/wp-content\/uploads\/2025\/10\/Luis-carita-4-287x300.jpg 287w, https:\/\/www.sportchaco.com.ar\/wp-content\/uploads\/2025\/10\/Luis-carita-4.jpg 430w\" sizes=\"auto, (max-width: 287px) 100vw, 287px\" \/><\/p>\n<p>&nbsp;<\/p>\n<p><strong>1958\u00a0<\/strong>\/ El Club Am\u00e9rica, de General San Mart\u00edn, se clasifica campe\u00f3n de la temporada de la Liga Regional del Norte.<\/p>\n<p><strong>2006<\/strong>\u00a0\/El ciclista quitilipense Carlos Varese logra el t\u00edtulo de Campe\u00f3n Panamericano de Ciclismo en Pista en el vel\u00f3dromo \u201cJulio Polet\u201d de la ciudad de Mar Del Plata, en la especialidad Persecuci\u00f3n Individual. A d\u00eda siguiente logra con el equipo nacional la medalla de plata por equipos. Cosecha as\u00ed dos medallas en el torneo continental.<\/p>\n<p><strong>\u00a02007 \/<\/strong> Fallece a los 85 a\u00f1os\u00a0Dante Dell\u00b4Orto. Se inici\u00f3 en la actividad deportiva jugando para For Ever, bajo la presidencia de Alfredo Lotero, en la ex-Plaza Espa\u00f1a. Despu\u00e9s pas\u00f3 por Regional, Central Norte (junto a Julio El\u00edas Musimessi y Manuel Quiroga), Estudiantes en la \u00e9poca de oro, \u00cdtalo Argentino y Fontana cuando ten\u00eda 35 a\u00f1os. Practic\u00f3 entre otras disciplinas el ciclismo junto a Leo Parzianello en las famosas Vuelta de Margarita Bel\u00e9n; pesca y caza, tiro y colaborador permanente de todas las actividades que tengan que ver con el deporte. Declarado hincha de Chaco For Ever y San Lorenzo de Almagro.. Naci\u00f3 el 9 de mayo de 1922 en Puerto Tirol.<\/p>\n<p><strong>2008\u00a0<\/strong>\/ Se habilita el moto kart\u00f3dromo de Las Bre\u00f1as, con una extensi\u00f3n de 720 metros, ubicado a la vera de la ruta 89 a la altura de la calle Urquiza. El jovencito Giorgio Carrara fue el ganador de la jornada.<\/p>\n<p><strong>2009\u00a0<\/strong>\/ Mauro Mor\u00ednigo consigue el oro en salto triple, mientras y Guido Conti presea plata en garrocha, durante el 43\u00ba Campeonato Nacional de Menores disputado el pasado fin de semana en C\u00f3rdoba. Ambos atletas del Club Jos\u00e9 Mar\u00eda Paz de Resistencia. Mor\u00ednigo (17 a\u00f1os) hizo 13,30 metros en Salto Triple Menores y Guido Conti (16 a\u00f1os) salt\u00f3 3,90 metros en salto con garrocha.<\/p>\n<p>&nbsp;<\/p>\n<\/div>\n<div class=\"entry-content entry clearfix\">\n<p>&nbsp;<\/p>\n<\/div>\n<\/article>\n<\/div>\n<\/div>\n<\/div>\n","protected":false},"excerpt":{"rendered":"<p>33 Foto portada de CArlos Varese en 2006 &nbsp; Esta es la Efem\u00e9rides del Deporte en el Chaco de un 19 de octubre del periodista Luis Dar\u00edo Molodezky. &nbsp; 1958\u00a0\/ El Club Am\u00e9rica, de General San Mart\u00edn, se clasifica campe\u00f3n de la temporada de la Liga Regional del Norte. 2006\u00a0\/El ciclista quitilipense Carlos Varese logra &hellip;<\/p>\n","protected":false},"author":2,"featured_media":27213,"comment_status":"open","ping_status":"open","sticky":false,"template":"","format":"standard","meta":{"footnotes":""},"categories":[45,40],"tags":[],"class_list":["post-27211","post","type-post","status-publish","format-standard","has-post-thumbnail","hentry","category-efemerides-dia-por-dia","category-octubre"],"_links":{"self":[{"href":"https:\/\/www.sportchaco.com.ar\/index.php?rest_route=\/wp\/v2\/posts\/27211","targetHints":{"allow":["GET"]}}],"collection":[{"href":"https:\/\/www.sportchaco.com.ar\/index.php?rest_route=\/wp\/v2\/posts"}],"about":[{"href":"https:\/\/www.sportchaco.com.ar\/index.php?rest_route=\/wp\/v2\/types\/post"}],"author":[{"embeddable":true,"href":"https:\/\/www.sportchaco.com.ar\/index.php?rest_route=\/wp\/v2\/users\/2"}],"replies":[{"embeddable":true,"href":"https:\/\/www.sportchaco.com.ar\/index.php?rest_route=%2Fwp%2Fv2%2Fcomments&post=27211"}],"version-history":[{"count":6,"href":"https:\/\/www.sportchaco.com.ar\/index.php?rest_route=\/wp\/v2\/posts\/27211\/revisions"}],"predecessor-version":[{"id":27249,"href":"https:\/\/www.sportchaco.com.ar\/index.php?rest_route=\/wp\/v2\/posts\/27211\/revisions\/27249"}],"wp:featuredmedia":[{"embeddable":true,"href":"https:\/\/www.sportchaco.com.ar\/index.php?rest_route=\/wp\/v2\/media\/27213"}],"wp:attachment":[{"href":"https:\/\/www.sportchaco.com.ar\/index.php?rest_route=%2Fwp%2Fv2%2Fmedia&parent=27211"}],"wp:term":[{"taxonomy":"category","embeddable":true,"href":"https:\/\/www.sportchaco.com.ar\/index.php?rest_route=%2Fwp%2Fv2%2Fcategories&post=27211"},{"taxonomy":"post_tag","embeddable":true,"href":"https:\/\/www.sportchaco.com.ar\/index.php?rest_route=%2Fwp%2Fv2%2Ftags&post=27211"}],"curies":[{"name":"wp","href":"https:\/\/api.w.org\/{rel}","templated":true}]}}