{"id":27217,"date":"2025-10-18T19:08:32","date_gmt":"2025-10-18T22:08:32","guid":{"rendered":"https:\/\/www.sportchaco.com.ar\/?p=27217"},"modified":"2025-10-18T19:08:32","modified_gmt":"2025-10-18T22:08:32","slug":"el-martes-inaugurarian-obras-de-villa-san-martin","status":"publish","type":"post","link":"https:\/\/www.sportchaco.com.ar\/?p=27217","title":{"rendered":"El martes inaugurar\u00edan obras de Villa San Mart\u00edn"},"content":{"rendered":"<div id=\"feat-img-reg\" class=\"relative\"><\/div>\n<div id=\"left-content-mobi\">\n<div class=\"author-info-mob-wrap\"><strong>Este martes por la tarde probablemente, pero antes del viernes con seguridad, quedar\u00e1n inauguradas las tribunas de Villa San Mart\u00edn que dan espaldas a la calle G\u00fcemes, totalmente met\u00e1licas, con cabina de transmisi\u00f3n en el centro para TV, y debajo vestuarios y sanitarios. <\/strong><\/div>\n<div><\/div>\n<div class=\"author-info-mob-wrap\">La obra que se inici\u00f3 a finales de la temporada pasada, est\u00e1 en los detalles finales, y tendr\u00e1 su promer partido oficial el 31 deoctubre, en el inicio de la Liga Argentina, cuando el tircolor reciba la visita de In dpendiente de Santiago del Estero.<\/div>\n<\/div>\n<div><\/div>\n<div>\n<h3 data-start=\"210\" data-end=\"316\"><strong data-start=\"214\" data-end=\"316\">Villa San Mart\u00edn se renueva: nuevas tribunas, presentaci\u00f3n oficial y sue\u00f1os para la Liga Argentina<\/strong><\/h3>\n<p data-start=\"318\" data-end=\"578\"><strong data-start=\"318\" data-end=\"578\">El \u201cTricolor\u201d vive d\u00edas de intensa actividad: la inminente inauguraci\u00f3n de las tribunas met\u00e1licas que dan espaldas a la calle G\u00fcemes y la presentaci\u00f3n oficial del plantel 2025\/26 en el Hotel Amerian marcan el inicio de una nueva etapa cargada de ilusiones.<\/strong><\/p>\n<p data-start=\"580\" data-end=\"1004\">Villa San Mart\u00edn se prepara para un nuevo cap\u00edtulo en su historia deportiva. Este martes por la tarde \u2014aunque con seguridad antes del viernes\u2014 quedar\u00e1n inauguradas las flamantes tribunas met\u00e1licas ubicadas sobre la calle G\u00fcemes. La estructura, que incluye una moderna cabina de transmisi\u00f3n para televisi\u00f3n y debajo vestuarios y sanitarios, comenz\u00f3 a construirse a fines de la temporada pasada y est\u00e1 en los detalles finales.<\/p>\n<p data-start=\"1006\" data-end=\"1222\">El estreno oficial de este nuevo espacio ser\u00e1 el <strong data-start=\"1055\" data-end=\"1072\">31 de octubre<\/strong>, cuando el conjunto \u201cTricolor\u201d reciba a <strong data-start=\"1113\" data-end=\"1153\">Independiente de Santiago del Estero<\/strong> en el partido inaugural de la <strong data-start=\"1184\" data-end=\"1221\">Liga Argentina de B\u00e1squet 2025\/26<\/strong>.<\/p>\n<hr data-start=\"1224\" data-end=\"1227\" \/>\n<h3 data-start=\"1229\" data-end=\"1261\"><strong data-start=\"1233\" data-end=\"1261\">Una presentaci\u00f3n de lujo<\/strong><\/h3>\n<p data-start=\"1263\" data-end=\"1610\">En el elegante sal\u00f3n del <strong data-start=\"1288\" data-end=\"1305\">Hotel Amerian<\/strong> de Resistencia, Villa San Mart\u00edn present\u00f3 oficialmente su indumentaria deportiva para la temporada. El evento reuni\u00f3 a integrantes de la comisi\u00f3n directiva, autoridades provinciales y representantes de empresas privadas, que una vez m\u00e1s renovaron su apoyo al \u00fanico representante chaque\u00f1o en la categor\u00eda.<\/p>\n<hr data-start=\"1612\" data-end=\"1615\" \/>\n<h3 data-start=\"1617\" data-end=\"1645\"><strong data-start=\"1621\" data-end=\"1645\">Orgullo y compromiso<\/strong><\/h3>\n<p data-start=\"1647\" data-end=\"1765\">Durante la ceremonia, el presidente <strong data-start=\"1683\" data-end=\"1699\">Ricardo Siri<\/strong> expres\u00f3 su satisfacci\u00f3n por el comienzo de una nueva temporada:<\/p>\n<blockquote data-start=\"1766\" data-end=\"2103\">\n<p data-start=\"1768\" data-end=\"2103\">\u201cEs una enorme alegr\u00eda poder presentar el nuevo equipo y el nuevo cuerpo t\u00e9cnico. Agradecemos al Gobierno de la Provincia y a las empresas privadas que siguen confiando en nosotros. Esta ser\u00e1 nuestra d\u00e9cima temporada en la Liga, y la afrontamos con esperanzas e ilusiones de que el equipo nos representar\u00e1 de la mejor manera\u201d, destac\u00f3.<\/p>\n<\/blockquote>\n<p data-start=\"2105\" data-end=\"2243\">Siri estuvo acompa\u00f1ado por <strong data-start=\"2132\" data-end=\"2157\">Mart\u00edn P\u00e9rez Bataglia<\/strong> (vicepresidente) y <strong data-start=\"2177\" data-end=\"2196\">Gustavo Galarza<\/strong> (tesorero), miembros de la comisi\u00f3n directiva.<\/p>\n<p><img loading=\"lazy\" decoding=\"async\" class=\"alignnone size-medium wp-image-27219\" src=\"https:\/\/www.sportchaco.com.ar\/wp-content\/uploads\/2025\/10\/WhatsApp-Image-2025-10-18-at-18.58.07-2-300x224.jpeg\" alt=\"\" width=\"300\" height=\"224\" srcset=\"https:\/\/www.sportchaco.com.ar\/wp-content\/uploads\/2025\/10\/WhatsApp-Image-2025-10-18-at-18.58.07-2-300x224.jpeg 300w, https:\/\/www.sportchaco.com.ar\/wp-content\/uploads\/2025\/10\/WhatsApp-Image-2025-10-18-at-18.58.07-2-1024x766.jpeg 1024w, https:\/\/www.sportchaco.com.ar\/wp-content\/uploads\/2025\/10\/WhatsApp-Image-2025-10-18-at-18.58.07-2-768x575.jpeg 768w, https:\/\/www.sportchaco.com.ar\/wp-content\/uploads\/2025\/10\/WhatsApp-Image-2025-10-18-at-18.58.07-2-1536x1149.jpeg 1536w, https:\/\/www.sportchaco.com.ar\/wp-content\/uploads\/2025\/10\/WhatsApp-Image-2025-10-18-at-18.58.07-2.jpeg 1600w\" sizes=\"auto, (max-width: 300px) 100vw, 300px\" \/> <img loading=\"lazy\" decoding=\"async\" class=\"alignnone size-medium wp-image-27220\" src=\"https:\/\/www.sportchaco.com.ar\/wp-content\/uploads\/2025\/10\/WhatsApp-Image-2025-10-18-at-18.58.07-1-300x224.jpeg\" alt=\"\" width=\"300\" height=\"224\" srcset=\"https:\/\/www.sportchaco.com.ar\/wp-content\/uploads\/2025\/10\/WhatsApp-Image-2025-10-18-at-18.58.07-1-300x224.jpeg 300w, https:\/\/www.sportchaco.com.ar\/wp-content\/uploads\/2025\/10\/WhatsApp-Image-2025-10-18-at-18.58.07-1-1024x766.jpeg 1024w, https:\/\/www.sportchaco.com.ar\/wp-content\/uploads\/2025\/10\/WhatsApp-Image-2025-10-18-at-18.58.07-1-768x575.jpeg 768w, https:\/\/www.sportchaco.com.ar\/wp-content\/uploads\/2025\/10\/WhatsApp-Image-2025-10-18-at-18.58.07-1-1536x1149.jpeg 1536w, https:\/\/www.sportchaco.com.ar\/wp-content\/uploads\/2025\/10\/WhatsApp-Image-2025-10-18-at-18.58.07-1.jpeg 1600w\" sizes=\"auto, (max-width: 300px) 100vw, 300px\" \/><\/p>\n<hr data-start=\"2245\" data-end=\"2248\" \/>\n<h3 data-start=\"2250\" data-end=\"2285\"><strong data-start=\"2254\" data-end=\"2285\">El valor del \u2018sexto hombre\u2019<\/strong><\/h3>\n<p data-start=\"2287\" data-end=\"2395\">El entrenador principal, <strong data-start=\"2312\" data-end=\"2338\">Eduardo \u201cChiche\u201d J\u00e1pez<\/strong>, se mostr\u00f3 entusiasmado por el desaf\u00edo que se avecina:<\/p>\n<blockquote data-start=\"2396\" data-end=\"2643\">\n<p data-start=\"2398\" data-end=\"2643\">\u201cLa nueva indumentaria es muy linda, genera identidad. Y esa identidad debe reflejar lo que significa Villa San Mart\u00edn. Queremos que el equipo contagie energ\u00eda a la hinchada; el sexto hombre ser\u00e1 nuestra gente, la que nos empuja y nos acompa\u00f1a\u201d.<\/p>\n<\/blockquote>\n<hr data-start=\"2645\" data-end=\"2648\" \/>\n<h3 data-start=\"2650\" data-end=\"2676\"><strong data-start=\"2654\" data-end=\"2676\">Palabra de capit\u00e1n<\/strong><\/h3>\n<p data-start=\"2678\" data-end=\"2779\">Por su parte, <strong data-start=\"2692\" data-end=\"2707\">Favio Vieta<\/strong>, capit\u00e1n del equipo y referente dentro y fuera de la cancha, sostuvo:<\/p>\n<blockquote data-start=\"2780\" data-end=\"2995\">\n<p data-start=\"2782\" data-end=\"2995\">\u201cEstamos entrenando bien y con el correr del torneo iremos ajustando nuestras expectativas. El campeonato te pone en el lugar que merec\u00e9s, pero siempre pensamos en dar lo mejor y mejorar temporada tras temporada\u201d.<\/p>\n<\/blockquote>\n<hr data-start=\"2997\" data-end=\"3000\" \/>\n<h3 data-start=\"3002\" data-end=\"3028\"><strong data-start=\"3006\" data-end=\"3028\">Plantel confirmado<\/strong><\/h3>\n<p data-start=\"3030\" data-end=\"3301\">El <strong data-start=\"3033\" data-end=\"3052\">plantel 2025\/26<\/strong> de Villa San Mart\u00edn est\u00e1 integrado por:<br data-start=\"3092\" data-end=\"3095\" \/><strong data-start=\"3095\" data-end=\"3301\">Santiago Rath, Maximiliano Mart\u00edn, Facundo Gago, Emir P\u00e9rez Barrios, Est\u00e9fano Simondi, Agust\u00edn Camisasca, Favio Vieta, Lautaro Florito, Maximiliano Bottaro, Gael Carrasco, R\u00f3mulo Gusmao y Eli\u00e1n Centeno.<\/strong><\/p>\n<p data-start=\"3303\" data-end=\"3667\">El <strong data-start=\"3306\" data-end=\"3324\">cuerpo t\u00e9cnico<\/strong> lo conforman:<br data-start=\"3338\" data-end=\"3341\" \/><strong data-start=\"3341\" data-end=\"3358\">Eduardo J\u00e1pez<\/strong> (entrenador principal), <strong data-start=\"3383\" data-end=\"3401\">Hugo Camisasca<\/strong> (primer asistente), <strong data-start=\"3422\" data-end=\"3440\">Gonzalo Flores<\/strong> (segundo asistente), <strong data-start=\"3462\" data-end=\"3480\">Imanol Escobar<\/strong> (preparador f\u00edsico), <strong data-start=\"3502\" data-end=\"3519\">Romina Bogado<\/strong> (psic\u00f3loga), <strong data-start=\"3533\" data-end=\"3552\">Sof\u00eda Frangioli<\/strong> (nutricionista), <strong data-start=\"3570\" data-end=\"3588\">Pablo Castillo<\/strong> (kinesi\u00f3logo), <strong data-start=\"3604\" data-end=\"3618\">Enzo N\u00falez<\/strong> (utilero) y <strong data-start=\"3631\" data-end=\"3649\">Sergio Ruberto<\/strong> (jefe de equipo).<\/p>\n<\/div>\n<div id=\"tps_slideContainer_28865\" class=\"theiaPostSlider_slides\">\n<div><\/div>\n<p><img decoding=\"async\" class=\" lazyloaded\" src=\"https:\/\/baskettotal.com.ar\/wp-content\/uploads\/2025\/10\/12-FOTO-120-1000x600.jpg\" data-src=\"https:\/\/baskettotal.com.ar\/wp-content\/uploads\/2025\/10\/12-FOTO-120-1000x600.jpg\" \/><\/p>\n<\/div>\n","protected":false},"excerpt":{"rendered":"<p>Este martes por la tarde probablemente, pero antes del viernes con seguridad, quedar\u00e1n inauguradas las tribunas de Villa San Mart\u00edn que dan espaldas a la calle G\u00fcemes, totalmente met\u00e1licas, con cabina de transmisi\u00f3n en el centro para TV, y debajo vestuarios y sanitarios. La obra que se inici\u00f3 a finales de la temporada pasada, est\u00e1 &hellip;<\/p>\n","protected":false},"author":2,"featured_media":27218,"comment_status":"open","ping_status":"open","sticky":false,"template":"","format":"standard","meta":{"footnotes":""},"categories":[3],"tags":[],"class_list":["post-27217","post","type-post","status-publish","format-standard","has-post-thumbnail","hentry","category-basquetbol"],"_links":{"self":[{"href":"https:\/\/www.sportchaco.com.ar\/index.php?rest_route=\/wp\/v2\/posts\/27217","targetHints":{"allow":["GET"]}}],"collection":[{"href":"https:\/\/www.sportchaco.com.ar\/index.php?rest_route=\/wp\/v2\/posts"}],"about":[{"href":"https:\/\/www.sportchaco.com.ar\/index.php?rest_route=\/wp\/v2\/types\/post"}],"author":[{"embeddable":true,"href":"https:\/\/www.sportchaco.com.ar\/index.php?rest_route=\/wp\/v2\/users\/2"}],"replies":[{"embeddable":true,"href":"https:\/\/www.sportchaco.com.ar\/index.php?rest_route=%2Fwp%2Fv2%2Fcomments&post=27217"}],"version-history":[{"count":1,"href":"https:\/\/www.sportchaco.com.ar\/index.php?rest_route=\/wp\/v2\/posts\/27217\/revisions"}],"predecessor-version":[{"id":27221,"href":"https:\/\/www.sportchaco.com.ar\/index.php?rest_route=\/wp\/v2\/posts\/27217\/revisions\/27221"}],"wp:featuredmedia":[{"embeddable":true,"href":"https:\/\/www.sportchaco.com.ar\/index.php?rest_route=\/wp\/v2\/media\/27218"}],"wp:attachment":[{"href":"https:\/\/www.sportchaco.com.ar\/index.php?rest_route=%2Fwp%2Fv2%2Fmedia&parent=27217"}],"wp:term":[{"taxonomy":"category","embeddable":true,"href":"https:\/\/www.sportchaco.com.ar\/index.php?rest_route=%2Fwp%2Fv2%2Fcategories&post=27217"},{"taxonomy":"post_tag","embeddable":true,"href":"https:\/\/www.sportchaco.com.ar\/index.php?rest_route=%2Fwp%2Fv2%2Ftags&post=27217"}],"curies":[{"name":"wp","href":"https:\/\/api.w.org\/{rel}","templated":true}]}}