{"id":27222,"date":"2025-10-18T19:16:28","date_gmt":"2025-10-18T22:16:28","guid":{"rendered":"https:\/\/www.sportchaco.com.ar\/?p=27222"},"modified":"2025-10-18T19:16:28","modified_gmt":"2025-10-18T22:16:28","slug":"adios-a-ricardo-nunez-un-apasionado-del-basquet-chaqueno","status":"publish","type":"post","link":"https:\/\/www.sportchaco.com.ar\/?p=27222","title":{"rendered":"Adi\u00f3s a Ricardo N\u00fa\u00f1ez, un apasionado del b\u00e1squet chaque\u00f1o"},"content":{"rendered":"<header>\n<h3 data-start=\"166\" data-end=\"231\"><\/h3>\n<p data-start=\"233\" data-end=\"440\"><strong data-start=\"233\" data-end=\"440\">A los 80 a\u00f1os, falleci\u00f3 Ricardo David N\u00fa\u00f1ez, hist\u00f3rico \u00e1rbitro y referente del b\u00e1squet de la regi\u00f3n. Su partida genera profunda conmoci\u00f3n y deja una huella imborrable en la comunidad deportiva del Chaco.<\/strong><\/p>\n<p data-start=\"442\" data-end=\"690\">El b\u00e1squet chaque\u00f1o perdi\u00f3 este s\u00e1bado a una de sus figuras m\u00e1s queridas. A los 80 a\u00f1os falleci\u00f3 <strong data-start=\"539\" data-end=\"562\">Ricardo David N\u00fa\u00f1ez<\/strong>, recordado y respetado \u00e1rbitro que dedic\u00f3 su vida a la disciplina con una pasi\u00f3n que trascendi\u00f3 las canchas y las generaciones.<\/p>\n<p data-start=\"692\" data-end=\"795\">La noticia fue confirmada por su esposa <strong data-start=\"732\" data-end=\"740\">Doli<\/strong>, quien lo despidi\u00f3 con palabras llenas de amor y fe:<\/p>\n<blockquote data-start=\"796\" data-end=\"942\">\n<p data-start=\"798\" data-end=\"942\">\u201cParti\u00f3 a los brazos del Se\u00f1or. Lo recordaremos con amor y por su pasi\u00f3n por el b\u00e1squet. Esperame con Juanita. Ya nos reencontraremos los tres\u201d.<\/p>\n<\/blockquote>\n<p data-start=\"944\" data-end=\"1149\">Acompa\u00f1ada por su hija <strong data-start=\"967\" data-end=\"978\">Marisel<\/strong>, sus nietos y su yerno, la familia de Ricardo acompa\u00f1\u00f3 con entereza un adi\u00f3s que conmovi\u00f3 a todos los que compartieron con \u00e9l tantos a\u00f1os de deporte, ense\u00f1anza y amistad.<\/p>\n<hr data-start=\"1151\" data-end=\"1154\" \/>\n<h3 data-start=\"1156\" data-end=\"1197\"><strong data-start=\"1160\" data-end=\"1197\">Una vida entre silbatos y valores<\/strong><\/h3>\n<p data-start=\"1199\" data-end=\"1627\">N\u00fa\u00f1ez fue mucho m\u00e1s que un \u00e1rbitro. Su nombre se asocia a la <strong data-start=\"1260\" data-end=\"1302\">honestidad, la dedicaci\u00f3n y el respeto<\/strong> dentro y fuera del rect\u00e1ngulo de juego. Durante d\u00e9cadas, recorri\u00f3 clubes, torneos y estadios dejando en cada encuentro una ense\u00f1anza, una sonrisa y una palabra justa.<br data-start=\"1469\" data-end=\"1472\" \/>Quienes lo conocieron destacan su <strong data-start=\"1506\" data-end=\"1546\">pasi\u00f3n inquebrantable por el b\u00e1squet<\/strong>, su esp\u00edritu colaborador y su permanente vocaci\u00f3n por formar, guiar y acompa\u00f1ar.<\/p>\n<p data-start=\"1629\" data-end=\"1858\">Su figura se gan\u00f3 el cari\u00f1o de jugadores, entrenadores y colegas, que lo recuerdan como un <strong data-start=\"1720\" data-end=\"1779\">hombre \u00edntegro, de car\u00e1cter firme pero coraz\u00f3n generoso<\/strong>, siempre dispuesto a compartir an\u00e9cdotas, consejos y vivencias de otro tiempo.<\/p>\n<hr data-start=\"1860\" data-end=\"1863\" \/>\n<h3 data-start=\"1865\" data-end=\"1888\"><strong data-start=\"1869\" data-end=\"1888\">El \u00faltimo adi\u00f3s<\/strong><\/h3>\n<p data-start=\"1890\" data-end=\"2225\">El velatorio de Ricardo N\u00fa\u00f1ez se realiza en la <strong data-start=\"1937\" data-end=\"1954\">sala De Bonis<\/strong>, en Juan B. Justo esquina Arbo y Blanco, donde amigos, compa\u00f1eros, \u00e1rbitros y vecinos se acercan a despedirlo hasta la ma\u00f1ana del domingo 19 de octubre.<br data-start=\"2107\" data-end=\"2110\" \/>Luego, sus restos ser\u00e1n trasladados al <strong data-start=\"2149\" data-end=\"2179\">cementerio de Puerto Tirol<\/strong>, donde descansar\u00e1 junto a sus seres queridos.<\/p>\n<hr data-start=\"2227\" data-end=\"2230\" \/>\n<h3 data-start=\"2232\" data-end=\"2261\"><strong data-start=\"2236\" data-end=\"2261\">Una huella imborrable<\/strong><\/h3>\n<p data-start=\"2263\" data-end=\"2574\">Con su partida, el b\u00e1squet chaque\u00f1o despide a un referente que supo ganarse un lugar de respeto en cada cancha y en cada coraz\u00f3n.<br data-start=\"2392\" data-end=\"2395\" \/>Su legado permanecer\u00e1 vivo en quienes lo conocieron, en los j\u00f3venes \u00e1rbitros que form\u00f3 con paciencia y en todos los que alguna vez escucharon su silbato marcar el ritmo del juego.<\/p>\n<p data-start=\"2576\" data-end=\"2749\">Ricardo David N\u00fa\u00f1ez se va f\u00edsicamente, pero su ejemplo \u2014hecho de humildad, compromiso y amor por el b\u00e1squet\u2014 seguir\u00e1 siendo parte de la historia grande del deporte chaque\u00f1o.<\/p>\n<\/header>\n<section class=\"body\">\n<section class=\"content\">\n<div class=\"main-text\">\n<div class=\"social\">\n<div class=\"share\"><\/div>\n<\/div>\n<div class=\" large m_image\">\n<figure><picture><source srcset=\"https:\/\/www.diarionorte.com\/content\/bucket\/7\/432647w790h444c.jpg.webp\" type=\"image\/webp\" media=\"(min-width: 640px)\" \/><source srcset=\"https:\/\/www.diarionorte.com\/content\/bucket\/7\/432647w440h248c.jpg.webp\" type=\"image\/webp\" media=\"(min-width: 300px)\" \/><source srcset=\"https:\/\/www.diarionorte.com\/content\/bucket\/7\/432647w790h444c.jpg\" media=\"(min-width: 300px)\" \/><img loading=\"lazy\" decoding=\"async\" class=\"pic\" src=\"https:\/\/www.diarionorte.com\/content\/bucket\/7\/432647w790h444c.jpg.webp\" alt=\"\" width=\"790\" height=\"444\" \/><\/picture><figcaption>Conmoci\u00f3n en el b\u00e1squet chaque\u00f1o por la muerte de Ricardo Nu\u00f1ez, referente y apasionado \u00e1rbitro.<\/figcaption><\/figure>\n<\/div>\n<p>N\u00fa\u00f1ez, de 80 a\u00f1os, falleci\u00f3 este s\u00e1bado 18 de octubre de 2025 seg\u00fan lo inform\u00f3 su esposa Doli, quien lo despidi\u00f3 con un emotivo mensaje: \u00ab<strong>Parti\u00f3 a los brazos del Se\u00f1or. Lo recordaremos con amor y por su pasi\u00f3n por el b\u00e1squet. Esperame con Juanita. Ya nos reencontraremos los tres<\/strong>\u00ab.<\/p>\n<div class=\"left small m_image\" style=\"text-align: center;\">\n<figure><picture><img loading=\"lazy\" decoding=\"async\" class=\"pic\" src=\"https:\/\/www.diarionorte.com\/content\/bucket\/8\/432648w250h553c.jpg.webp\" alt=\"\" width=\"250\" height=\"553\" \/><\/picture><figcaption>Ricardo David N\u00fa\u00f1ez, referente y apasionado \u00e1rbitro. Muri\u00f3 este s\u00e1bado 18 de octubre de 2025. Ten\u00eda 80 a\u00f1os.<\/figcaption><\/figure>\n<\/div>\n<p>Acompa\u00f1ada por su hija Marisel, nietos y yerno, la familia de Ricardo se destac\u00f3 por la huella que dej\u00f3 en la disciplina, donde supo ganarse el respeto y el cari\u00f1o de quienes compartieron la cancha y la vida con \u00e9l.<\/p>\n<p>El velatorio se realiza en la sala De Bonis, ubicada en Juan B. Justo esquina Arbo y Blanco, donde amigos, colegas y vecinos podr\u00e1n despedirlo hasta las 10 de la ma\u00f1ana de este domingo 19 de octubre. Luego, los restos de Nu\u00f1ez ser\u00e1n trasladados al cementerio de Puerto Tirol, donde recibir\u00e1 el \u00faltimo adi\u00f3s de sus seres queridos.<\/p>\n<p>La partida de Ricardo N\u00fa\u00f1ez deja una marca imborrable en el deporte chaque\u00f1o y en todos aquellos que lo conocieron, destacando no solo su trayectoria profesional sino tambi\u00e9n el afecto y la pasi\u00f3n con la que vivi\u00f3 cada momento relacionado al b\u00e1squet.<\/p>\n<\/div>\n<\/section>\n<\/section>\n","protected":false},"excerpt":{"rendered":"<p>A los 80 a\u00f1os, falleci\u00f3 Ricardo David N\u00fa\u00f1ez, hist\u00f3rico \u00e1rbitro y referente del b\u00e1squet de la regi\u00f3n. Su partida genera profunda conmoci\u00f3n y deja una huella imborrable en la comunidad deportiva del Chaco. El b\u00e1squet chaque\u00f1o perdi\u00f3 este s\u00e1bado a una de sus figuras m\u00e1s queridas. A los 80 a\u00f1os falleci\u00f3 Ricardo David N\u00fa\u00f1ez, recordado &hellip;<\/p>\n","protected":false},"author":2,"featured_media":27223,"comment_status":"open","ping_status":"open","sticky":false,"template":"","format":"standard","meta":{"footnotes":""},"categories":[3],"tags":[],"class_list":["post-27222","post","type-post","status-publish","format-standard","has-post-thumbnail","hentry","category-basquetbol"],"_links":{"self":[{"href":"https:\/\/www.sportchaco.com.ar\/index.php?rest_route=\/wp\/v2\/posts\/27222","targetHints":{"allow":["GET"]}}],"collection":[{"href":"https:\/\/www.sportchaco.com.ar\/index.php?rest_route=\/wp\/v2\/posts"}],"about":[{"href":"https:\/\/www.sportchaco.com.ar\/index.php?rest_route=\/wp\/v2\/types\/post"}],"author":[{"embeddable":true,"href":"https:\/\/www.sportchaco.com.ar\/index.php?rest_route=\/wp\/v2\/users\/2"}],"replies":[{"embeddable":true,"href":"https:\/\/www.sportchaco.com.ar\/index.php?rest_route=%2Fwp%2Fv2%2Fcomments&post=27222"}],"version-history":[{"count":1,"href":"https:\/\/www.sportchaco.com.ar\/index.php?rest_route=\/wp\/v2\/posts\/27222\/revisions"}],"predecessor-version":[{"id":27224,"href":"https:\/\/www.sportchaco.com.ar\/index.php?rest_route=\/wp\/v2\/posts\/27222\/revisions\/27224"}],"wp:featuredmedia":[{"embeddable":true,"href":"https:\/\/www.sportchaco.com.ar\/index.php?rest_route=\/wp\/v2\/media\/27223"}],"wp:attachment":[{"href":"https:\/\/www.sportchaco.com.ar\/index.php?rest_route=%2Fwp%2Fv2%2Fmedia&parent=27222"}],"wp:term":[{"taxonomy":"category","embeddable":true,"href":"https:\/\/www.sportchaco.com.ar\/index.php?rest_route=%2Fwp%2Fv2%2Fcategories&post=27222"},{"taxonomy":"post_tag","embeddable":true,"href":"https:\/\/www.sportchaco.com.ar\/index.php?rest_route=%2Fwp%2Fv2%2Ftags&post=27222"}],"curies":[{"name":"wp","href":"https:\/\/api.w.org\/{rel}","templated":true}]}}