{"id":27256,"date":"2025-10-19T22:36:02","date_gmt":"2025-10-20T01:36:02","guid":{"rendered":"https:\/\/www.sportchaco.com.ar\/?p=27256"},"modified":"2025-10-19T22:36:50","modified_gmt":"2025-10-20T01:36:50","slug":"efemerides-del-20-de-octubre","status":"publish","type":"post","link":"https:\/\/www.sportchaco.com.ar\/?p=27256","title":{"rendered":"Efem\u00e9rides del 20 de octubre"},"content":{"rendered":"<div class=\"container fullwidth-entry-title-wrapper\">\n<div class=\"container-wrapper fullwidth-entry-title\">\n<header class=\"entry-header-outer\">\n<div class=\"entry-header\">\n<h6 class=\"post-title entry-title\">Foto portada de Carolina Guti\u00e9rrez<\/h6>\n<div class=\"single-post-meta post-meta clearfix\">20-10-202536<\/div>\n<\/div>\n<\/header>\n<\/div>\n<\/div>\n<div id=\"content\" class=\"site-content container\">\n<div id=\"main-content-row\" class=\"tie-row main-content-row\">\n<div class=\"main-content tie-col-md-8 tie-col-xs-12\" role=\"main\">\n<article id=\"the-post\" class=\"container-wrapper post-content tie-standard\">\n<div class=\"featured-area\">\n<div class=\"featured-area-inner\"><\/div>\n<\/div>\n<div class=\"entry-content entry clearfix\">\n<h5><strong>Esta es la Efem\u00e9rides del Deporte en el Chaco de un 20 de octubre del periodista Luis Dar\u00edo Molodezky.<\/strong><\/h5>\n<p><strong>\u00a0<\/strong><\/p>\n<p><img loading=\"lazy\" decoding=\"async\" class=\"alignnone size-medium wp-image-27022 aligncenter\" src=\"https:\/\/www.sportchaco.com.ar\/wp-content\/uploads\/2025\/10\/Luis-Dario-11-08-2025-4-e1760454131981-300x214.jpeg\" alt=\"\" width=\"300\" height=\"214\" srcset=\"https:\/\/www.sportchaco.com.ar\/wp-content\/uploads\/2025\/10\/Luis-Dario-11-08-2025-4-e1760454131981-300x214.jpeg 300w, https:\/\/www.sportchaco.com.ar\/wp-content\/uploads\/2025\/10\/Luis-Dario-11-08-2025-4-e1760454131981-768x547.jpeg 768w, https:\/\/www.sportchaco.com.ar\/wp-content\/uploads\/2025\/10\/Luis-Dario-11-08-2025-4-e1760454131981.jpeg 992w\" sizes=\"auto, (max-width: 300px) 100vw, 300px\" \/><\/p>\n<p>&nbsp;<\/p>\n<p><strong>1951 \/\u00a0<\/strong>Villa se consagra campe\u00f3n argentino de clubes en San Juan. Integraron ese plantel Alcides Prado Lima, Walter Dosso, Gustavo Lutringer, Miguel Lucuix (DT), Alfonso Prado Lima, Miguel Gonz\u00e1lez y Pocholo Aguilar, Armando Arizaga, Benjam\u00edn Margosa, V\u00edctor Romero, Omar Prado Lima y Juan Carlos Margosa.<\/p>\n<p><strong>1954\u00a0<\/strong>\/ Se larga desde Resistencia la Tercera Etapa del Gran Premio Automovil\u00edstico Argentino entre la capital del Chaco y Santiago del Estero.<\/p>\n<p><strong>1958\u00a0<\/strong>\/ Nace en Saladas, Corrientes, Jos\u00e9 Luis Cubilla, desarrollado box\u00edsticamente en el Chaco. Gan\u00f3 9 pelea (5 KO), perdi\u00f3 14 (6 KO) y empat\u00f3 6. Falleci\u00f3 muy joven tras un accidente.<\/p>\n<p><strong>1984\u00a0<\/strong>\/ Carolina Guti\u00e9rrez bate el r\u00e9cord provincial menores juveniles y mayores de 200 metros llanos con 27\u201d05\/ 10, en la pista del CEF N\u00ba 1.<\/p>\n<p><strong>2006\u00a0<\/strong>\/ Carlos Varese se consagra campe\u00f3n panamericano en persecuci\u00f3n de pista categor\u00eda. M\u00e1ster A 1, evento disputado en Mar del Plata. El pedalista integr\u00f3 la selecci\u00f3n argentina de ciclismo y logr\u00f3 adem\u00e1s un subcampeonato en 4000 metros con su equipo y dos cuartos lugares en scratch y vuelta puntuable.<\/p>\n<p><strong>2006 \/<\/strong>\u00a0Santiago Moreno Kaenel se corona campe\u00f3n Argentino Sub 12 de Ajedrez, en Colon, Entre R\u00edos<\/p>\n<p><strong>2021<\/strong>\/ Fallece en Barranqueras Carlos Gim\u00e9nez (foto portada), un \u00eddolo de Don Orione Athletic Club y de la ciudad, y respetado por todas las hinchadas. Campe\u00f3n con Sarmiento y For Ever. Siendo muy joven integr\u00f3 el famoso equipo dirigido por Jos\u00e9 Lestani que gan\u00f3 el Regional e ingres\u00f3 al Nacional 1971. Negrulla era un buen jugador y amigo de sus compa\u00f1eros.<\/p>\n<p>&nbsp;<\/p>\n<p><img loading=\"lazy\" decoding=\"async\" class=\"attachment-jannah-image-post size-jannah-image-post wp-post-image\" src=\"https:\/\/www.sportchaco.com.ar\/wp-content\/uploads\/2024\/10\/Carlitos-gimenez-jugador-e1729387044710.jpg\" alt=\"\" width=\"147\" height=\"185\" data-main-img=\"1\" \/><\/p>\n<p>&nbsp;<\/p>\n<p><strong>Foto portada: Jos\u00e9 Duarte, Jorge Molina, V\u00edctor L\u00f3pez y Carlos Gim\u00e9nez.<\/strong><\/p>\n<\/div>\n<\/article>\n<\/div>\n<\/div>\n<\/div>\n","protected":false},"excerpt":{"rendered":"<p>Foto portada de Carolina Guti\u00e9rrez 20-10-202536 Esta es la Efem\u00e9rides del Deporte en el Chaco de un 20 de octubre del periodista Luis Dar\u00edo Molodezky. \u00a0 &nbsp; 1951 \/\u00a0Villa se consagra campe\u00f3n argentino de clubes en San Juan. Integraron ese plantel Alcides Prado Lima, Walter Dosso, Gustavo Lutringer, Miguel Lucuix (DT), Alfonso Prado Lima, Miguel &hellip;<\/p>\n","protected":false},"author":2,"featured_media":27270,"comment_status":"open","ping_status":"open","sticky":false,"template":"","format":"standard","meta":{"footnotes":""},"categories":[45,40],"tags":[],"class_list":["post-27256","post","type-post","status-publish","format-standard","has-post-thumbnail","hentry","category-efemerides-dia-por-dia","category-octubre"],"_links":{"self":[{"href":"https:\/\/www.sportchaco.com.ar\/index.php?rest_route=\/wp\/v2\/posts\/27256","targetHints":{"allow":["GET"]}}],"collection":[{"href":"https:\/\/www.sportchaco.com.ar\/index.php?rest_route=\/wp\/v2\/posts"}],"about":[{"href":"https:\/\/www.sportchaco.com.ar\/index.php?rest_route=\/wp\/v2\/types\/post"}],"author":[{"embeddable":true,"href":"https:\/\/www.sportchaco.com.ar\/index.php?rest_route=\/wp\/v2\/users\/2"}],"replies":[{"embeddable":true,"href":"https:\/\/www.sportchaco.com.ar\/index.php?rest_route=%2Fwp%2Fv2%2Fcomments&post=27256"}],"version-history":[{"count":5,"href":"https:\/\/www.sportchaco.com.ar\/index.php?rest_route=\/wp\/v2\/posts\/27256\/revisions"}],"predecessor-version":[{"id":27308,"href":"https:\/\/www.sportchaco.com.ar\/index.php?rest_route=\/wp\/v2\/posts\/27256\/revisions\/27308"}],"wp:featuredmedia":[{"embeddable":true,"href":"https:\/\/www.sportchaco.com.ar\/index.php?rest_route=\/wp\/v2\/media\/27270"}],"wp:attachment":[{"href":"https:\/\/www.sportchaco.com.ar\/index.php?rest_route=%2Fwp%2Fv2%2Fmedia&parent=27256"}],"wp:term":[{"taxonomy":"category","embeddable":true,"href":"https:\/\/www.sportchaco.com.ar\/index.php?rest_route=%2Fwp%2Fv2%2Fcategories&post=27256"},{"taxonomy":"post_tag","embeddable":true,"href":"https:\/\/www.sportchaco.com.ar\/index.php?rest_route=%2Fwp%2Fv2%2Ftags&post=27256"}],"curies":[{"name":"wp","href":"https:\/\/api.w.org\/{rel}","templated":true}]}}