{"id":27285,"date":"2025-10-19T20:03:38","date_gmt":"2025-10-19T23:03:38","guid":{"rendered":"https:\/\/www.sportchaco.com.ar\/?p=27285"},"modified":"2025-10-19T20:03:38","modified_gmt":"2025-10-19T23:03:38","slug":"victoria-por-la-minima-de-fontana-sobre-policiales-en-el-regional-amateur","status":"publish","type":"post","link":"https:\/\/www.sportchaco.com.ar\/?p=27285","title":{"rendered":"Victoria por la m\u00ednima de Fontana sobre Policiales en el Regional Amateur"},"content":{"rendered":"<h2><\/h2>\n<p>&nbsp;<\/p>\n<p>Fontana super\u00f3 el s\u00e1bado a Policiales por la <b>m\u00ednima diferencia de 1 a 0<\/b> en el debut de ambos equipos en la Zona 9 de la Regi\u00f3n Litoral Norte del Torneo Regional Amateur de f\u00fatbol. El gol del triunfo, que le dio un inicio positivo al equipo dirigido por \u00abPolo\u00bb Alsina, fue anotado por <b>Marcelo Alderete<\/b> al final del primer tiempo.<\/p>\n<p>El encuentro fue parejo, con Policiales (el \u00abGallo\u00bb) comenzando mejor con jugadas profundas que obligaron al arquero Garcete a intervenir. Sin embargo, Fontana logr\u00f3 destrabar el marcador a los <b>42 minutos del primer tiempo<\/b> cuando Santiago Velozo desbord\u00f3 por izquierda y envi\u00f3 un buscapi\u00e9 que Marcelo Alderete empuj\u00f3 a la red.<\/p>\n<p>En el complemento, Policiales sigui\u00f3 buscando el empate y el partido se calent\u00f3 a los 27 minutos, cuando el lateral <b>Gerardo Sandoval<\/b> fue <b>expulsado<\/b> con roja directa tras un forcejeo con Rodrigo Mart\u00ednez. A pesar de jugar con un hombre menos, el \u00abGallo\u00bb se volc\u00f3 al ataque, pero no pudo concretar la igualdad, sell\u00e1ndose el triunfo ajustado pero vital para el \u00abTaninero\u00bb.<\/p>\n<p>&nbsp;<\/p>\n<h2>S\u00edntesis del Partido<\/h2>\n<p><b>S\u00edntesis\u00a0<\/b><\/p>\n<p><b>FONTANA (1):\u00a0<\/b>Leonardo Garcete, Marcelo Alderete, Agust\u00edn Stepaniuk, Dami\u00e1n Garc\u00eda, Daniel Villalba; Mat\u00edas Alderete, Daniel Meza, Gast\u00f3n Viana; Santiago Velozo, Andr\u00e9s Molina y Rodrigo Mart\u00ednez. DT: Enzo Alsina.<br \/>\n<b>POLICIALES (0):<\/b>\u00a0Bruno Aranda, Joaqu\u00edn Espinoza, Gerardo Sandoval, Kevin Moreyra, Ricardo Encina; Lucas L\u00f3pez, Rene Leguizam\u00f3n, Alejandro Ponce, Lautaro P\u00e9rez; BraianRoldan y Luis G\u00f3mez. DT: Santiago Godoy.<br \/>\n<b>Gol:<\/b>\u00a042&#8242; PT Marcelo Alderete (FON).<br \/>\nIncidencias: 27&#8217;ST Expulsado por roja directa Gerardo Sandoval (POL).<br \/>\n<b>Cambios:<\/b>\u00a0ST Ramiro Ojeda por Braian Roldan (POL), 1ST Juan Carlos Dom\u00ednguez por Rene Leguizamon (POL), 19ST Juan Torres por Kevin Moreyra (POL), 36ST Mauro Leguizam\u00f3n por Lucas Lopez (POL), 43ST Franco Falc\u00f3n porAndr\u00e9s Molina (FON), 43ST Iv\u00e1n Altamirano por Ramiro Ojeda (POL), 45&#8217;ST Mat\u00edas Caba\u00f1as por Rodrigo Quintana (FON).<br \/>\n<b>\u00c1rbitro:\u00a0<\/b>Mar\u00eda Soledad R\u00edos.\u00a0<b>Asistentes:<\/b>\u00a0Dar\u00edo G\u00f3mez y Mauricio Rea.\u00a0<b>Cancha:<\/b>\u00a0Fontana.<\/p>\n<p>&nbsp;<\/p>\n<p><b>Pr\u00f3xima Fecha (Fontana) <\/b>Visita a Municipal de Roca<\/p>\n<p><b>Pr\u00f3xima Fecha (Policiales)<\/b>Recibe a Hurac\u00e1n de Vedia<\/p>\n<table>\n<thead>\n<tr>\n<td><\/td>\n<td><\/td>\n<\/tr>\n<\/thead>\n<tbody>\n<tr>\n<td><\/td>\n<td><\/td>\n<\/tr>\n<tr>\n<td><\/td>\n<td><\/td>\n<\/tr>\n<tr>\n<td><\/td>\n<td><\/td>\n<\/tr>\n<tr>\n<td><\/td>\n<td><\/td>\n<\/tr>\n<tr>\n<td><\/td>\n<td><\/td>\n<\/tr>\n<tr>\n<td><\/td>\n<td><\/td>\n<\/tr>\n<tr>\n<td><\/td>\n<td><\/td>\n<\/tr>\n<tr>\n<td><\/td>\n<td><\/td>\n<\/tr>\n<tr>\n<td><b>Formaci\u00f3n Fontana (1)<\/b><\/td>\n<td>L. Garcete; M. Alderete, A. Stepaniuk, D. Garc\u00eda, D. Villalba; M. Alderete, D. Meza, G. Viana; S. Velozo, A. Molina y R. Mart\u00ednez. <b>DT:<\/b> Enzo Alsina.<\/td>\n<\/tr>\n<tr>\n<td><b>Formaci\u00f3n Policiales (0)<\/b><\/td>\n<td>B. Aranda; J. Espinoza, G. Sandoval, K. Moreyra, R. Encina; L. L\u00f3pez, R. Leguizam\u00f3n, A. Ponce, L. P\u00e9rez; B. Roldan y L. G\u00f3mez. <b>DT:<\/b> Santiago Godoy.<\/td>\n<\/tr>\n<\/tbody>\n<\/table>\n","protected":false},"excerpt":{"rendered":"<p>&nbsp; Fontana super\u00f3 el s\u00e1bado a Policiales por la m\u00ednima diferencia de 1 a 0 en el debut de ambos equipos en la Zona 9 de la Regi\u00f3n Litoral Norte del Torneo Regional Amateur de f\u00fatbol. El gol del triunfo, que le dio un inicio positivo al equipo dirigido por \u00abPolo\u00bb Alsina, fue anotado por &hellip;<\/p>\n","protected":false},"author":2,"featured_media":27286,"comment_status":"open","ping_status":"open","sticky":false,"template":"","format":"standard","meta":{"footnotes":""},"categories":[72],"tags":[],"class_list":["post-27285","post","type-post","status-publish","format-standard","has-post-thumbnail","hentry","category-futbol-puro"],"_links":{"self":[{"href":"https:\/\/www.sportchaco.com.ar\/index.php?rest_route=\/wp\/v2\/posts\/27285","targetHints":{"allow":["GET"]}}],"collection":[{"href":"https:\/\/www.sportchaco.com.ar\/index.php?rest_route=\/wp\/v2\/posts"}],"about":[{"href":"https:\/\/www.sportchaco.com.ar\/index.php?rest_route=\/wp\/v2\/types\/post"}],"author":[{"embeddable":true,"href":"https:\/\/www.sportchaco.com.ar\/index.php?rest_route=\/wp\/v2\/users\/2"}],"replies":[{"embeddable":true,"href":"https:\/\/www.sportchaco.com.ar\/index.php?rest_route=%2Fwp%2Fv2%2Fcomments&post=27285"}],"version-history":[{"count":1,"href":"https:\/\/www.sportchaco.com.ar\/index.php?rest_route=\/wp\/v2\/posts\/27285\/revisions"}],"predecessor-version":[{"id":27287,"href":"https:\/\/www.sportchaco.com.ar\/index.php?rest_route=\/wp\/v2\/posts\/27285\/revisions\/27287"}],"wp:featuredmedia":[{"embeddable":true,"href":"https:\/\/www.sportchaco.com.ar\/index.php?rest_route=\/wp\/v2\/media\/27286"}],"wp:attachment":[{"href":"https:\/\/www.sportchaco.com.ar\/index.php?rest_route=%2Fwp%2Fv2%2Fmedia&parent=27285"}],"wp:term":[{"taxonomy":"category","embeddable":true,"href":"https:\/\/www.sportchaco.com.ar\/index.php?rest_route=%2Fwp%2Fv2%2Fcategories&post=27285"},{"taxonomy":"post_tag","embeddable":true,"href":"https:\/\/www.sportchaco.com.ar\/index.php?rest_route=%2Fwp%2Fv2%2Ftags&post=27285"}],"curies":[{"name":"wp","href":"https:\/\/api.w.org\/{rel}","templated":true}]}}