{"id":27317,"date":"2025-10-19T22:48:06","date_gmt":"2025-10-20T01:48:06","guid":{"rendered":"https:\/\/www.sportchaco.com.ar\/?p=27317"},"modified":"2025-10-19T22:48:32","modified_gmt":"2025-10-20T01:48:32","slug":"el-recuerdo-eterno-para-carlos-negrulla-gimenez","status":"publish","type":"post","link":"https:\/\/www.sportchaco.com.ar\/?p=27317","title":{"rendered":"El recuerdo eterno para Carlos \u00abNegrulla\u00bb Gim\u00e9nez"},"content":{"rendered":"<h3 data-start=\"150\" data-end=\"226\"><strong data-start=\"158\" data-end=\"224\">Carlos \u201cNegrulla\u201d Gim\u00e9nez: el coraz\u00f3n azul y amarillo de Don Orione. <\/strong><strong data-start=\"227\" data-end=\"356\">A cuatro a\u00f1os de su partida, el recuerdo de un \u00eddolo que jug\u00f3, sinti\u00f3 y am\u00f3 el f\u00fatbol con la camiseta del club de sus amores.<\/strong><\/h3>\n<p>&nbsp;<\/p>\n<p data-start=\"358\" data-end=\"668\">El 20 de octubre de 2021 fallec\u00eda <strong data-start=\"392\" data-end=\"410\">Carlos Gim\u00e9nez<\/strong>, el querido <strong data-start=\"423\" data-end=\"437\">\u201cNegrulla\u201d<\/strong>, una de las grandes figuras del <strong data-start=\"470\" data-end=\"489\">Club Don Orione<\/strong> y emblema del f\u00fatbol de Barranqueras. Su recuerdo sigue vivo en cada hincha, en cada historia contada al borde de la cancha, y en cada chico que sue\u00f1a con vestir la azul y oro.<\/p>\n<p data-start=\"670\" data-end=\"941\">Carlos Gim\u00e9nez fue sin\u00f3nimo de f\u00fatbol, de gambetas y goles \u2014especialmente de cabeza\u2014, pero sobre todo de humildad. Muchos lo consideraban <strong data-start=\"808\" data-end=\"859\">el mejor cabeceador que tuvo el f\u00fatbol chaque\u00f1o<\/strong>, pese a su baja estatura. \u00c9l, con la sencillez que lo caracterizaba, respond\u00eda:<\/p>\n<blockquote data-start=\"942\" data-end=\"972\">\n<p data-start=\"944\" data-end=\"972\">\u201cNo, solo cabeceaba bien.\u201d<\/p>\n<\/blockquote>\n<p data-start=\"974\" data-end=\"1074\"><img decoding=\"async\" src=\"https:\/\/www.sportchaco.com.ar\/wp-content\/uploads\/2025\/10\/CArlos-Gimenez-scaled.jpg\" \/><\/p>\n<p data-start=\"974\" data-end=\"1074\"><strong>Jose Duarte, Jorge Molina, V\u00edctor L\u00f3pez y Carlitos Gim\u00e9nez.<\/strong><\/p>\n<p data-start=\"974\" data-end=\"1074\">En una de sus \u00faltimas entrevistas, \u201cNegrulla\u201d se mostraba emocionado por volver a su querido club:<\/p>\n<blockquote data-start=\"1075\" data-end=\"1340\">\n<p data-start=\"1077\" data-end=\"1340\">\u201cHace mucho que no ven\u00eda por el club, la \u00faltima vez fue hace siete u ocho a\u00f1os. En ese momento el vestuario estaba en malas condiciones, el cielo raso se ca\u00eda\u2026 pero hoy veo un Orione distinto, con obras, con vida, con orgullo. Ver el club as\u00ed me llena el alma.\u201d<\/p>\n<\/blockquote>\n<p data-start=\"1342\" data-end=\"1434\">Evocando viejas \u00e9pocas, recordaba tambi\u00e9n el compromiso y el esfuerzo de aquellos tiempos:<\/p>\n<blockquote data-start=\"1435\" data-end=\"1689\">\n<p data-start=\"1437\" data-end=\"1689\">\u201cNos toc\u00f3 ir a jugar a Pinedo para que el club pudiera terminar las tribunas. El presidente nos pidi\u00f3 una mano y all\u00e1 fuimos. Saber que gracias a eso se termin\u00f3 una tribuna y verla hoy pintada, prolija, nos hace ver que el sacrificio no fue en vano.\u201d<\/p>\n<\/blockquote>\n<p data-start=\"1691\" data-end=\"1919\">Aquella generaci\u00f3n, con V\u00edctor L\u00f3pez, Jos\u00e9 Duarte, Daniel Azula, Cuqui Galarza y tantos otros, marc\u00f3 una \u00e9poca dorada. En la vieja cancha de Villa Forestaci\u00f3n, el mediocampo se recitaba de memoria: <strong data-start=\"1889\" data-end=\"1917\">Duarte, L\u00f3pez y Gim\u00e9nez.<\/strong><\/p>\n<blockquote data-start=\"1920\" data-end=\"2134\">\n<p data-start=\"1922\" data-end=\"2134\">\u201cJug\u00e1bamos de memoria porque \u00e9ramos amigos dentro y fuera de la cancha. Sab\u00edamos d\u00f3nde iba a estar el otro, nos ten\u00edamos mucha confianza. Era un f\u00fatbol distinto al de hoy, donde se corre mucho y se juega poco.\u201d<\/p>\n<\/blockquote>\n<p data-start=\"2136\" data-end=\"2293\">El amor de Carlos por Orione trascend\u00eda el tiempo. Lo emocionaba ver el crecimiento institucional y, sobre todo, a los chicos de las divisiones formativas:<\/p>\n<blockquote data-start=\"2294\" data-end=\"2474\">\n<p data-start=\"2296\" data-end=\"2474\">\u201cMe impresion\u00f3 la cantidad de pibes de Barranqueras que vienen a practicar f\u00fatbol. Eso es lo m\u00e1s lindo que tiene el club. Hay semillero, hay futuro, y eso me llena de orgullo.\u201d<\/p>\n<\/blockquote>\n<p data-start=\"2476\" data-end=\"2549\">Fiel a su sentido de pertenencia, defend\u00eda los colores de toda la vida:<\/p>\n<blockquote data-start=\"2550\" data-end=\"2757\">\n<p data-start=\"2552\" data-end=\"2757\">\u201cNo me gust\u00f3 cuando los vi jugar con una camiseta roja. Me dijeron que era hist\u00f3rica, pero para m\u00ed los colores de Orione son azul y oro. Yo soy fan\u00e1tico de River, pero Orione es azul y oro, no hay otro.\u201d<\/p>\n<\/blockquote>\n<p data-start=\"2759\" data-end=\"2840\">Antes de su partida, recibi\u00f3 junto a sus compa\u00f1eros un c\u00e1lido agasajo del club:<\/p>\n<blockquote data-start=\"2841\" data-end=\"3011\">\n<p data-start=\"2843\" data-end=\"3011\">\u201cEste reconocimiento nos hace rejuvenecer diez a\u00f1os. Volver a ver a los muchachos, recordar nuestras \u00e9pocas, es como volver a vivir. Orione fue nuestra segunda casa.\u201d<\/p>\n<\/blockquote>\n<p data-start=\"3013\" data-end=\"3251\">Hoy, a cuatro a\u00f1os de su fallecimiento, <strong data-start=\"3053\" data-end=\"3137\">Carlos \u201cNegrulla\u201d Gim\u00e9nez sigue presente en la memoria colectiva de Barranqueras<\/strong>. Su legado no se mide en estad\u00edsticas ni en trofeos, sino en el amor y el orgullo con que represent\u00f3 a su club.<\/p>\n<p data-start=\"3013\" data-end=\"3251\"><img decoding=\"async\" src=\"https:\/\/www.sportchaco.com.ar\/wp-content\/uploads\/2025\/10\/cARLOS-gIMENEZ-CON-lUIS-scaled.jpg\" \/><\/p>\n<p data-start=\"3253\" data-end=\"3298\">Porque como \u00e9l mismo dec\u00eda con una sonrisa:<\/p>\n<blockquote data-start=\"3299\" data-end=\"3328\">\n<p data-start=\"3301\" data-end=\"3328\">\u201cOrione es Barranqueras.\u201d<\/p>\n<\/blockquote>\n<p data-start=\"3301\" data-end=\"3328\"><strong><em>\u00a0 Por Luis Dar\u00edo Molodezky<\/em><\/strong><\/p>\n","protected":false},"excerpt":{"rendered":"<p>Carlos \u201cNegrulla\u201d Gim\u00e9nez: el coraz\u00f3n azul y amarillo de Don Orione. A cuatro a\u00f1os de su partida, el recuerdo de un \u00eddolo que jug\u00f3, sinti\u00f3 y am\u00f3 el f\u00fatbol con la camiseta del club de sus amores. &nbsp; El 20 de octubre de 2021 fallec\u00eda Carlos Gim\u00e9nez, el querido \u201cNegrulla\u201d, una de las grandes figuras &hellip;<\/p>\n","protected":false},"author":2,"featured_media":27267,"comment_status":"open","ping_status":"open","sticky":false,"template":"","format":"standard","meta":{"footnotes":""},"categories":[1,78],"tags":[],"class_list":["post-27317","post","type-post","status-publish","format-standard","has-post-thumbnail","hentry","category-fotos-del-recuerdo","category-historias"],"_links":{"self":[{"href":"https:\/\/www.sportchaco.com.ar\/index.php?rest_route=\/wp\/v2\/posts\/27317","targetHints":{"allow":["GET"]}}],"collection":[{"href":"https:\/\/www.sportchaco.com.ar\/index.php?rest_route=\/wp\/v2\/posts"}],"about":[{"href":"https:\/\/www.sportchaco.com.ar\/index.php?rest_route=\/wp\/v2\/types\/post"}],"author":[{"embeddable":true,"href":"https:\/\/www.sportchaco.com.ar\/index.php?rest_route=\/wp\/v2\/users\/2"}],"replies":[{"embeddable":true,"href":"https:\/\/www.sportchaco.com.ar\/index.php?rest_route=%2Fwp%2Fv2%2Fcomments&post=27317"}],"version-history":[{"count":1,"href":"https:\/\/www.sportchaco.com.ar\/index.php?rest_route=\/wp\/v2\/posts\/27317\/revisions"}],"predecessor-version":[{"id":27318,"href":"https:\/\/www.sportchaco.com.ar\/index.php?rest_route=\/wp\/v2\/posts\/27317\/revisions\/27318"}],"wp:featuredmedia":[{"embeddable":true,"href":"https:\/\/www.sportchaco.com.ar\/index.php?rest_route=\/wp\/v2\/media\/27267"}],"wp:attachment":[{"href":"https:\/\/www.sportchaco.com.ar\/index.php?rest_route=%2Fwp%2Fv2%2Fmedia&parent=27317"}],"wp:term":[{"taxonomy":"category","embeddable":true,"href":"https:\/\/www.sportchaco.com.ar\/index.php?rest_route=%2Fwp%2Fv2%2Fcategories&post=27317"},{"taxonomy":"post_tag","embeddable":true,"href":"https:\/\/www.sportchaco.com.ar\/index.php?rest_route=%2Fwp%2Fv2%2Ftags&post=27317"}],"curies":[{"name":"wp","href":"https:\/\/api.w.org\/{rel}","templated":true}]}}