{"id":27326,"date":"2025-10-20T11:23:08","date_gmt":"2025-10-20T14:23:08","guid":{"rendered":"https:\/\/www.sportchaco.com.ar\/?p=27326"},"modified":"2025-10-21T12:25:18","modified_gmt":"2025-10-21T15:25:18","slug":"villa-san-martin-estrena-estadio-renovado-antes-del-debut-en-la-liga-argentina","status":"publish","type":"post","link":"https:\/\/www.sportchaco.com.ar\/?p=27326","title":{"rendered":"Villa San Mart\u00edn estrena estadio renovado antes del debut en La Liga Argentina"},"content":{"rendered":"<header><\/header>\n<header><strong><time>20-10-2025<\/time><\/strong><\/header>\n<section class=\"body\">\n<section class=\"content\">\n<div class=\"main-text\">\n<div class=\"social\">\n<div class=\"share\"><\/div>\n<\/div>\n<p><strong>Este martes 21, desde las 18:30, Villa San Mart\u00edn<\/strong>\u00a0abrir\u00e1 oficialmente las puertas de su estadio renovado para habilitar obras hist\u00f3ricas para la instituci\u00f3n deportiva se\u00f1era en la capital provincial. Lo har\u00e1 a trav\u00e9s de un acto protocolar que contar\u00e1 con la esperada presencia del gobernador Leandro Zdero, del ministro de Infraestructura, Hugo Dom\u00ednguez, del presidente del Instituto de Deportes, Fabio V\u00e1zquez y el pueblo Tricolor.<\/p>\n<p>\u00ab<strong><em>Convocamos a todo el p\u00fablico tricolor, socios y allegados para compartir la alegr\u00eda de estas obras espectaculares. Ser\u00e1 una inauguraci\u00f3n hist\u00f3rica para nosotros\u00bb<\/em>\u00a0<\/strong>, afirm\u00f3 a\u00a0NORTE,<strong>\u00a0Ricardo Siri, presidente del club<\/strong>. La ceremonia se realizar\u00e1 d\u00edas antes del debut oficial del equipo en La Liga Argentina de B\u00e1squet 2025-2026, previsto para el 31 de octubre frente a Independiente BBC de Santiago del Estero. Luego, el 7 y 11 de noviembre, el equipo dirigido por Eduardo \u00ab<em>Chiche<\/em>\u00bb Japez jugar\u00e1 como local frente a Rivadavia B\u00e1squet de Mendoza y Fusi\u00f3n Riojana, con la expectativa manifiesta de lograr el ascenso a la m\u00e1xima categor\u00eda del b\u00e1squet nacional.<\/p>\n<div class=\" large m_image\">\n<figure><picture><source srcset=\"https:\/\/www.diarionorte.com\/content\/bucket\/0\/432960w790h444c.jpg.webp\" type=\"image\/webp\" media=\"(min-width: 640px)\" \/><source srcset=\"https:\/\/www.diarionorte.com\/content\/bucket\/0\/432960w440h247c.jpg.webp\" type=\"image\/webp\" media=\"(min-width: 300px)\" \/><source srcset=\"https:\/\/www.diarionorte.com\/content\/bucket\/0\/432960w790h444c.jpg\" media=\"(min-width: 300px)\" \/><img loading=\"lazy\" decoding=\"async\" class=\"pic\" src=\"https:\/\/www.diarionorte.com\/content\/bucket\/0\/432960w790h444c.jpg.webp\" alt=\"\" width=\"790\" height=\"444\" \/><\/picture><figcaption>Con las nuevas tribunas (frente a la hist\u00f3rica de cemento), Villa San Mart\u00edn ampl\u00eda su capacidad en 500 localidades.<\/figcaption><\/figure>\n<\/div>\n<p><strong>Las remodelaciones incluyen la modernizaci\u00f3n de la fachada del club, la construcci\u00f3n de la cancha auxiliar techada, colocaci\u00f3n de parquet con sus jirafas, nuevas tribunas con capacidad para 500 personas y luces LED en las canchas principal y auxiliar. Tambi\u00e9n se renov\u00f3 el tablero principal, se instal\u00f3 un completo sistema contra incendios, y se construyeron ba\u00f1os p\u00fablicos para hombres, mujeres y personas con discapacidad. Adem\u00e1s, se habilit\u00f3 una sala de primeros auxilios con desfibrilador \u2014la primera de Resistencia\u2014 y vestuarios completos para \u00e1rbitros.<\/strong><\/p>\n<p><strong>Cerca de la cancha auxiliar, se dispuso de un espacio que en el futuro ser\u00e1 destinado al minib\u00e1squet y b\u00e1squet femenino, se levantaron ba\u00f1os para el p\u00fablico y un palco oficial para autoridades, detr\u00e1s de la jirafa que da a la calle Saavedra. Con estas mejoras, la capacidad total del estadio llega a 1.500 personas sentadas y 2.500 de pie, confirm\u00f3 el presidente del club.<\/strong><\/p>\n<div class=\" large m_image\">\n<figure><picture><source srcset=\"https:\/\/www.diarionorte.com\/content\/bucket\/2\/432962w790h444c.jpg.webp\" type=\"image\/webp\" media=\"(min-width: 640px)\" \/><source srcset=\"https:\/\/www.diarionorte.com\/content\/bucket\/2\/432962w440h247c.jpg.webp\" type=\"image\/webp\" media=\"(min-width: 300px)\" \/><source srcset=\"https:\/\/www.diarionorte.com\/content\/bucket\/2\/432962w790h444c.jpg\" media=\"(min-width: 300px)\" \/><img loading=\"lazy\" decoding=\"async\" class=\"pic\" src=\"https:\/\/www.diarionorte.com\/content\/bucket\/2\/432962w790h444c.jpg.webp\" alt=\"\" width=\"790\" height=\"444\" \/><\/picture><figcaption>Otra de las obras, incluye el sector para autoridades detr\u00e1s de la jirafa que da a la calle Saavedra.<\/figcaption><\/figure>\n<\/div>\n<p>\u00ab<em>Para la Comisi\u00f3n Directiva es una medalla de oro, ya que valoriza al club al 100 por ciento en su infraestructura y capital deportivo. Desde que inici\u00e9 la gesti\u00f3n en 2019, nuestro objetivo principal fue avanzar en obras que dejaran una huella hist\u00f3rica<\/em>\u00ab, destac\u00f3 Siri.<\/p>\n<div class=\"317381-images-embed gallery slick-initialized slick-slider\" data-role=\"m_gallery\">\n<div class=\"slick-list draggable\">\n<div class=\"slick-track\">\n<div class=\"image slick-slide\" tabindex=\"-1\" data-slick-index=\"1\" aria-hidden=\"true\"><\/div>\n<\/div>\n<\/div>\n<\/div>\n<p><strong>Juego inaugural<br \/>\n<\/strong>El juego inaugural tendr\u00e1 un fuerte atractivo regional, con la presencia del presidente de la Asociaci\u00f3n de Clubes (ADC) de b\u00e1squetbol, Eduardo Tassano. Se espera que toda la comunidad tricolor acompa\u00f1e al equipo en el inicio de la temporada: \u00ab<em>No es como yo lo pensaba, pero de todos modos tiene una gran significancia. Esperamos la presencia del p\u00fablico tricolor y a todos los que le gusta el buen b\u00e1squet para acompa\u00f1ar a nuestro equipo en el inicio de la temporada. Estamos poniendo en la cancha un evento de categor\u00eda con muy buen equipo y cuerpo t\u00e9cnico<\/em>\u00ab, concluy\u00f3 Siri. Como se sabe, la organizaci\u00f3n dispuso que en el inicio de la temporada de la Conferencia Norte de La Liga Argentina se disputen dos juegos, uno de ellos el de Villa San Mart\u00edn frente a Independiente BBC de Santiago del Estero.<\/p>\n<p><strong>Liga Nacional confirmada<br \/>\n<\/strong>Finalmente, Siri confirm\u00f3 el partido que Regatas de Corrientes disputar\u00e1 como local en el renovado estadio de Vila San Mart\u00edn de calle Saavedra 133. Ser\u00e1 por la Liga Nacional de B\u00e1squet el pr\u00f3ximo 16 de noviembre.<\/p>\n<p><strong>Plantel 2025\/26 de Villa San Mart\u00edn<br \/>\n<\/strong>Est\u00e1 integrado por Santiago Rath, Maximiliano Mart\u00edn, Facundo Gago, Emir P\u00e9rez Barrios, Est\u00e9fano Simondi, Agust\u00edn Camisasca, Favio Vieta, Lautaro Florito, Maximiliano Bottaro, Gael Carrasco, R\u00f3mulo Gusmao, Valentino Bar\u00faa y Eli\u00e1n Centeno.<\/p>\n<p>El cuerpo t\u00e9cnico lo conforman: Eduardo J\u00e1pez (entrenador principal), Hugo Camisasca (primer asistente), Gonzalo Flores (segundo asistente), Imanol Escobar (preparador f\u00edsico), Romina Bogado (psic\u00f3loga), Sof\u00eda Frangioli (nutricionista), Pablo Castillo (kinesi\u00f3logo), Enzo N\u00fa\u00f1ez (utilero) y Sergio Ruberto (jefe de equipo).<\/p>\n<div class=\" large m_image\">\n<figure><picture><source srcset=\"https:\/\/www.diarionorte.com\/content\/bucket\/3\/432963w790h527c.jpg.webp\" type=\"image\/webp\" media=\"(min-width: 640px)\" \/><source srcset=\"https:\/\/www.diarionorte.com\/content\/bucket\/3\/432963w440h294c.jpg.webp\" type=\"image\/webp\" media=\"(min-width: 300px)\" \/><source srcset=\"https:\/\/www.diarionorte.com\/content\/bucket\/3\/432963w790h527c.jpg\" media=\"(min-width: 300px)\" \/><img loading=\"lazy\" decoding=\"async\" class=\"pic\" src=\"https:\/\/www.diarionorte.com\/content\/bucket\/3\/432963w790h527c.jpg.webp\" alt=\"\" width=\"790\" height=\"527\" \/><\/picture><figcaption>Plantel completo de Villa San Mart\u00edn para la temporada 2025-2026 de la Liga Argentina de B\u00e1squetbol.<\/figcaption><\/figure>\n<\/div>\n<div class=\"temas floatFix\">\n<h3><\/h3>\n<\/div>\n<\/div>\n<\/section>\n<\/section>\n","protected":false},"excerpt":{"rendered":"<p>20-10-2025 Este martes 21, desde las 18:30, Villa San Mart\u00edn\u00a0abrir\u00e1 oficialmente las puertas de su estadio renovado para habilitar obras hist\u00f3ricas para la instituci\u00f3n deportiva se\u00f1era en la capital provincial. Lo har\u00e1 a trav\u00e9s de un acto protocolar que contar\u00e1 con la esperada presencia del gobernador Leandro Zdero, del ministro de Infraestructura, Hugo Dom\u00ednguez, del &hellip;<\/p>\n","protected":false},"author":2,"featured_media":27345,"comment_status":"open","ping_status":"open","sticky":false,"template":"","format":"standard","meta":{"footnotes":""},"categories":[3],"tags":[],"class_list":["post-27326","post","type-post","status-publish","format-standard","has-post-thumbnail","hentry","category-basquetbol"],"_links":{"self":[{"href":"https:\/\/www.sportchaco.com.ar\/index.php?rest_route=\/wp\/v2\/posts\/27326","targetHints":{"allow":["GET"]}}],"collection":[{"href":"https:\/\/www.sportchaco.com.ar\/index.php?rest_route=\/wp\/v2\/posts"}],"about":[{"href":"https:\/\/www.sportchaco.com.ar\/index.php?rest_route=\/wp\/v2\/types\/post"}],"author":[{"embeddable":true,"href":"https:\/\/www.sportchaco.com.ar\/index.php?rest_route=\/wp\/v2\/users\/2"}],"replies":[{"embeddable":true,"href":"https:\/\/www.sportchaco.com.ar\/index.php?rest_route=%2Fwp%2Fv2%2Fcomments&post=27326"}],"version-history":[{"count":4,"href":"https:\/\/www.sportchaco.com.ar\/index.php?rest_route=\/wp\/v2\/posts\/27326\/revisions"}],"predecessor-version":[{"id":27402,"href":"https:\/\/www.sportchaco.com.ar\/index.php?rest_route=\/wp\/v2\/posts\/27326\/revisions\/27402"}],"wp:featuredmedia":[{"embeddable":true,"href":"https:\/\/www.sportchaco.com.ar\/index.php?rest_route=\/wp\/v2\/media\/27345"}],"wp:attachment":[{"href":"https:\/\/www.sportchaco.com.ar\/index.php?rest_route=%2Fwp%2Fv2%2Fmedia&parent=27326"}],"wp:term":[{"taxonomy":"category","embeddable":true,"href":"https:\/\/www.sportchaco.com.ar\/index.php?rest_route=%2Fwp%2Fv2%2Fcategories&post=27326"},{"taxonomy":"post_tag","embeddable":true,"href":"https:\/\/www.sportchaco.com.ar\/index.php?rest_route=%2Fwp%2Fv2%2Ftags&post=27326"}],"curies":[{"name":"wp","href":"https:\/\/api.w.org\/{rel}","templated":true}]}}