{"id":27370,"date":"2025-10-20T23:53:32","date_gmt":"2025-10-21T02:53:32","guid":{"rendered":"https:\/\/www.sportchaco.com.ar\/?p=27370"},"modified":"2025-10-20T23:54:00","modified_gmt":"2025-10-21T02:54:00","slug":"efemerides-del-21-de-octubre-2","status":"publish","type":"post","link":"https:\/\/www.sportchaco.com.ar\/?p=27370","title":{"rendered":"Efem\u00e9rides del 21 de octubre"},"content":{"rendered":"<div class=\"container fullwidth-entry-title-wrapper\">\n<div class=\"container-wrapper fullwidth-entry-title\">\n<header class=\"entry-header-outer\">\n<div class=\"entry-header\">\n<h1 class=\"post-title entry-title\"><\/h1>\n<div class=\"single-post-meta post-meta clearfix\"><strong>Foto portada: Manuel David Machuca, jugador paraguayo de For Ever<\/strong><\/div>\n<\/div>\n<\/header>\n<\/div>\n<\/div>\n<div id=\"content\" class=\"site-content container\">\n<div id=\"main-content-row\" class=\"tie-row main-content-row\">\n<div class=\"main-content tie-col-md-8 tie-col-xs-12\" role=\"main\">\n<article id=\"the-post\" class=\"container-wrapper post-content tie-standard\">\n<div class=\"featured-area\">\n<div class=\"featured-area-inner\">\n<h5 class=\"single-featured-image\"><\/h5>\n<\/div>\n<\/div>\n<div class=\"entry-content entry clearfix\">\n<h5><strong>Esta es la Efem\u00e9rides del Deporte en el Chaco de un 21 de octubre del periodista Luis Dar\u00edo Molodezky.<\/strong><\/h5>\n<p><img loading=\"lazy\" decoding=\"async\" class=\"alignnone size-medium wp-image-27151 aligncenter\" src=\"https:\/\/www.sportchaco.com.ar\/wp-content\/uploads\/2025\/10\/Luis-carita-4-287x300.jpg\" alt=\"\" width=\"287\" height=\"300\" srcset=\"https:\/\/www.sportchaco.com.ar\/wp-content\/uploads\/2025\/10\/Luis-carita-4-287x300.jpg 287w, https:\/\/www.sportchaco.com.ar\/wp-content\/uploads\/2025\/10\/Luis-carita-4.jpg 430w\" sizes=\"auto, (max-width: 287px) 100vw, 287px\" \/><\/p>\n<p>&nbsp;<\/p>\n<p><strong>1968\u00a0<\/strong>\/ El campe\u00f3n argentino y sudamericano de los welters, el chaque\u00f1o Ram\u00f3n La Cruz, pierde su oportunidad mundialista al caer por puntos en 15 asaltos con el norteamericano Curtis Cookes en Nueva Orle\u00e1ns. La Cruz se sac\u00f3 el hombro en el primer asalto y pele\u00f3 virtualmente con una sola mana el resto del combate.<\/p>\n<p><img loading=\"lazy\" decoding=\"async\" class=\"attachment-jannah-image-post size-jannah-image-post wp-post-image aligncenter\" src=\"https:\/\/www.sportchaco.com.ar\/wp-content\/uploads\/2024\/10\/ramon-la-cruz.jpg\" sizes=\"auto, (max-width: 300px) 100vw, 300px\" srcset=\"https:\/\/www.sportchaco.com.ar\/wp-content\/uploads\/2024\/10\/ramon-la-cruz.jpg 300w, https:\/\/www.sportchaco.com.ar\/wp-content\/uploads\/2024\/10\/ramon-la-cruz-221x300.jpg 221w\" alt=\"\" width=\"300\" height=\"407\" data-main-img=\"1\" \/><\/p>\n<p><strong>1968\u00a0<\/strong>\/ Domingo Gatiquita Casco queda eliminado de las olimpiadas de M\u00e9xico 1968 en segunda ronda, al perder por descalificaci\u00f3n ante Roberto Fern\u00e1ndez, boxeador local.<\/p>\n<p><strong>\u00a01979<\/strong>\u00a0\/ Chaco For Ever lograba una estupenda victoria hist\u00f3rica ante San Lorenzo en Resistencia al vencerlo por 1 a 0 con gol de Machuca en disputa de la 8\u00b0 fecha del campeonato Nacional, dirigio Carlos Esposito, en los azulgranas jugaron entre otros: W. Corbo, H. Pena, S. Villar, O. Rinaldi, M. Rizzi y N. Doval dirigidos por Carlos Bilardo. El Negro present\u00f3 Enrique Ambroggio, Eduardo Escobar, Pedro Villalba, Jorge Ben\u00edtez, Roberto Franco, Roberto Mansilla, Pedro C\u00e1ceres, Chacho W. L\u00f3pez (Oscar Curbetti), Manuel. Machuca, Ra\u00fal Vargas, C. Saucedo (Pichon Cannasio). Dt:\u00a0 Roberto Puppo.<\/p>\n<p><img decoding=\"async\" class=\"aligncenter\" src=\"https:\/\/www.sportchaco.com.ar\/wp-content\/uploads\/2025\/10\/Manuel-Machuca-FE-80-300x300.jpg\" \/><\/p>\n<p><strong>2005\u00a0<\/strong>\/ Italiana debuta en el b\u00e1squetbol nacional con un triunfo sobre Newell\u2019s de Chilecito, La Rioja, en la Liga Nacional B, luego de ganar el Provincial y Liga C de ese a\u00f1o.<\/p>\n<p><strong>2009\u00a0<\/strong>\/ Emanuel Escalante del CEP 47 de General San Mart\u00edn, obtiene la medalla dorada en salto en alto sub 16 y Ram\u00f3n Bernachea, del CEP 48 de Las Garcitas, se adue\u00f1a de la presea de plata en salto con garrocha, categor\u00eda sub 14, durante las finales de los \u201cJuegos Evita 2009\u201d en Mar del Plata.<\/p>\n<p><strong>2009\u00a0<\/strong>\/ Fue sancionada la Ley (6429) de Sonorizaci\u00f3n y Tutor\u00eda del Deporte, por unanimidad en la C\u00e1mara de Diputados de la Provincia del Chaco, \u00fanica en el pa\u00eds, donde un comercio puede apoyar con el 10 % de sus impuestos a un proyecto deportivo. Fue impulsada por la Confederaci\u00f3n Chaque\u00f1a del Deporte y los legisladores provinciales Iko Senicen, Betina V\u00e1zquez y Marilyn Crist\u00f3fani.<\/p>\n<p><strong>2021<\/strong>\u00a0\/ Fallece en Resistencia a los 87 a\u00f1os, el periodista Benedicto Omar Sotelo. Tuvo una extensa y reconocida trayectoria en los medios del Chaco, sobre todo radiales, realizando transmisiones de automovilismo, f\u00fatbol y b\u00e1squetbol. Uno de sus primeros programas \u201cMomento Deportivo\u201d por L.T. 16, en Presidencia Roque S\u00e1enz Pe\u00f1a, En f\u00fatbol y b\u00e1squet integr\u00f3 el equipo de encabezaron el periodista Edison Omar Rodr\u00edguez y el relator Carlos Rodolfo Monti. En automovilismo fue parte del equipo \u201cAcelerando\u201d junto a Eduardo Rub\u00e9n Ferreyra y Adolfo Antonio Carrara. Posteriormente se dedic\u00f3 al periodismo de inter\u00e9s general y pol\u00edtico y pas\u00f3 por los micr\u00f3fonos de LRA 26 Radio Nacional Resistencia, Radio Chaco (LT5 y LRH 251) y Canal 9.<\/p>\n<\/div>\n<p>&nbsp;<\/p>\n<\/article>\n<\/div>\n<\/div>\n<\/div>\n","protected":false},"excerpt":{"rendered":"<p>Foto portada: Manuel David Machuca, jugador paraguayo de For Ever Esta es la Efem\u00e9rides del Deporte en el Chaco de un 21 de octubre del periodista Luis Dar\u00edo Molodezky. &nbsp; 1968\u00a0\/ El campe\u00f3n argentino y sudamericano de los welters, el chaque\u00f1o Ram\u00f3n La Cruz, pierde su oportunidad mundialista al caer por puntos en 15 asaltos &hellip;<\/p>\n","protected":false},"author":2,"featured_media":27376,"comment_status":"open","ping_status":"open","sticky":false,"template":"","format":"standard","meta":{"footnotes":""},"categories":[45,40],"tags":[],"class_list":["post-27370","post","type-post","status-publish","format-standard","has-post-thumbnail","hentry","category-efemerides-dia-por-dia","category-octubre"],"_links":{"self":[{"href":"https:\/\/www.sportchaco.com.ar\/index.php?rest_route=\/wp\/v2\/posts\/27370","targetHints":{"allow":["GET"]}}],"collection":[{"href":"https:\/\/www.sportchaco.com.ar\/index.php?rest_route=\/wp\/v2\/posts"}],"about":[{"href":"https:\/\/www.sportchaco.com.ar\/index.php?rest_route=\/wp\/v2\/types\/post"}],"author":[{"embeddable":true,"href":"https:\/\/www.sportchaco.com.ar\/index.php?rest_route=\/wp\/v2\/users\/2"}],"replies":[{"embeddable":true,"href":"https:\/\/www.sportchaco.com.ar\/index.php?rest_route=%2Fwp%2Fv2%2Fcomments&post=27370"}],"version-history":[{"count":3,"href":"https:\/\/www.sportchaco.com.ar\/index.php?rest_route=\/wp\/v2\/posts\/27370\/revisions"}],"predecessor-version":[{"id":27377,"href":"https:\/\/www.sportchaco.com.ar\/index.php?rest_route=\/wp\/v2\/posts\/27370\/revisions\/27377"}],"wp:featuredmedia":[{"embeddable":true,"href":"https:\/\/www.sportchaco.com.ar\/index.php?rest_route=\/wp\/v2\/media\/27376"}],"wp:attachment":[{"href":"https:\/\/www.sportchaco.com.ar\/index.php?rest_route=%2Fwp%2Fv2%2Fmedia&parent=27370"}],"wp:term":[{"taxonomy":"category","embeddable":true,"href":"https:\/\/www.sportchaco.com.ar\/index.php?rest_route=%2Fwp%2Fv2%2Fcategories&post=27370"},{"taxonomy":"post_tag","embeddable":true,"href":"https:\/\/www.sportchaco.com.ar\/index.php?rest_route=%2Fwp%2Fv2%2Ftags&post=27370"}],"curies":[{"name":"wp","href":"https:\/\/api.w.org\/{rel}","templated":true}]}}