{"id":27390,"date":"2025-10-21T22:49:03","date_gmt":"2025-10-22T01:49:03","guid":{"rendered":"https:\/\/www.sportchaco.com.ar\/?p=27390"},"modified":"2025-10-21T22:49:27","modified_gmt":"2025-10-22T01:49:27","slug":"efemerides-del-22-de-octubre-2","status":"publish","type":"post","link":"https:\/\/www.sportchaco.com.ar\/?p=27390","title":{"rendered":"Efem\u00e9rides del 22 de octubre"},"content":{"rendered":"<div class=\"container fullwidth-entry-title-wrapper\">\n<div class=\"container-wrapper fullwidth-entry-title\">\n<header class=\"entry-header-outer\">\n<div class=\"entry-header\">\n<div class=\"single-post-meta post-meta clearfix\"><strong>Foto portada de Javier Galarza<\/strong><\/div>\n<\/div>\n<\/header>\n<\/div>\n<\/div>\n<div id=\"content\" class=\"site-content container\">\n<div id=\"main-content-row\" class=\"tie-row main-content-row\">\n<div class=\"main-content tie-col-md-8 tie-col-xs-12\" role=\"main\">\n<article id=\"the-post\" class=\"container-wrapper post-content tie-standard\">\n<div class=\"featured-area\">\n<div class=\"featured-area-inner\"><\/div>\n<\/div>\n<div class=\"entry-content entry clearfix\">\n<h5><\/h5>\n<h5><strong>Esta es la Efem\u00e9rides del Deporte en el Chaco de un 22 de octubre del periodista Luis Dar\u00edo Molodezky.<\/strong><\/h5>\n<p><strong>\u00a0<\/strong><\/p>\n<p>&nbsp;<\/p>\n<p><img loading=\"lazy\" decoding=\"async\" class=\"alignnone size-medium wp-image-27151 aligncenter\" src=\"https:\/\/www.sportchaco.com.ar\/wp-content\/uploads\/2025\/10\/Luis-carita-4-287x300.jpg\" alt=\"\" width=\"287\" height=\"300\" srcset=\"https:\/\/www.sportchaco.com.ar\/wp-content\/uploads\/2025\/10\/Luis-carita-4-287x300.jpg 287w, https:\/\/www.sportchaco.com.ar\/wp-content\/uploads\/2025\/10\/Luis-carita-4.jpg 430w\" sizes=\"auto, (max-width: 287px) 100vw, 287px\" \/><\/p>\n<p><strong>\u00a0<\/strong><\/p>\n<p><strong>1950\u00a0<\/strong>\/ Es electo presidente del Club N\u00e1utico, el se\u00f1or Armando Romagnoli.<\/p>\n<p>&nbsp;<\/p>\n<p><strong>1970\u00a0<\/strong>\/ Debuta en la primera de River Plate Norberto Alonso, en un partido amistoso disputado en Resistencia. Lo hace de la mano del t\u00e9cnico Did\u00ed, en un partido que el millonario le gan\u00f3 a Chaco For Ever por 2 a 1, con goles de Dominichi y Dreyer. Pedro Olivera hab\u00eda abierto el marcador.<\/p>\n<p>&nbsp;<\/p>\n<p><strong>2005 \/<\/strong>\u00a0Por la octava fecha del Argentino \u201cB\u201d, Chaco For Ever venci\u00f3 en su estadio a Sportivo El Dorado de Misiones por 2-0. El primero fue de Alfredo Reyes y el segundo del arquero Espinoza, que se hizo cargo de un tiro libre a 6\u2019 del final\u00a0 clav\u00e1ndola en un rinc\u00f3n. For Ever form\u00f3 con Espinoza; G\u00f3mez, Correa, Ver\u00f3n, Torito Silva, Tabaqui, Vera (Rol\u00f3n), Gaimaro (C. Gonz\u00e1lez) Medina, Escalante (Sundberg) A. Reyes. DT: Daniel Cravero.<\/p>\n<p>&nbsp;<\/p>\n<p><strong>2008\u00a0<\/strong>\/ La chaque\u00f1a Mirna Sotelo logra medalla de oro en los Juegos Evita que se disputaron en Mar del Plata, al imponerse en lanzamiento de Jabalina con 34,62 metros.<\/p>\n<p><strong><em>\u00a0<\/em><\/strong><\/p>\n<p><strong><em>2022 \/<\/em><\/strong>\u00a0El atleta chaque\u00f1o Javier Galarza se corona campe\u00f3n argentino de duatl\u00f3n en Concepci\u00f3n del Uruguay, Entre R\u00edos. Galarza alcanz\u00f3 luego de un largo recorrido que arranc\u00f3 a principios de a\u00f1o, en el Triatl\u00f3n de La Paz, Entre R\u00edos. Obtuvo otra medalla dorada en Formosa. Tambi\u00e9n obtuvo el primer lugar en Corrientes y el quinto en Mendoza, tercero otra vez en Formosa, para coronarse con el segundo puesto en Concepci\u00f3n del Uruguay.<\/p>\n<p>&nbsp;<\/p>\n<p>&nbsp;<\/p>\n<\/div>\n<\/article>\n<\/div>\n<\/div>\n<\/div>\n","protected":false},"excerpt":{"rendered":"<p>Foto portada de Javier Galarza Esta es la Efem\u00e9rides del Deporte en el Chaco de un 22 de octubre del periodista Luis Dar\u00edo Molodezky. \u00a0 &nbsp; \u00a0 1950\u00a0\/ Es electo presidente del Club N\u00e1utico, el se\u00f1or Armando Romagnoli. &nbsp; 1970\u00a0\/ Debuta en la primera de River Plate Norberto Alonso, en un partido amistoso disputado en &hellip;<\/p>\n","protected":false},"author":2,"featured_media":27391,"comment_status":"open","ping_status":"open","sticky":false,"template":"","format":"standard","meta":{"footnotes":""},"categories":[45,40],"tags":[],"class_list":["post-27390","post","type-post","status-publish","format-standard","has-post-thumbnail","hentry","category-efemerides-dia-por-dia","category-octubre"],"_links":{"self":[{"href":"https:\/\/www.sportchaco.com.ar\/index.php?rest_route=\/wp\/v2\/posts\/27390","targetHints":{"allow":["GET"]}}],"collection":[{"href":"https:\/\/www.sportchaco.com.ar\/index.php?rest_route=\/wp\/v2\/posts"}],"about":[{"href":"https:\/\/www.sportchaco.com.ar\/index.php?rest_route=\/wp\/v2\/types\/post"}],"author":[{"embeddable":true,"href":"https:\/\/www.sportchaco.com.ar\/index.php?rest_route=\/wp\/v2\/users\/2"}],"replies":[{"embeddable":true,"href":"https:\/\/www.sportchaco.com.ar\/index.php?rest_route=%2Fwp%2Fv2%2Fcomments&post=27390"}],"version-history":[{"count":2,"href":"https:\/\/www.sportchaco.com.ar\/index.php?rest_route=\/wp\/v2\/posts\/27390\/revisions"}],"predecessor-version":[{"id":27431,"href":"https:\/\/www.sportchaco.com.ar\/index.php?rest_route=\/wp\/v2\/posts\/27390\/revisions\/27431"}],"wp:featuredmedia":[{"embeddable":true,"href":"https:\/\/www.sportchaco.com.ar\/index.php?rest_route=\/wp\/v2\/media\/27391"}],"wp:attachment":[{"href":"https:\/\/www.sportchaco.com.ar\/index.php?rest_route=%2Fwp%2Fv2%2Fmedia&parent=27390"}],"wp:term":[{"taxonomy":"category","embeddable":true,"href":"https:\/\/www.sportchaco.com.ar\/index.php?rest_route=%2Fwp%2Fv2%2Fcategories&post=27390"},{"taxonomy":"post_tag","embeddable":true,"href":"https:\/\/www.sportchaco.com.ar\/index.php?rest_route=%2Fwp%2Fv2%2Ftags&post=27390"}],"curies":[{"name":"wp","href":"https:\/\/api.w.org\/{rel}","templated":true}]}}