{"id":27393,"date":"2025-10-21T11:52:37","date_gmt":"2025-10-21T14:52:37","guid":{"rendered":"https:\/\/www.sportchaco.com.ar\/?p=27393"},"modified":"2025-10-21T11:52:37","modified_gmt":"2025-10-21T14:52:37","slug":"chaco-en-el-primer-congreso-de-la-faped","status":"publish","type":"post","link":"https:\/\/www.sportchaco.com.ar\/?p=27393","title":{"rendered":"Chaco en el primer congreso de la FAPED"},"content":{"rendered":"<p><strong>Foto portada: Los periodistas chaque\u00f1os en La Riona en el Congreso de la FAPED, Jos\u00e9 Ra\u00fal Romero y Ricardo Na\u00f3n, junto al entonces gobernador de ea provincia Carlos Sa\u00falo Menem<\/strong><\/p>\n<h4>Un 21 de octubre de 1984, el Chaco participa por primera vez en un Congreso Nacional de la FAPE, Federaci\u00f3n Argentina de Periodistas Deportivos. Sus representante fueron Jos\u00b4\u00b4e Ra\u00fal Romero y Ricardo Na\u00f3n<\/h4>\n<p>&nbsp;<\/p>\n<p><strong>Fundaci\u00f3n y desarrollo del \u00a0del C\u00edrculo de Periodistas Deportivos del Chaco: <\/strong><\/p>\n<p><strong>\u00a0<\/strong><\/p>\n<p><strong>\u00a0<\/strong><\/p>\n<p>El impulso definitivo de la entidad fue con una uni\u00f3n de esfuerzos de todos los que desarrollan sus tareas en el periodismo deportivo.<\/p>\n<p>Un 8 de mayo de 1973, naci\u00f3 como instituci\u00f3n el C\u00edrculo de Periodistas Deportivos del Chaco, que luego tuvo otras etapas hasta alcanzar su funcionamiento sostenido. Protagonista de distintos hechos, haber instituido la Fiesta Anual del Deporte en cuyo marco se reconoce a los atletas de las diversas disciplinas, contacto con la comunidad deportiva, la construcci\u00f3n de una sede social modelo en el pa\u00eds y la inserci\u00f3n en el plano nacional en la Federaci\u00f3n Argentina de Periodistas Deportivos, donde ocup\u00f3 cargos relevantes a lo largo de la historia y en la actualidad los mantiene, permite a la entidad tener un presente positivo.<\/p>\n<p>La primera fundaci\u00f3n se registr\u00f3 en el sal\u00f3n de actos del desaparecido Diario El Territorio, en calle Pellegrini 212, donde se concret\u00f3 la reuni\u00f3n que eligi\u00f3 a\u00a0<strong>Edison Omar Rodr\u00edguez<\/strong>\u00a0como presidente y la comisi\u00f3n directiva estuvo integrada por reconocidos profesionales de la \u00e9poca como<strong>\u00a0Jos\u00e9 Antonio Garc\u00eda, Eduardo Rub\u00e9n Ferreyra, Osvaldo Sotelo, Alejandro Cardozo, Ram\u00f3n Gonz\u00e1lez, Andy Ricardo Villa, Julio Argentino Silgueiro\u00a0<\/strong>y<strong>\u00a0Ricardo C\u00e1rdenas<\/strong>.<\/p>\n<p>En 1978 lleg\u00f3 la segunda etapa donde\u00a0<strong>Emilio Miguel Lagranja<\/strong>\u00a0fue el titular, acompa\u00f1ado con algunos de la primera etapa pero donde ya se sum\u00f3 la nueva generaci\u00f3n de periodistas deportivos como\u00a0<strong>Luis Dar\u00edo Molodezky, Jorge Altamirano, Jorge Diel, Ricardo Na\u00f3n, Mart\u00edn Vera, Miguel Omar Retamoso, Jos\u00e9 Ra\u00fal Romero y Juan Carlos Gonz\u00e1lez<\/strong>, entre otros.<\/p>\n<p>La tercera etapa lleg\u00f3 con un impulso definitivo y con una uni\u00f3n de esfuerzos de todos los que desarrollan sus tareas en el periodismo deportivo. All\u00ed se fueron agregando los hermanos\u00a0<strong>Carlos y Jorge Bernasconi<\/strong>,\u00a0<strong>Juan Ortega, Rodolfo \u2018Pocholo\u2019 Mancuello, Hugo G\u00f3mez, Ra\u00fal Bonnet, Willy Rodr\u00edguez<\/strong>\u00a0y los recordados\u00a0<strong>Carlos Allou<\/strong>\u00a0y<strong>\u00a0Jos\u00e9 Mar\u00eda Ram\u00edrez<\/strong>, entre otros.<\/p>\n<p>La fundaci\u00f3n definitiva estuvo encabezada por<strong>\u00a0Luis Dar\u00edo Molodezky,<\/strong>\u00a0que integr\u00f3 la comisi\u00f3n directiva desde todos los puestos hasta la presidencia. El titular de la entidad, actualmente es<strong> Willy Rodr\u00edguez.<\/strong><\/p>\n<p>La Fiesta Anual del Deporte Chaque\u00f1o comenz\u00f3 a celebrarse en el a\u00f1o 1982, ocasi\u00f3n en la que s\u00f3lo se galardonaba a los mejores en cada disciplina e instaur\u00e1ndose, desde el \u201887 y en su sexta edici\u00f3n, el premio al Mejor Deportista del A\u00f1o.<\/p>\n<p>Posteriormente fueron concret\u00e1ndose los eventos con mayor apertura en el marco de cenas de camarader\u00edas, algunas inolvidables por la convocatoria de hasta 500 personas, y 33 disciplinas que se reconocen, m\u00e1s el homenaje a alguna figura del pasado y se destaca el accionar de las entidades del Chaco. Tambi\u00e9n se incorpor\u00f3 la nominaci\u00f3n del socio honorario, habi\u00e9ndose entregado a varios reconocidos periodistas en los \u00faltimos a\u00f1os.<\/p>\n<p>En la reciente asamblea de la Federaci\u00f3n Argentina de Periodistas Deportivos (FAPED) r el C\u00edrculo de Chaco conserv\u00f3 la vicepresidencia primera en la persona de <strong>Carlos Bernasconi<\/strong>, y como revisor de cuentas,\u00a0<strong>Edison Omar Rodr\u00edguez<\/strong>\u00a0(hijo).<\/p>\n<p>&nbsp;<\/p>\n","protected":false},"excerpt":{"rendered":"<p>Foto portada: Los periodistas chaque\u00f1os en La Riona en el Congreso de la FAPED, Jos\u00e9 Ra\u00fal Romero y Ricardo Na\u00f3n, junto al entonces gobernador de ea provincia Carlos Sa\u00falo Menem Un 21 de octubre de 1984, el Chaco participa por primera vez en un Congreso Nacional de la FAPE, Federaci\u00f3n Argentina de Periodistas Deportivos. Sus &hellip;<\/p>\n","protected":false},"author":2,"featured_media":27394,"comment_status":"open","ping_status":"open","sticky":false,"template":"","format":"standard","meta":{"footnotes":""},"categories":[1,78],"tags":[],"class_list":["post-27393","post","type-post","status-publish","format-standard","has-post-thumbnail","hentry","category-fotos-del-recuerdo","category-historias"],"_links":{"self":[{"href":"https:\/\/www.sportchaco.com.ar\/index.php?rest_route=\/wp\/v2\/posts\/27393","targetHints":{"allow":["GET"]}}],"collection":[{"href":"https:\/\/www.sportchaco.com.ar\/index.php?rest_route=\/wp\/v2\/posts"}],"about":[{"href":"https:\/\/www.sportchaco.com.ar\/index.php?rest_route=\/wp\/v2\/types\/post"}],"author":[{"embeddable":true,"href":"https:\/\/www.sportchaco.com.ar\/index.php?rest_route=\/wp\/v2\/users\/2"}],"replies":[{"embeddable":true,"href":"https:\/\/www.sportchaco.com.ar\/index.php?rest_route=%2Fwp%2Fv2%2Fcomments&post=27393"}],"version-history":[{"count":1,"href":"https:\/\/www.sportchaco.com.ar\/index.php?rest_route=\/wp\/v2\/posts\/27393\/revisions"}],"predecessor-version":[{"id":27395,"href":"https:\/\/www.sportchaco.com.ar\/index.php?rest_route=\/wp\/v2\/posts\/27393\/revisions\/27395"}],"wp:featuredmedia":[{"embeddable":true,"href":"https:\/\/www.sportchaco.com.ar\/index.php?rest_route=\/wp\/v2\/media\/27394"}],"wp:attachment":[{"href":"https:\/\/www.sportchaco.com.ar\/index.php?rest_route=%2Fwp%2Fv2%2Fmedia&parent=27393"}],"wp:term":[{"taxonomy":"category","embeddable":true,"href":"https:\/\/www.sportchaco.com.ar\/index.php?rest_route=%2Fwp%2Fv2%2Fcategories&post=27393"},{"taxonomy":"post_tag","embeddable":true,"href":"https:\/\/www.sportchaco.com.ar\/index.php?rest_route=%2Fwp%2Fv2%2Ftags&post=27393"}],"curies":[{"name":"wp","href":"https:\/\/api.w.org\/{rel}","templated":true}]}}