{"id":27396,"date":"2025-10-21T12:22:23","date_gmt":"2025-10-21T15:22:23","guid":{"rendered":"https:\/\/www.sportchaco.com.ar\/?p=27396"},"modified":"2025-10-21T12:42:07","modified_gmt":"2025-10-21T15:42:07","slug":"villa-san-martin-con-nuevo-amistoso-en-charata","status":"publish","type":"post","link":"https:\/\/www.sportchaco.com.ar\/?p=27396","title":{"rendered":"Villa San Mart\u00edn con nuevo amistoso en Charata"},"content":{"rendered":"<article id=\"item\">\n<header>\n<h1><strong><span style=\"font-size: 16px;\">21-10-2025<\/span><\/strong><\/h1>\n<p><img loading=\"lazy\" decoding=\"async\" class=\"aligncenter size-large wp-image-20490\" src=\"https:\/\/www.sportchaco.com.ar\/wp-content\/uploads\/2025\/06\/728x90-1-1024x127.gif\" alt=\"\" width=\"1024\" height=\"127\" srcset=\"https:\/\/www.sportchaco.com.ar\/wp-content\/uploads\/2025\/06\/728x90-1-1024x127.gif 1024w, https:\/\/www.sportchaco.com.ar\/wp-content\/uploads\/2025\/06\/728x90-1-300x37.gif 300w, https:\/\/www.sportchaco.com.ar\/wp-content\/uploads\/2025\/06\/728x90-1-768x96.gif 768w\" sizes=\"auto, (max-width: 1024px) 100vw, 1024px\" \/><\/p>\n<\/header>\n<section class=\"body\">\n<section class=\"content\">\n<div class=\"main-text\">\n<div class=\"social\">\n<div class=\"share\">\n<p>La pelota ya pica en la cuenta regresiva hacia el gran estreno.\u00a0<strong>Villa San Mart\u00edn afrontar\u00e1 este mi\u00e9rcoles 22, desde las 21, su segundo amistoso de pretemporada frente a H\u00e9rcules de Charata<\/strong>, en la antesala de lo que ser\u00e1 el inicio de la Liga Argentina de B\u00e1squet 2025-2026, previsto para el 31 de octubre frente a Independiente BBC de Santiago del Estero.<\/p>\n<p>El conjunto tricolor, \u00fanico representante chaque\u00f1o en la segunda categor\u00eda del b\u00e1squet nacional, llega con buenas sensaciones tras el contundente triunfo en su primer ensayo ante Regatas Resistencia por 93 a 55, donde mostr\u00f3 pasajes de juego fluido, alta efectividad desde el per\u00edmetro y una s\u00f3lida rotaci\u00f3n colectiva.<\/p>\n<p>El entrenador<strong>\u00a0Eduardo \u00ab<em>Chiche\u00bb<\/em>\u00a0J\u00e1pez<\/strong>, en di\u00e1logo con NORTE, explic\u00f3 que el objetivo del amistoso en Charata ser\u00e1 \u00ab<strong><em>pensar en nosotros y seguir ajustando en lo defensivo<\/em>\u00a0<\/strong>\u00ab. La consigna es clara: llegar a punto al debut y sostener la identidad de juego que busca imponer desde su arribo.<\/p>\n<\/div>\n<\/div>\n<div class=\" large m_image\">\n<figure><picture><source srcset=\"https:\/\/www.diarionorte.com\/content\/bucket\/8\/433128w790h521c.jpg.webp\" type=\"image\/webp\" media=\"(min-width: 640px)\" \/><source srcset=\"https:\/\/www.diarionorte.com\/content\/bucket\/8\/433128w440h290c.jpg.webp\" type=\"image\/webp\" media=\"(min-width: 300px)\" \/><source srcset=\"https:\/\/www.diarionorte.com\/content\/bucket\/8\/433128w790h521c.jpg\" media=\"(min-width: 300px)\" \/><img loading=\"lazy\" decoding=\"async\" class=\"pic\" src=\"https:\/\/www.diarionorte.com\/content\/bucket\/8\/433128w790h521c.jpg.webp\" alt=\"\" width=\"790\" height=\"521\" \/><\/picture><\/figure>\n<\/div>\n<p>\u00ab<strong><em>Este partido va a favorecer a los dos equipos en la preparaci\u00f3n<\/em>\u00a0<\/strong>\u00ab, asegur\u00f3\u00a0<strong>Gabriel Frencia<\/strong>, ala pivote de 2,02 metros de H\u00e9rcules. Y concluy\u00f3 en di\u00e1logo con NORTE: \u00ab<strong><em>Nos sirve much\u00edsimo medirnos con un plantel de jerarqu\u00eda como el de Villa San Mart\u00edn, porque eso nos potencia y nos lleva a mejorar nuestro propio juego<\/em>\u00a0<\/strong>\u00ab.<\/p>\n<p>J\u00e1pez hab\u00eda anticipado que la idea era disputar tres amistosos contra equipos chaque\u00f1os antes del debut oficial, y este ser\u00e1 el segundo en esa hoja de ruta. \u00ab<em>Tenemos que aprovechar cada encuentro para afianzar conceptos, ajustar la defensa y consolidar la rotaci\u00f3n\u00bb<\/em>, agreg\u00f3 el t\u00e9cnico. El Tricolor volver\u00e1 a presentarse oficialmente ante su gente el 7 y 11 de noviembre, cuando reciba a Rivadavia B\u00e1squet de Mendoza y Fusi\u00f3n Riojana, en el flamante estadio de Saavedra 135. La ilusi\u00f3n de toda la familia tricolor es una sola: volver a poner al b\u00e1squet chaque\u00f1o en lo m\u00e1s alto.<\/p>\n<p><img decoding=\"async\" src=\"https:\/\/scontent.fcnq2-1.fna.fbcdn.net\/v\/t51.82787-15\/554865558_18404647858137026_8314154190571167851_n.jpg?_nc_cat=101&amp;ccb=1-7&amp;_nc_sid=127cfc&amp;_nc_eui2=AeGM87G-uC-6_IcPNLEBJaSey3qi3_Xl2azLeqLf9eXZrFbLygHdILg2dY0zmZ4T6wc&amp;_nc_ohc=w_UjMAS7K10Q7kNvwGr-QmQ&amp;_nc_oc=AdkNqZUPNEuvF_Nq3So2a_Dzqt_xYfZWMEH7zhm2sDDYx6leJe8Km0l4u2ChwSypsM8&amp;_nc_zt=23&amp;_nc_ht=scontent.fcnq2-1.fna&amp;_nc_gid=EzXGQQu0byUHCbKW4iGyXw&amp;oh=00_AfdP6ydjKwOmtfD4s0GhQenq67CoAoRKVpnE1Ii7eM5pUw&amp;oe=68FD8E6D\" alt=\"Puede ser una imagen de 7 personas, personas jugando al f\u00fatbol y texto que dice &quot;LLIGA ARGENTINA MITA VIII SANMARTIN SAN MARIIN BES STENCIA 25\/26 \u0e20\u0e32\u0e08 VILLA 0 T T\u00c9CNICO JEFEDEEQUIPO JEFE DE EQUIPO \u12c8\u12ed \u4e91 T\u00c9CNICO CIERPO CUERPO \u0e01\u0e23\u0e19\u0e21 VILLA \u4e09 PREPARADOR FISICO PREPARADOR F\u00cdSICO JInAR ASISTENTE ASISTENTE ASISTENTE&quot;\" \/><\/p>\n<p>Est\u00e1 integrado por Santiago Rath, Maximiliano Mart\u00edn, Facundo Gago, Emir P\u00e9rez Barrios, Est\u00e9fano Simondi, Agust\u00edn Camisasca, Favio Vieta, Lautaro Florito, Maximiliano Bottaro, Gael Carrasco, R\u00f3mulo Gusmao, Valentino Bar\u00faa y Eli\u00e1n Centeno.<\/p>\n<p>El cuerpo t\u00e9cnico lo conforman: Eduardo J\u00e1pez (entrenador principal), Hugo Camisasca (primer asistente), Gonzalo Flores (segundo asistente), Imanol Escobar (preparador f\u00edsico), Romina Bogado (psic\u00f3loga), Sof\u00eda Frangioli (nutricionista), Pablo Castillo (kinesi\u00f3logo),\u00a0 y Sergio Ruberto (jefe de equipo).<\/p>\n<div class=\" large m_image\">\n<figure><picture><source srcset=\"https:\/\/www.diarionorte.com\/content\/bucket\/5\/433125w790h527c.jpg.webp\" type=\"image\/webp\" media=\"(min-width: 640px)\" \/><source srcset=\"https:\/\/www.diarionorte.com\/content\/bucket\/5\/433125w440h293c.jpg.webp\" type=\"image\/webp\" media=\"(min-width: 300px)\" \/><source srcset=\"https:\/\/www.diarionorte.com\/content\/bucket\/5\/433125w790h527c.jpg\" media=\"(min-width: 300px)\" \/><img loading=\"lazy\" decoding=\"async\" class=\"pic\" src=\"https:\/\/www.diarionorte.com\/content\/bucket\/5\/433125w790h527c.jpg.webp\" alt=\"\" width=\"790\" height=\"527\" \/><\/picture><\/figure>\n<\/div>\n<p>Junto a Frencia, en H\u00e9rcules tambi\u00e9n se destacan C\u00e9sar Cativa; Ignacio Torrente, Nicol\u00e1s Alisio; Facundo Pereyra; Ian Zain Stival, Mateo Aizenstein; Jorge Maluk; Marino Frontalini; Carlos Carrocino; Mat\u00edas Kisur. D.T.: Mauro Aleksandrowicz.<\/p>\n<div class=\" large m_image\">\n<figure><picture><source srcset=\"https:\/\/www.diarionorte.com\/content\/bucket\/6\/433126w790h474c.jpg.webp\" type=\"image\/webp\" media=\"(min-width: 640px)\" \/><source srcset=\"https:\/\/www.diarionorte.com\/content\/bucket\/6\/433126w440h264c.jpg.webp\" type=\"image\/webp\" media=\"(min-width: 300px)\" \/><source srcset=\"https:\/\/www.diarionorte.com\/content\/bucket\/6\/433126w790h474c.jpg\" media=\"(min-width: 300px)\" \/><img loading=\"lazy\" decoding=\"async\" class=\"pic\" src=\"https:\/\/www.diarionorte.com\/content\/bucket\/6\/433126w790h474c.jpg.webp\" alt=\"\" width=\"790\" height=\"474\" \/><\/picture><\/figure>\n<p><em><strong>Fuente: Diario NORTE<\/strong><\/em><\/p>\n<\/div>\n<\/div>\n<\/section>\n<aside role=\"column\"><\/aside>\n<\/section>\n<\/article>\n<div class=\"ads-stripe-article\">\n<div class=\"wrapper\">\n<div class=\"autopromo\" data-role=\"promo-target\" data-unit=\"6\">\n<div class=\"promo-targeting\">\n<div class=\"promo-variable\"><\/div>\n<\/div>\n<\/div>\n<\/div>\n<\/div>\n","protected":false},"excerpt":{"rendered":"<p>21-10-2025 La pelota ya pica en la cuenta regresiva hacia el gran estreno.\u00a0Villa San Mart\u00edn afrontar\u00e1 este mi\u00e9rcoles 22, desde las 21, su segundo amistoso de pretemporada frente a H\u00e9rcules de Charata, en la antesala de lo que ser\u00e1 el inicio de la Liga Argentina de B\u00e1squet 2025-2026, previsto para el 31 de octubre frente &hellip;<\/p>\n","protected":false},"author":2,"featured_media":27397,"comment_status":"open","ping_status":"open","sticky":false,"template":"","format":"standard","meta":{"footnotes":""},"categories":[3],"tags":[],"class_list":["post-27396","post","type-post","status-publish","format-standard","has-post-thumbnail","hentry","category-basquetbol"],"_links":{"self":[{"href":"https:\/\/www.sportchaco.com.ar\/index.php?rest_route=\/wp\/v2\/posts\/27396","targetHints":{"allow":["GET"]}}],"collection":[{"href":"https:\/\/www.sportchaco.com.ar\/index.php?rest_route=\/wp\/v2\/posts"}],"about":[{"href":"https:\/\/www.sportchaco.com.ar\/index.php?rest_route=\/wp\/v2\/types\/post"}],"author":[{"embeddable":true,"href":"https:\/\/www.sportchaco.com.ar\/index.php?rest_route=\/wp\/v2\/users\/2"}],"replies":[{"embeddable":true,"href":"https:\/\/www.sportchaco.com.ar\/index.php?rest_route=%2Fwp%2Fv2%2Fcomments&post=27396"}],"version-history":[{"count":6,"href":"https:\/\/www.sportchaco.com.ar\/index.php?rest_route=\/wp\/v2\/posts\/27396\/revisions"}],"predecessor-version":[{"id":27408,"href":"https:\/\/www.sportchaco.com.ar\/index.php?rest_route=\/wp\/v2\/posts\/27396\/revisions\/27408"}],"wp:featuredmedia":[{"embeddable":true,"href":"https:\/\/www.sportchaco.com.ar\/index.php?rest_route=\/wp\/v2\/media\/27397"}],"wp:attachment":[{"href":"https:\/\/www.sportchaco.com.ar\/index.php?rest_route=%2Fwp%2Fv2%2Fmedia&parent=27396"}],"wp:term":[{"taxonomy":"category","embeddable":true,"href":"https:\/\/www.sportchaco.com.ar\/index.php?rest_route=%2Fwp%2Fv2%2Fcategories&post=27396"},{"taxonomy":"post_tag","embeddable":true,"href":"https:\/\/www.sportchaco.com.ar\/index.php?rest_route=%2Fwp%2Fv2%2Ftags&post=27396"}],"curies":[{"name":"wp","href":"https:\/\/api.w.org\/{rel}","templated":true}]}}