{"id":27403,"date":"2025-10-21T12:32:09","date_gmt":"2025-10-21T15:32:09","guid":{"rendered":"https:\/\/www.sportchaco.com.ar\/?p=27403"},"modified":"2025-10-21T12:56:23","modified_gmt":"2025-10-21T15:56:23","slug":"santiago-veiga-al-frente-de-faped-chaco-en-la-vicepresdidencia","status":"publish","type":"post","link":"https:\/\/www.sportchaco.com.ar\/?p=27403","title":{"rendered":"Santiago Veiga al frente de FAPED; Chaco en la vicepresidencia"},"content":{"rendered":"<div class=\"xdj266r x14z9mp xat24cr x1lziwak x1vvkbs x126k92a\">\n<p dir=\"auto\"><strong>21-10-2025<\/strong><\/p>\n<p dir=\"auto\"><img loading=\"lazy\" decoding=\"async\" class=\"aligncenter size-full wp-image-20491\" src=\"https:\/\/www.sportchaco.com.ar\/wp-content\/uploads\/2025\/06\/PARQUE-SOLAR_720x90-01.gif\" alt=\"\" width=\"720\" height=\"90\" \/><\/p>\n<p dir=\"auto\"><span style=\"font-size: 16px; font-weight: 400;\">El C\u00edrculo de Periodistas Deportivos del Chaco vuelve a tener representaci\u00f3n en la conducci\u00f3n nacional de la entidad que nuclea a los periodistas deportivos del pa\u00eds, a trav\u00e9s de Carlos Bernasconi como vicepresidente primero, y Edison Omar Rodr\u00edguez (hijo) como revisor de cuenta titular.<\/span><\/p>\n<\/div>\n<div class=\"x14z9mp xat24cr x1lziwak x1vvkbs xtlvy1s x126k92a\">\n<div dir=\"auto\"><\/div>\n<\/div>\n<div class=\"x14z9mp xat24cr x1lziwak x1vvkbs xtlvy1s x126k92a\">\n<div dir=\"auto\"><strong>La nueva comisi\u00f3n directiva<\/strong><\/div>\n<\/div>\n<div class=\"x14z9mp xat24cr x1lziwak x1vvkbs xtlvy1s x126k92a\">\n<div dir=\"auto\">Presidente: Santiago Veiga (Necochea).<\/div>\n<div dir=\"auto\" style=\"text-align: center;\">\u00a0<img loading=\"lazy\" decoding=\"async\" class=\"alignnone wp-image-27405 size-large\" src=\"https:\/\/www.sportchaco.com.ar\/wp-content\/uploads\/2025\/10\/Circulo-2025-1-1024x641.jpg\" alt=\"\" width=\"1024\" height=\"641\" srcset=\"https:\/\/www.sportchaco.com.ar\/wp-content\/uploads\/2025\/10\/Circulo-2025-1-1024x641.jpg 1024w, https:\/\/www.sportchaco.com.ar\/wp-content\/uploads\/2025\/10\/Circulo-2025-1-300x188.jpg 300w, https:\/\/www.sportchaco.com.ar\/wp-content\/uploads\/2025\/10\/Circulo-2025-1-768x481.jpg 768w, https:\/\/www.sportchaco.com.ar\/wp-content\/uploads\/2025\/10\/Circulo-2025-1-1536x962.jpg 1536w, https:\/\/www.sportchaco.com.ar\/wp-content\/uploads\/2025\/10\/Circulo-2025-1.jpg 1600w\" sizes=\"auto, (max-width: 1024px) 100vw, 1024px\" \/><\/div>\n<div dir=\"auto\"><\/div>\n<\/div>\n<div class=\"x14z9mp xat24cr x1lziwak x1vvkbs xtlvy1s x126k92a\">\n<div dir=\"auto\">\n<p>Vicepresidente primero: Carlos Bernasconi (Chaco).<br \/>\nVicepresidente segundo: Dar\u00edo Santos (Chubut).<br \/>\nSecretaria: Carolina Mitirani (San Nicol\u00e1s)<br \/>\nProsecretario: Roberto Chac\u00f3n (Catamarca)<br \/>\nTesorero: Juan Villaverde (Necochea)<br \/>\nProtesorero: Luis Antonelli (Venado Tuerto).<\/p>\n<p><strong>VOCALES TITULARES<\/strong><br \/>\nLuis Salinas (C\u00f3rdoba).<br \/>\nPatricia Garciarena (Mar del Plata)<br \/>\nCristian Torino (San Nicol\u00e1s)<br \/>\nRam\u00f3n \u00c1vila (Santiago del Estero)<br \/>\nMat\u00edas Menconi (Venado Tuerto)<br \/>\nFernando D\u00edaz (Jujuy)<\/p>\n<p><strong>VOCALES SUPLENTES<\/strong><br \/>\nMariano Ferrari (Z\u00e1rate)<br \/>\nJorge P\u00e9rez (San Pedro)<br \/>\nDavid Torcivia (La Rioja)<br \/>\nJos\u00e9 Casiva (Villa Mercedes)<br \/>\nMariela Fuentes (Salta)<br \/>\nJorge \u00c1ngulo (Chubut)<\/p>\n<p><strong>REVISORES DE CUENTA TITULARES<\/strong><br \/>\nEdison Omar Rodr\u00edguez (Chaco)<br \/>\nEdgardo Rivero (Salta)<br \/>\nSilvio Irama\u00edn (Catamarca)<\/p>\n<p><strong>REVISORES DE CUENTA SUPLENTES<\/strong><br \/>\nEdgardo D\u00edaz (Mar del Plata)<br \/>\nCarlos Franchi (San Nicol\u00e1s)<br \/>\nMauro P\u00e9rez (San Pedro)<\/p>\n<p><strong>TRIBUNAL DE HONOR<\/strong><br \/>\nRom\u00e1n Baca (Presidente- San Pedro)<br \/>\nPedro Tacacho (Jujuy)<br \/>\nOsmar Grovas (San Pedro)<br \/>\nHugo G\u00f3mez (Chubut)<br \/>\nRam\u00f3n Herrera (Catamarca)<br \/>\nRub\u00e9n Aguilera (Mar del Plata)<\/p>\n<p><strong>ASESORES REGIONALES<\/strong><br \/>\nNorte: Walter Melcher (Santiago del Estero)- Daniel Echaz\u00fa (Jujuy)<br \/>\nLitoral: Jos\u00e9 C\u00f3rdoba (Corrientes)- Javier Velazco (Formosa)<br \/>\nCentro: Francisco Carre\u00f1o (C\u00f3rdoba)<br \/>\nCuyo: V\u00edctor Mu\u00f1oz (Villa Mercedes)<br \/>\nBuenos Aires: Leonardo Menna (Necochea)- H\u00e9ctor Albano (San Pedro)<br \/>\nSur: Gisela Mor\u00f3n (Chubut)<\/p>\n<p><strong>PRENSA Y DIFUSION<\/strong><br \/>\nPedro Morales (Mar del Plata)<br \/>\nLidia Ruiz (Santiago del Estero)<br \/>\nOsvaldo Bonino (Comodoro Rivadavia)<\/p>\n<p><strong>PRESIDENTE HONORARIO<\/strong><br \/>\nHugo Lencina (Buenos Aires)<\/p>\n<p><strong>DIRECTOR EJECUTIVO<\/strong><br \/>\nRen\u00e9 Paz (Santiago del Estero)<\/p>\n<p><img loading=\"lazy\" decoding=\"async\" class=\"aligncenter size-large wp-image-19091\" src=\"https:\/\/www.sportchaco.com.ar\/wp-content\/uploads\/2025\/05\/jETSMART-1080x1350-3-1-819x1024.gif\" alt=\"\" width=\"819\" height=\"1024\" srcset=\"https:\/\/www.sportchaco.com.ar\/wp-content\/uploads\/2025\/05\/jETSMART-1080x1350-3-1-819x1024.gif 819w, https:\/\/www.sportchaco.com.ar\/wp-content\/uploads\/2025\/05\/jETSMART-1080x1350-3-1-240x300.gif 240w, https:\/\/www.sportchaco.com.ar\/wp-content\/uploads\/2025\/05\/jETSMART-1080x1350-3-1-768x960.gif 768w, https:\/\/www.sportchaco.com.ar\/wp-content\/uploads\/2025\/05\/jETSMART-1080x1350-3-1-1229x1536.gif 1229w, https:\/\/www.sportchaco.com.ar\/wp-content\/uploads\/2025\/05\/jETSMART-1080x1350-3-1-1638x2048.gif 1638w\" sizes=\"auto, (max-width: 819px) 100vw, 819px\" \/><\/p>\n<\/div>\n<\/div>\n","protected":false},"excerpt":{"rendered":"<p>21-10-2025 El C\u00edrculo de Periodistas Deportivos del Chaco vuelve a tener representaci\u00f3n en la conducci\u00f3n nacional de la entidad que nuclea a los periodistas deportivos del pa\u00eds, a trav\u00e9s de Carlos Bernasconi como vicepresidente primero, y Edison Omar Rodr\u00edguez (hijo) como revisor de cuenta titular. La nueva comisi\u00f3n directiva Presidente: Santiago Veiga (Necochea). \u00a0 Vicepresidente &hellip;<\/p>\n","protected":false},"author":2,"featured_media":27404,"comment_status":"open","ping_status":"open","sticky":false,"template":"","format":"standard","meta":{"footnotes":""},"categories":[44],"tags":[],"class_list":["post-27403","post","type-post","status-publish","format-standard","has-post-thumbnail","hentry","category-varios"],"_links":{"self":[{"href":"https:\/\/www.sportchaco.com.ar\/index.php?rest_route=\/wp\/v2\/posts\/27403","targetHints":{"allow":["GET"]}}],"collection":[{"href":"https:\/\/www.sportchaco.com.ar\/index.php?rest_route=\/wp\/v2\/posts"}],"about":[{"href":"https:\/\/www.sportchaco.com.ar\/index.php?rest_route=\/wp\/v2\/types\/post"}],"author":[{"embeddable":true,"href":"https:\/\/www.sportchaco.com.ar\/index.php?rest_route=\/wp\/v2\/users\/2"}],"replies":[{"embeddable":true,"href":"https:\/\/www.sportchaco.com.ar\/index.php?rest_route=%2Fwp%2Fv2%2Fcomments&post=27403"}],"version-history":[{"count":3,"href":"https:\/\/www.sportchaco.com.ar\/index.php?rest_route=\/wp\/v2\/posts\/27403\/revisions"}],"predecessor-version":[{"id":27410,"href":"https:\/\/www.sportchaco.com.ar\/index.php?rest_route=\/wp\/v2\/posts\/27403\/revisions\/27410"}],"wp:featuredmedia":[{"embeddable":true,"href":"https:\/\/www.sportchaco.com.ar\/index.php?rest_route=\/wp\/v2\/media\/27404"}],"wp:attachment":[{"href":"https:\/\/www.sportchaco.com.ar\/index.php?rest_route=%2Fwp%2Fv2%2Fmedia&parent=27403"}],"wp:term":[{"taxonomy":"category","embeddable":true,"href":"https:\/\/www.sportchaco.com.ar\/index.php?rest_route=%2Fwp%2Fv2%2Fcategories&post=27403"},{"taxonomy":"post_tag","embeddable":true,"href":"https:\/\/www.sportchaco.com.ar\/index.php?rest_route=%2Fwp%2Fv2%2Ftags&post=27403"}],"curies":[{"name":"wp","href":"https:\/\/api.w.org\/{rel}","templated":true}]}}