{"id":27414,"date":"2025-10-21T22:26:50","date_gmt":"2025-10-22T01:26:50","guid":{"rendered":"https:\/\/www.sportchaco.com.ar\/?p=27414"},"modified":"2025-10-22T11:03:39","modified_gmt":"2025-10-22T14:03:39","slug":"27414","status":"publish","type":"post","link":"https:\/\/www.sportchaco.com.ar\/?p=27414","title":{"rendered":"Villa inaugur\u00f3 obras antes de La Liga Argentina"},"content":{"rendered":"<p data-start=\"275\" data-end=\"300\"><strong>21-10-2025<\/strong><\/p>\n<p data-start=\"275\" data-end=\"300\"><img loading=\"lazy\" decoding=\"async\" class=\"aligncenter size-full wp-image-26819\" src=\"https:\/\/www.sportchaco.com.ar\/wp-content\/uploads\/2025\/10\/320x50-3.gif\" alt=\"\" width=\"667\" height=\"105\" \/><\/p>\n<h5 data-start=\"275\" data-end=\"300\">En la tarde de este martes se realiz\u00f3 el acto de inauguraci\u00f3n de las obras del club Villa San Mart\u00edn, que se apresta a incursionar por d\u00e9cimo a\u00f1o consecutivo en La Liga Argentina de B\u00e1squet. En la portada zona de ingreso al club con el mural realizado por el artista plastico Luciano Acosta.<\/h5>\n<p>&nbsp;<\/p>\n<p data-start=\"275\" data-end=\"300\">Estuvieron presentes autoridades provinciales encabezadas por el gobernador Leandro Zdero y por el presidente del Instituto del Deporte Fabio V\u00e1zquez.<\/p>\n<p><img loading=\"lazy\" decoding=\"async\" class=\"aligncenter wp-image-27419 size-large\" src=\"https:\/\/www.sportchaco.com.ar\/wp-content\/uploads\/2025\/10\/Villa-Zdero-habla-1024x538.jpg\" alt=\"\" width=\"1024\" height=\"538\" srcset=\"https:\/\/www.sportchaco.com.ar\/wp-content\/uploads\/2025\/10\/Villa-Zdero-habla-1024x538.jpg 1024w, https:\/\/www.sportchaco.com.ar\/wp-content\/uploads\/2025\/10\/Villa-Zdero-habla-300x158.jpg 300w, https:\/\/www.sportchaco.com.ar\/wp-content\/uploads\/2025\/10\/Villa-Zdero-habla-768x404.jpg 768w, https:\/\/www.sportchaco.com.ar\/wp-content\/uploads\/2025\/10\/Villa-Zdero-habla-1536x808.jpg 1536w, https:\/\/www.sportchaco.com.ar\/wp-content\/uploads\/2025\/10\/Villa-Zdero-habla-2048x1077.jpg 2048w\" sizes=\"auto, (max-width: 1024px) 100vw, 1024px\" \/><\/p>\n<p><strong>Momento en que habla el gobernador Leandro Zdero<\/strong><\/p>\n<h3 data-start=\"275\" data-end=\"300\">\u00a0Datos del evento<\/h3>\n<ul data-start=\"301\" data-end=\"788\">\n<li data-start=\"434\" data-end=\"612\">\n<p data-start=\"436\" data-end=\"612\">El evento llevaba por objetivo la inauguraci\u00f3n de las obras de refacci\u00f3n y ampliaci\u00f3n en el estadio de Villa San Mart\u00edn, en Resistencia.<\/p>\n<\/li>\n<li data-start=\"613\" data-end=\"788\">\n<p data-start=\"615\" data-end=\"788\">Estuvieron presentes autoridades provinciales, del deporte y del club. En particular, el gobernador Leandro Zdero particip\u00f3 del acto.<\/p>\n<\/li>\n<li data-start=\"613\" data-end=\"788\"><img loading=\"lazy\" decoding=\"async\" class=\" wp-image-27443 aligncenter\" src=\"https:\/\/www.sportchaco.com.ar\/wp-content\/uploads\/2025\/10\/OTRO-LADO1-300x200.jpg\" alt=\"\" width=\"470\" height=\"313\" srcset=\"https:\/\/www.sportchaco.com.ar\/wp-content\/uploads\/2025\/10\/OTRO-LADO1-300x200.jpg 300w, https:\/\/www.sportchaco.com.ar\/wp-content\/uploads\/2025\/10\/OTRO-LADO1-1024x683.jpg 1024w, https:\/\/www.sportchaco.com.ar\/wp-content\/uploads\/2025\/10\/OTRO-LADO1-768x512.jpg 768w, https:\/\/www.sportchaco.com.ar\/wp-content\/uploads\/2025\/10\/OTRO-LADO1.jpg 1040w\" sizes=\"auto, (max-width: 470px) 100vw, 470px\" \/><\/li>\n<li data-start=\"613\" data-end=\"788\"><strong>OBRAS INAUGURADAS: TRIBUNAS, ZONA DE TRANSMISION TV, VESTUARIOS Y SANITARIOS.<\/strong><\/li>\n<\/ul>\n<h3 data-start=\"795\" data-end=\"820\">Obras realizadas<\/h3>\n<p data-start=\"821\" data-end=\"863\">Las mejoras que se inauguraron incluyen:<\/p>\n<ul data-start=\"864\" data-end=\"1505\">\n<li style=\"list-style-type: none;\">\n<ul data-start=\"864\" data-end=\"1505\">\n<li data-start=\"864\" data-end=\"1087\">\n<p data-start=\"866\" data-end=\"1087\">Nuevas tribunas met\u00e1licas ubicadas \u201cespaldas a la calle G\u00fcemes\u201d. Esta estructura incluye una cabina de transmisi\u00f3n para TV, y debajo de la tribuna se ubican vestuarios y sanitarios.<\/p>\n<\/li>\n<li data-start=\"1088\" data-end=\"1261\">\n<p data-start=\"1090\" data-end=\"1261\">Incremento de capacidad: La capacidad estimada es de 1.500 espectadores sentados y 2.500 de pie para el estadio remodelado.<\/p>\n<\/li>\n<li data-start=\"1262\" data-end=\"1505\">\n<p data-start=\"1264\" data-end=\"1505\">Infraestructura general mejorada: se mencionan vestuarios modernos, ba\u00f1os p\u00fablicos adaptados, un palco oficial, sistema contra incendios, cancha auxiliar techada con parquet, entre otras instalaciones.<\/p>\n<\/li>\n<li data-start=\"1262\" data-end=\"1505\">Vestuarios local, visitante, \u00e1rbitros y sanitarios.<\/li>\n<\/ul>\n<\/li>\n<\/ul>\n<h3 data-start=\"1512\" data-end=\"1545\">Declaraciones destacadas<\/h3>\n<ul data-start=\"1546\" data-end=\"1879\">\n<li data-start=\"1546\" data-end=\"1732\">\n<p data-start=\"1548\" data-end=\"1732\">El presidente del club, Ricardo Siri, expres\u00f3 que las obras representan \u201cuna enorme alegr\u00eda\u201d y que el club viv\u00eda \u201cuna inauguraci\u00f3n hist\u00f3rica\u201d.<\/p>\n<\/li>\n<li data-start=\"1733\" data-end=\"1879\">\n<p data-start=\"1735\" data-end=\"1879\">Se puso \u00e9nfasis en que estas mejoras valorizan al club \u201c100 % en infraestructura y capital deportivo\u201d.<\/p>\n<\/li>\n<\/ul>\n<h3 data-start=\"1886\" data-end=\"1915\">Proyecci\u00f3n deportiva<\/h3>\n<ul data-start=\"1916\" data-end=\"2333\">\n<li data-start=\"1916\" data-end=\"2141\">\n<p data-start=\"1918\" data-end=\"2141\">Las obras se completaron antes del inicio de la temporada 2025\/26 de La Liga Argentina de B\u00e1squet, lo que alinea con el objetivo del club de presentarse con mejores condiciones.<\/p>\n<\/li>\n<li data-start=\"2142\" data-end=\"2333\">\n<p data-start=\"2144\" data-end=\"2333\">El primer partido en el nuevo escenario, para la Liga, est\u00e1 programado para el 31 de octubre frente a Independiente BBC de Santiago del Estero.<\/p>\n<\/li>\n<\/ul>\n<p><img loading=\"lazy\" decoding=\"async\" class=\"alignnone size-medium wp-image-27424\" src=\"https:\/\/www.sportchaco.com.ar\/wp-content\/uploads\/2025\/10\/DSCN9402-300x225.jpg\" alt=\"\" width=\"300\" height=\"225\" srcset=\"https:\/\/www.sportchaco.com.ar\/wp-content\/uploads\/2025\/10\/DSCN9402-300x225.jpg 300w, https:\/\/www.sportchaco.com.ar\/wp-content\/uploads\/2025\/10\/DSCN9402-1024x768.jpg 1024w, https:\/\/www.sportchaco.com.ar\/wp-content\/uploads\/2025\/10\/DSCN9402-768x576.jpg 768w, https:\/\/www.sportchaco.com.ar\/wp-content\/uploads\/2025\/10\/DSCN9402-1536x1152.jpg 1536w, https:\/\/www.sportchaco.com.ar\/wp-content\/uploads\/2025\/10\/DSCN9402-2048x1536.jpg 2048w\" sizes=\"auto, (max-width: 300px) 100vw, 300px\" \/>\u00a0 \u00a0 \u00a0 <img loading=\"lazy\" decoding=\"async\" class=\"alignnone wp-image-27425\" src=\"https:\/\/www.sportchaco.com.ar\/wp-content\/uploads\/2025\/10\/DSCN9417-300x225.jpg\" alt=\"\" width=\"319\" height=\"239\" srcset=\"https:\/\/www.sportchaco.com.ar\/wp-content\/uploads\/2025\/10\/DSCN9417-300x225.jpg 300w, https:\/\/www.sportchaco.com.ar\/wp-content\/uploads\/2025\/10\/DSCN9417-1024x768.jpg 1024w, https:\/\/www.sportchaco.com.ar\/wp-content\/uploads\/2025\/10\/DSCN9417-768x576.jpg 768w, https:\/\/www.sportchaco.com.ar\/wp-content\/uploads\/2025\/10\/DSCN9417-1536x1152.jpg 1536w, https:\/\/www.sportchaco.com.ar\/wp-content\/uploads\/2025\/10\/DSCN9417-2048x1536.jpg 2048w\" sizes=\"auto, (max-width: 319px) 100vw, 319px\" \/><\/p>\n<p><strong>Dar\u00edo Aranda y Ra\u00fal Bonet\u00a0 \u00a0 \u00a0 \u00a0 \u00a0 \u00a0 \u00a0 \u00a0 \u00a0 \u00a0 \u00a0 \u00a0 \u00a0 \u00a0 \u00a0 \u00a0 Eduardo Japez y Sergio Rubero<\/strong><\/p>\n<p>&nbsp;<\/p>\n<p><img loading=\"lazy\" decoding=\"async\" class=\"aligncenter wp-image-27426 size-large\" src=\"https:\/\/www.sportchaco.com.ar\/wp-content\/uploads\/2025\/10\/DSCN9403-1024x768.jpg\" alt=\"\" width=\"1024\" height=\"768\" srcset=\"https:\/\/www.sportchaco.com.ar\/wp-content\/uploads\/2025\/10\/DSCN9403-1024x768.jpg 1024w, https:\/\/www.sportchaco.com.ar\/wp-content\/uploads\/2025\/10\/DSCN9403-300x225.jpg 300w, https:\/\/www.sportchaco.com.ar\/wp-content\/uploads\/2025\/10\/DSCN9403-768x576.jpg 768w, https:\/\/www.sportchaco.com.ar\/wp-content\/uploads\/2025\/10\/DSCN9403-1536x1152.jpg 1536w, https:\/\/www.sportchaco.com.ar\/wp-content\/uploads\/2025\/10\/DSCN9403-2048x1536.jpg 2048w\" sizes=\"auto, (max-width: 1024px) 100vw, 1024px\" \/><\/p>\n<h3 data-start=\"2340\" data-end=\"2358\">\u2705 Conclusi\u00f3n<\/h3>\n<p data-start=\"2359\" data-end=\"2648\">El acto de hoy marca un hito para Villa San Mart\u00edn: no solo se trata de una remodelaci\u00f3n est\u00e9tica, sino de un salto en infraestructura que busca potenciar la presencia del club en competiciones mayores, mejorar la experiencia para socios y p\u00fablico, y proyectar una etapa m\u00e1s profesional.<\/p>\n<p><img loading=\"lazy\" decoding=\"async\" class=\"alignnone wp-image-27422\" src=\"https:\/\/www.sportchaco.com.ar\/wp-content\/uploads\/2025\/10\/DSCN9401-225x300.jpg\" alt=\"\" width=\"297\" height=\"396\" srcset=\"https:\/\/www.sportchaco.com.ar\/wp-content\/uploads\/2025\/10\/DSCN9401-225x300.jpg 225w, https:\/\/www.sportchaco.com.ar\/wp-content\/uploads\/2025\/10\/DSCN9401-768x1024.jpg 768w, https:\/\/www.sportchaco.com.ar\/wp-content\/uploads\/2025\/10\/DSCN9401-1152x1536.jpg 1152w, https:\/\/www.sportchaco.com.ar\/wp-content\/uploads\/2025\/10\/DSCN9401-1536x2048.jpg 1536w, https:\/\/www.sportchaco.com.ar\/wp-content\/uploads\/2025\/10\/DSCN9401-scaled.jpg 1920w\" sizes=\"auto, (max-width: 297px) 100vw, 297px\" \/> <img loading=\"lazy\" decoding=\"async\" class=\"alignnone wp-image-27423\" src=\"https:\/\/www.sportchaco.com.ar\/wp-content\/uploads\/2025\/10\/DSCN9400-225x300.jpg\" alt=\"\" width=\"298\" height=\"397\" srcset=\"https:\/\/www.sportchaco.com.ar\/wp-content\/uploads\/2025\/10\/DSCN9400-225x300.jpg 225w, https:\/\/www.sportchaco.com.ar\/wp-content\/uploads\/2025\/10\/DSCN9400-768x1024.jpg 768w, https:\/\/www.sportchaco.com.ar\/wp-content\/uploads\/2025\/10\/DSCN9400-1152x1536.jpg 1152w, https:\/\/www.sportchaco.com.ar\/wp-content\/uploads\/2025\/10\/DSCN9400-1536x2048.jpg 1536w, https:\/\/www.sportchaco.com.ar\/wp-content\/uploads\/2025\/10\/DSCN9400-scaled.jpg 1920w\" sizes=\"auto, (max-width: 298px) 100vw, 298px\" \/><\/p>\n<p>OPINIONES<\/p>\n<p>El presidente del Instituto del Deporte, Fabio V\u00e1zquez, celebr\u00f3 la inauguraci\u00f3n: \u201cEstas nuevas instalaciones son una muestra del compromiso del gobernador con el deporte. Es infraestructura de primer nivel para Resistencia y toda la provincia\u201d.<\/p>\n<p>V\u00e1zquez explic\u00f3 que el trabajo articulado con Infraestructura y Loter\u00eda Chaque\u00f1a busca llegar a clubes de toda la provincia: \u201cQueremos acompa\u00f1ar a todas las instituciones, tanto del Gran Resistencia como del interior, con obras que promuevan inclusi\u00f3n y desarrollo deportivo\u201d.<\/p>\n<p>Finalmente, el presidente del club, Ricardo Siri, expres\u00f3 su emoci\u00f3n y gratitud: \u201cEste club es mi segunda casa. Aqu\u00ed aprend\u00ed el valor del esfuerzo y el trabajo en equipo. Hoy es un d\u00eda muy especial: ver este estadio remodelado es un sue\u00f1o hecho realidad\u201d.<\/p>\n","protected":false},"excerpt":{"rendered":"<p>21-10-2025 En la tarde de este martes se realiz\u00f3 el acto de inauguraci\u00f3n de las obras del club Villa San Mart\u00edn, que se apresta a incursionar por d\u00e9cimo a\u00f1o consecutivo en La Liga Argentina de B\u00e1squet. En la portada zona de ingreso al club con el mural realizado por el artista plastico Luciano Acosta. &nbsp; &hellip;<\/p>\n","protected":false},"author":2,"featured_media":27417,"comment_status":"open","ping_status":"open","sticky":false,"template":"","format":"standard","meta":{"footnotes":""},"categories":[3],"tags":[],"class_list":["post-27414","post","type-post","status-publish","format-standard","has-post-thumbnail","hentry","category-basquetbol"],"_links":{"self":[{"href":"https:\/\/www.sportchaco.com.ar\/index.php?rest_route=\/wp\/v2\/posts\/27414","targetHints":{"allow":["GET"]}}],"collection":[{"href":"https:\/\/www.sportchaco.com.ar\/index.php?rest_route=\/wp\/v2\/posts"}],"about":[{"href":"https:\/\/www.sportchaco.com.ar\/index.php?rest_route=\/wp\/v2\/types\/post"}],"author":[{"embeddable":true,"href":"https:\/\/www.sportchaco.com.ar\/index.php?rest_route=\/wp\/v2\/users\/2"}],"replies":[{"embeddable":true,"href":"https:\/\/www.sportchaco.com.ar\/index.php?rest_route=%2Fwp%2Fv2%2Fcomments&post=27414"}],"version-history":[{"count":11,"href":"https:\/\/www.sportchaco.com.ar\/index.php?rest_route=\/wp\/v2\/posts\/27414\/revisions"}],"predecessor-version":[{"id":27447,"href":"https:\/\/www.sportchaco.com.ar\/index.php?rest_route=\/wp\/v2\/posts\/27414\/revisions\/27447"}],"wp:featuredmedia":[{"embeddable":true,"href":"https:\/\/www.sportchaco.com.ar\/index.php?rest_route=\/wp\/v2\/media\/27417"}],"wp:attachment":[{"href":"https:\/\/www.sportchaco.com.ar\/index.php?rest_route=%2Fwp%2Fv2%2Fmedia&parent=27414"}],"wp:term":[{"taxonomy":"category","embeddable":true,"href":"https:\/\/www.sportchaco.com.ar\/index.php?rest_route=%2Fwp%2Fv2%2Fcategories&post=27414"},{"taxonomy":"post_tag","embeddable":true,"href":"https:\/\/www.sportchaco.com.ar\/index.php?rest_route=%2Fwp%2Fv2%2Ftags&post=27414"}],"curies":[{"name":"wp","href":"https:\/\/api.w.org\/{rel}","templated":true}]}}