{"id":2743,"date":"2023-11-12T00:18:11","date_gmt":"2023-11-12T03:18:11","guid":{"rendered":"https:\/\/www.sportchaco.com.ar\/?p=2743"},"modified":"2023-11-12T00:19:01","modified_gmt":"2023-11-12T03:19:01","slug":"2743","status":"publish","type":"post","link":"https:\/\/www.sportchaco.com.ar\/?p=2743","title":{"rendered":"Efem\u00e9rides de un 12 de noviembre"},"content":{"rendered":"<p><strong>Esta es la Efem\u00e9rides del Deporte en el Chaco de un 12 de noviembre del periodista Luis Dar\u00edo Molodezky<\/strong><\/p>\n<p><strong> <img loading=\"lazy\" decoding=\"async\" class=\"alignnone size-medium wp-image-2747\" src=\"https:\/\/www.sportchaco.com.ar\/wp-content\/uploads\/2023\/11\/Molodezky-Luis-300x199.jpg\" alt=\"\" width=\"300\" height=\"199\" srcset=\"https:\/\/www.sportchaco.com.ar\/wp-content\/uploads\/2023\/11\/Molodezky-Luis-300x199.jpg 300w, https:\/\/www.sportchaco.com.ar\/wp-content\/uploads\/2023\/11\/Molodezky-Luis-768x508.jpg 768w, https:\/\/www.sportchaco.com.ar\/wp-content\/uploads\/2023\/11\/Molodezky-Luis.jpg 772w\" sizes=\"auto, (max-width: 300px) 100vw, 300px\" \/><\/strong><\/p>\n<p><strong>1938 \/<\/strong> Nace Estanislao Gonz\u00e1lez, un gigante del arco. En la d\u00e9cada del 60\u2019 y 70\u2019 brillo en el f\u00fatbol chaque\u00f1o, siendo campe\u00f3n con V\u00e9lez Sarsfield, Don Orione y Sarmiento; su t\u00edtulo m\u00e1s importante fue con la Liga Chaque\u00f1a en 1968 ganando la Copa Presidente y Adri\u00e1n Beccar Varela, dirigido por Antonio Ru\u00edz D\u00edaz. Como entrenador ascendi\u00f3 con V\u00e9lez y San Fernando. Con Don Orione fue protagonista en el Nacional 1971. Falleci\u00f3 el 18 de enero de 2019.<\/p>\n<p><strong>1962 \/<\/strong> Nace Fernando Alberto Moro en Ver\u00e1, Santa Fe, quien se destac\u00f3 con las camisetas de Villa Alvear, Independiente Tirol y For Ever, equipo en el que jug\u00f3 el Nacional B 86\/87. Integr\u00f3 el plantel del equipo campe\u00f3n que ascendi\u00f3 a primera divisi\u00f3n dirigido primero por Tojo-Telch y luego Oscar \u00c1ngel Palavecino. Delantero, marc\u00f3 11 goles en 68 partidos con el negro.<\/p>\n<p><strong>\u00a0<\/strong><\/p>\n<p><strong>\u00a0<\/strong><\/p>\n<p><strong>1983 <\/strong>\/ Sergio Gassman de Las Bre\u00f1as, se impone en la competencia 50\u00ba aniversario del Club Octavio Bottecchia, que se disputa por la noche a 120 vueltas en el per\u00edmetro de la Plaza 25 de Mayo.<\/p>\n<p>&nbsp;<\/p>\n<p><strong>1985 <\/strong>\/ Morava se consagra campe\u00f3n provincial femenino de V\u00f3leibol, al vencer 3-0 en la final a Hind\u00fa Club. El plantel estuvo integrado por Marcela Corzo, Alicia sota, M\u00f3nica Vonka, Claudia Masa, Judith Sambaren, Marisa Mathot, Gladis Maucevich. DT: Jorge Malina.<\/p>\n<p>&nbsp;<\/p>\n<p><strong>2006 <\/strong>\/ Con un total de cinco medallas de oro y dos de plata en canotaje, la chaque\u00f1a Mar\u00eda Fernanda Lauro se posicion\u00f3 como una de las grandes figuras de los VIII Juegos Deportivos Sudamericanos Odesur en la subsede Mar del Plata.<\/p>\n<p>&nbsp;<\/p>\n<p><strong>2006 <\/strong>\/ Los villangelenses Leonel R\u00faveda, en 50 cc est\u00e1ndar, y Brian Monferrer Juncal, en 70cc. Zanella est\u00e1ndar y Germ\u00e1n Kleisinger. en 125 c.c. promocional, se consagran campeones del Zonal de Karting organizado por la Achacka.<\/p>\n<p>&nbsp;<\/p>\n<p><strong>2006 <\/strong>\/ Sebasti\u00e1n Zalazar en \u201cEscuela I\u201d, Nicol\u00e1s Zepeda en \u201cEscuela II\u201d, Amado Soto, en \u201cLibre\u201d, Mat\u00edas Perizzotti en \u201cMinimotos\u201d, Javier Irraz\u00e1bal en \u201cSemilibre\u201d y nuevamente Amado Soto, en \u201cFuerza libre\u201d se consagran campeones del Centrochaque\u00f1o de Motociclismo, en la \u00faltima fecha disputada en el \u00f3valo del Moto Karting Club.<\/p>\n<p>&nbsp;<\/p>\n<p><strong>Foto de V\u00e9lez Sarsfield campe\u00f3n 1963, con su arquero emblema Estanislao Gonz\u00e1lez.\u00a0<\/strong><\/p>\n","protected":false},"excerpt":{"rendered":"<p>Esta es la Efem\u00e9rides del Deporte en el Chaco de un 12 de noviembre del periodista Luis Dar\u00edo Molodezky 1938 \/ Nace Estanislao Gonz\u00e1lez, un gigante del arco. En la d\u00e9cada del 60\u2019 y 70\u2019 brillo en el f\u00fatbol chaque\u00f1o, siendo campe\u00f3n con V\u00e9lez Sarsfield, Don Orione y Sarmiento; su t\u00edtulo m\u00e1s importante fue con &hellip;<\/p>\n","protected":false},"author":2,"featured_media":2745,"comment_status":"open","ping_status":"open","sticky":false,"template":"","format":"standard","meta":{"footnotes":""},"categories":[45],"tags":[],"class_list":["post-2743","post","type-post","status-publish","format-standard","has-post-thumbnail","hentry","category-efemerides-dia-por-dia"],"_links":{"self":[{"href":"https:\/\/www.sportchaco.com.ar\/index.php?rest_route=\/wp\/v2\/posts\/2743","targetHints":{"allow":["GET"]}}],"collection":[{"href":"https:\/\/www.sportchaco.com.ar\/index.php?rest_route=\/wp\/v2\/posts"}],"about":[{"href":"https:\/\/www.sportchaco.com.ar\/index.php?rest_route=\/wp\/v2\/types\/post"}],"author":[{"embeddable":true,"href":"https:\/\/www.sportchaco.com.ar\/index.php?rest_route=\/wp\/v2\/users\/2"}],"replies":[{"embeddable":true,"href":"https:\/\/www.sportchaco.com.ar\/index.php?rest_route=%2Fwp%2Fv2%2Fcomments&post=2743"}],"version-history":[{"count":2,"href":"https:\/\/www.sportchaco.com.ar\/index.php?rest_route=\/wp\/v2\/posts\/2743\/revisions"}],"predecessor-version":[{"id":2748,"href":"https:\/\/www.sportchaco.com.ar\/index.php?rest_route=\/wp\/v2\/posts\/2743\/revisions\/2748"}],"wp:featuredmedia":[{"embeddable":true,"href":"https:\/\/www.sportchaco.com.ar\/index.php?rest_route=\/wp\/v2\/media\/2745"}],"wp:attachment":[{"href":"https:\/\/www.sportchaco.com.ar\/index.php?rest_route=%2Fwp%2Fv2%2Fmedia&parent=2743"}],"wp:term":[{"taxonomy":"category","embeddable":true,"href":"https:\/\/www.sportchaco.com.ar\/index.php?rest_route=%2Fwp%2Fv2%2Fcategories&post=2743"},{"taxonomy":"post_tag","embeddable":true,"href":"https:\/\/www.sportchaco.com.ar\/index.php?rest_route=%2Fwp%2Fv2%2Ftags&post=2743"}],"curies":[{"name":"wp","href":"https:\/\/api.w.org\/{rel}","templated":true}]}}