{"id":27457,"date":"2025-10-22T12:46:28","date_gmt":"2025-10-22T15:46:28","guid":{"rendered":"https:\/\/www.sportchaco.com.ar\/?p=27457"},"modified":"2025-10-22T12:46:28","modified_gmt":"2025-10-22T15:46:28","slug":"araujo-gomez-brocal-y-villamayor-los-goleadores-de-la-primera-fase-del-provincial","status":"publish","type":"post","link":"https:\/\/www.sportchaco.com.ar\/?p=27457","title":{"rendered":"Araujo, G\u00f3mez Brocal y Villamayor los goleadores de la primera fase del provincial"},"content":{"rendered":"<p><strong>22-10-2025<\/strong><\/p>\n<p><img loading=\"lazy\" decoding=\"async\" class=\"aligncenter size-large wp-image-20101\" src=\"https:\/\/www.sportchaco.com.ar\/wp-content\/uploads\/2025\/06\/320x50-1-1024x160.gif\" alt=\"\" width=\"1024\" height=\"160\" srcset=\"https:\/\/www.sportchaco.com.ar\/wp-content\/uploads\/2025\/06\/320x50-1-1024x160.gif 1024w, https:\/\/www.sportchaco.com.ar\/wp-content\/uploads\/2025\/06\/320x50-1-300x47.gif 300w, https:\/\/www.sportchaco.com.ar\/wp-content\/uploads\/2025\/06\/320x50-1-768x120.gif 768w\" sizes=\"auto, (max-width: 1024px) 100vw, 1024px\" \/><\/p>\n<p>Al concluir la fase regular del campeonato provincial Pre-Federal de B\u00e1squet, Carlos Gast\u00f3n Araujo, de Cultural de Santa Sylvina, cerr\u00f3 como el m\u00e1ximo anotador con 193 puntos; aunque ah\u00ed nom\u00e1s termin\u00f3 Facundo G\u00f3mez Brocal, de Don Bosco, con 192. En el podio concluy\u00f3 Braian Villamayor, del Club Acci\u00f3n de S\u00e1enz Pe\u00f1a, con 169.<\/p>\n<p><strong>Los 10 m\u00e1ximos anotadores son:<\/strong><br \/>\nCarlos Araujo (Cultural) &#8211; 193 (19,3)<br \/>\nFacundo G\u00f3mez Brocal (Don Bosco) &#8211; 192 (19,2)<br \/>\nBraian Villamayor (Acci\u00f3n) &#8211; 169 (16,9)<br \/>\nFacundo De Jes\u00fas (Hind\u00fa) &#8211; 166 (16,6)<br \/>\nCristian Carabajal (Espa\u00f1ola) &#8211; 163 (16,3)<br \/>\nJuan Cruz Cequeira (Don Bosco) &#8211; 163 (16,3)<br \/>\nAntonino Forte (Social) &#8211; 160 (16,0)<br \/>\nLuciano Colman (Alvear) &#8211; 157 (15,7)<br \/>\nFernando Margosa (Regatas) &#8211; 157 (15,7)<br \/>\nFacundo Pereyra (H\u00e9rcules) &#8211; 149 (14,9)<\/p>\n<p><strong>Goleadores por equipos<\/strong><br \/>\n<strong>ZONA \u201cA\u201d<\/strong><br \/>\n<strong>Cultural:<\/strong> Carlos Araujo 193; Lautaro Ayala 131; Lautaro Arold 128; Enri Conrradi 114; Eli\u00e1n L\u00f3pez 110; Nicol\u00e1s Ayala 77; Aldo St\u00e1cul 44; Mat\u00edas Sosa 32; Lautaro Torres 12; Gast\u00f3n Valenzuela 3; Facundo Abayay 2; Kevin King Medula 0.<\/p>\n<p><strong>Regatas Rcia:<\/strong> Fernando Margosa 157; Brian Maglier 93; Carlos Banegas 92; \u00c1lbaro Magallanes 92; Federico Hoferek 72; Alexis Garc\u00eda 68; Maximiliano Barrios 42; Lautaro De B\u00f3rtoli 41; Gonzalo Garc\u00eda 41; Bruno Galassi 30; Juan Johnston Persoglia 18; Fabricio Djurdjevic 8; Ramiro G\u00f3mez 8; Genaro Hoferek 8; Eliseo Llano 2; Tom\u00e1s Tehant 2; Santiago Checura 0; Walter Colussi 0.<\/p>\n<p><strong>H\u00e9rcules:<\/strong> Facundo Pereyra 149; Ignacio Torrente 141; C\u00e9sar Cativa 136; Gabriel Frencia 109; Ian Zain Stival 59; Jorge Maluk 50; Nicol\u00e1s Alisio 46; Gast\u00f3n Maldonado 46; Mateo Aizenstein 29; Marino Frontalini 29; Carlos Carrocino 21; Math\u00edas Kisur 6; Gabriel Campoya 5; Valent\u00edn Libre S\u00e1nchez 0.<\/p>\n<p><strong>Don Bosco:<\/strong> Facundo G\u00f3mez Brocal 192; Juan Cruz Cequeira 163; Lucas Coronel 114; Iv\u00e1n Lugo 93; Marcos Gauna 63; Nahuel Hena\u00edn 52; Uriel Garc\u00eda Cabr\u00e9 51; Fabricio Alvarenga 40; Facundo C\u00f3rdoba 40; Franco Andreatta Brihuega 27; Gast\u00f3n Turraca 11; Facundo Andreatta Brihuega 1; Ian Camnasio Kalyna 0; Rom\u00e1n Camposarcuno 0; Briant L\u00f3pez 0; Fransisco Santander 0.<\/p>\n<p><strong>Acci\u00f3n:<\/strong> Braian Villamayor 169; Cristian Ortiz 91; Marcos Leiva 89; Agust\u00edn \u00c1lvarez 76; Emanuel Fortuny 75; Sebasti\u00e1n Ramos 45; Mat\u00edas Gabutti 36; Julio Ruiz 27; Juan Pablo Escobar 18; Alexis Villamayor 18; Santiago Gauna 8; Alexis Barroso Mencia 6; Tiago Iglesias 4; Juan Cruz Ferraro 3; Leandro G\u00f3mez 0.<\/p>\n<p><strong>Social:<\/strong> Antonino Forte 160; Hugo Reynoso 116; Gustavo Lencinas 92; Marcelo Casares 62; Juan Cruz D\u00edaz 49; Ian Kucharuk Cur 47; Marcelo Montenegro 37; Ivo Ya\u00f1uk 37; Sebasti\u00e1n Ledesma 27; Gustavo Mansilla 16; Conrado Seifert 13; Octavio Nazzetta 11; Bautista Sova 9; Gonzalo Pikaluk 6; Andr\u00e9s Chabrill\u00f3n 5.<\/p>\n<p><img loading=\"lazy\" decoding=\"async\" class=\"aligncenter size-large wp-image-27459\" src=\"https:\/\/www.sportchaco.com.ar\/wp-content\/uploads\/2025\/10\/566212166_1234104342089784_7588636598461416482_n-1024x616.jpg\" alt=\"\" width=\"1024\" height=\"616\" srcset=\"https:\/\/www.sportchaco.com.ar\/wp-content\/uploads\/2025\/10\/566212166_1234104342089784_7588636598461416482_n-1024x616.jpg 1024w, https:\/\/www.sportchaco.com.ar\/wp-content\/uploads\/2025\/10\/566212166_1234104342089784_7588636598461416482_n-300x180.jpg 300w, https:\/\/www.sportchaco.com.ar\/wp-content\/uploads\/2025\/10\/566212166_1234104342089784_7588636598461416482_n-768x462.jpg 768w, https:\/\/www.sportchaco.com.ar\/wp-content\/uploads\/2025\/10\/566212166_1234104342089784_7588636598461416482_n-780x470.jpg 780w, https:\/\/www.sportchaco.com.ar\/wp-content\/uploads\/2025\/10\/566212166_1234104342089784_7588636598461416482_n.jpg 1259w\" sizes=\"auto, (max-width: 1024px) 100vw, 1024px\" \/><\/p>\n<p><strong>ZONA \u201cB\u201d<\/strong><br \/>\n<strong>Progresista:<\/strong> Juan Pablo Wall 127; Exequiel Rubio 125; Marcos Areco 118; Walter Lezcano 118; Emiliano Lipreri 98; Eli\u00e1n Sandoval 83; Fabricio Ertle 75; Mateo Di Toto 57; Roberto Ar\u00e9valo Soto 44; Pedro Pegoraro 32; Lucas Ch\u00e1vez 22; Ciro Labeque 8; Ciro Avalle 2; Pablo Cabral 2; Mateo Sosa Kapusi 0.<\/p>\n<p><strong>Alvear:<\/strong> Luciano Colman 157; Santiago Barreto 123; Adri\u00e1n Rubio 108; Valent\u00edn Gudi\u00f1o 99; Eduardo Spalla 78; Joel Moreira 70; \u00c1ngelo Tribosky 55; Facundo Rothlisberger 37; Facundo Andrada 28; Mart\u00edn Cequeira 17; Jos\u00e9 Piris 13; Pablo Vidal 5; Bruno Fern\u00e1ndez 4; Juan M. P\u00e9rez 4.<\/p>\n<p><strong>Asoc. Espa\u00f1ola:<\/strong> Cristian Carabajal 163; Leonardo Rodr\u00edguez 117; Lucas Camnasio Valtkincoff 107; Federico Tapponier 91; Maximiliano D\u00edaz 63; Emiliano Paz 63; Bruno Buralli 35; Hugo Loto 25; Lautaro Pereyra 24; Marcos Morassi 20; Marcos \u00c1lvarez 13; Facundo Sollberg 13; Alexander Nizetich 9; Lautaro Basualdo 8; Emmanuel Frugoni Zavala 0; Nicol\u00e1s Sequeira 0.<\/p>\n<p><strong>Hind\u00fa Club:<\/strong> Facundo De Jes\u00fas 166; M\u00e1ximo Rath 142; Oscar Colman 111; Gonzalo \u00c1lvarez 97; Mateo Didier 70; Diego Picardi 65; \u00c1lvaro Lange 33; Alejandro Fern\u00e1ndez Velazco 30; Lucas Mart\u00ednez 27; Mateo Flores 23; Juan I. Far\u00eda S\u00e1nchez 17; Dylan Zitterkopf 8; M\u00e1ximo Bernad 6; \u00c1lvaro Lange 2; Uriel Medina Guadalupe 2.<\/p>\n<p><strong>Don Orione:<\/strong> Lautaro Picton 146; Franco Dell Orto 127; Juan Segundo Koster 125; Nahuel M\u00e9ndez 113; Gustavo Alcaraz Senguer 79; Mat\u00edas Rosales Torres 51; Alejandro G\u00f3mez Brocal 42; Juan P. Borja Ball\u00f3n 39; Mauro Baneki 26; Gustavo Alcaraz Senguer 18; Josu\u00e9 Fern\u00e1ndez 7; Juan F. Sequeira 7; Tob\u00edas Gim\u00e9nez Billordo 4; H\u00e9ctor Capelli 3; Leandro La Red Alarc\u00f3n 1.<\/p>\n<p><strong>Juventud VC:<\/strong> Gerardo Izasiz 109; Sebasti\u00e1n Carabajal 88; Diego Torres 85; Alejandro Garc\u00eda Luque 49; Renzo N\u00f3bile 49; Agust\u00edn Prieto Fern\u00e1ndez 49; Lucas Sandoval 30; Maximiliano Aranda 29; Horacio Torres 28; Joaqu\u00edn Sotelo 24; Javier Esp\u00edndola 15; Gustavo Rosso 12; Leandro L\u00f3pez 10; Alan Guerra 5; Franco Niz 4; Tiago Rosso 3; Rodrigo Aceval 2; Luciano Salas 0.<\/p>\n<p><em><strong>Fuente: Prensa Federaci\u00f3n Chaque\u00f1a de B\u00e1squetbol<\/strong><\/em><\/p>\n<p><img loading=\"lazy\" decoding=\"async\" class=\"aligncenter size-full wp-image-21076\" src=\"https:\/\/www.sportchaco.com.ar\/wp-content\/uploads\/2025\/06\/Campo-250x250-05-1.gif\" alt=\"\" width=\"521\" height=\"521\" \/><\/p>\n","protected":false},"excerpt":{"rendered":"<p>22-10-2025 Al concluir la fase regular del campeonato provincial Pre-Federal de B\u00e1squet, Carlos Gast\u00f3n Araujo, de Cultural de Santa Sylvina, cerr\u00f3 como el m\u00e1ximo anotador con 193 puntos; aunque ah\u00ed nom\u00e1s termin\u00f3 Facundo G\u00f3mez Brocal, de Don Bosco, con 192. En el podio concluy\u00f3 Braian Villamayor, del Club Acci\u00f3n de S\u00e1enz Pe\u00f1a, con 169. Los &hellip;<\/p>\n","protected":false},"author":3,"featured_media":27458,"comment_status":"open","ping_status":"open","sticky":false,"template":"","format":"standard","meta":{"footnotes":""},"categories":[3],"tags":[],"class_list":["post-27457","post","type-post","status-publish","format-standard","has-post-thumbnail","hentry","category-basquetbol"],"_links":{"self":[{"href":"https:\/\/www.sportchaco.com.ar\/index.php?rest_route=\/wp\/v2\/posts\/27457","targetHints":{"allow":["GET"]}}],"collection":[{"href":"https:\/\/www.sportchaco.com.ar\/index.php?rest_route=\/wp\/v2\/posts"}],"about":[{"href":"https:\/\/www.sportchaco.com.ar\/index.php?rest_route=\/wp\/v2\/types\/post"}],"author":[{"embeddable":true,"href":"https:\/\/www.sportchaco.com.ar\/index.php?rest_route=\/wp\/v2\/users\/3"}],"replies":[{"embeddable":true,"href":"https:\/\/www.sportchaco.com.ar\/index.php?rest_route=%2Fwp%2Fv2%2Fcomments&post=27457"}],"version-history":[{"count":1,"href":"https:\/\/www.sportchaco.com.ar\/index.php?rest_route=\/wp\/v2\/posts\/27457\/revisions"}],"predecessor-version":[{"id":27460,"href":"https:\/\/www.sportchaco.com.ar\/index.php?rest_route=\/wp\/v2\/posts\/27457\/revisions\/27460"}],"wp:featuredmedia":[{"embeddable":true,"href":"https:\/\/www.sportchaco.com.ar\/index.php?rest_route=\/wp\/v2\/media\/27458"}],"wp:attachment":[{"href":"https:\/\/www.sportchaco.com.ar\/index.php?rest_route=%2Fwp%2Fv2%2Fmedia&parent=27457"}],"wp:term":[{"taxonomy":"category","embeddable":true,"href":"https:\/\/www.sportchaco.com.ar\/index.php?rest_route=%2Fwp%2Fv2%2Fcategories&post=27457"},{"taxonomy":"post_tag","embeddable":true,"href":"https:\/\/www.sportchaco.com.ar\/index.php?rest_route=%2Fwp%2Fv2%2Ftags&post=27457"}],"curies":[{"name":"wp","href":"https:\/\/api.w.org\/{rel}","templated":true}]}}