{"id":27461,"date":"2025-10-22T18:30:19","date_gmt":"2025-10-22T21:30:19","guid":{"rendered":"https:\/\/www.sportchaco.com.ar\/?p=27461"},"modified":"2025-10-22T18:30:51","modified_gmt":"2025-10-22T21:30:51","slug":"el-reducido-volvera-en-noviembre","status":"publish","type":"post","link":"https:\/\/www.sportchaco.com.ar\/?p=27461","title":{"rendered":"El Reducido volver\u00e1 en noviembre"},"content":{"rendered":"<p><strong>22-10-2025<\/strong><\/p>\n<p><img loading=\"lazy\" decoding=\"async\" class=\"aligncenter wp-image-20490 size-full\" src=\"https:\/\/www.sportchaco.com.ar\/wp-content\/uploads\/2025\/06\/728x90-1.gif\" alt=\"\" width=\"1518\" height=\"189\" \/><\/p>\n<p>La Liga Chaque\u00f1a de F\u00fatbol dio a conocer las fechas, horarios y canchas para el desarrollo de la segunda instancia del Reducido del torneo Oficial de la Primera B.<\/p>\n<p>Estas se estar\u00e1n disputando reci\u00e9n en los primeros d\u00edas del mes de noviembre ya que el fin de semana no habr\u00e1 actividad por las elecciones nacionales. Cabe recordar que el pasado fin de semana no hubo tampoco programaci\u00f3n por las lluvias.<\/p>\n<p>Los partidos se jugar\u00e1n en escenarios neutrales sin ning\u00fan tipo de ventaja deportiva. En caso de igualdad en tiempo reglamentario los encuentros se definir\u00e1n por penales.<\/p>\n<p>Un vez finalizada esta instancia quedar\u00e1n en carrera cuatro equipos donde se jugar\u00e1n dos partidos m\u00e1s y ah\u00ed los equipos que resulten ganadores disputar\u00e1n, junto a Los L\u00edricos, las Promociones con los equipos de Primera.<\/p>\n<p><b><strong>TORNEO OFICIAL \u00abADRI\u00c1N DAR\u00cdO PARRA\u00bb<br \/>\n<\/strong><\/b><strong>REDUCIDO \u2013 Segunda Fase<br \/>\nS\u00e1bado <b>01-11<\/b><\/strong><br \/>\nA las 16:30, Dep. Esperanza\u00a0<em>(4\u00b0) \u2013\u00a0<\/em>Dep. Sameep<em>\u00a0(9\u00b0)<\/em>, en Chaco Hebr\u00f3n\u00a0<em><br \/>\n<\/em>A las 16:30, Parque Patricios\u00a0<em>(3\u00b0)\u00a0<\/em>\u2013 FC Barber\u00e1n\u00a0<em>(10\u00b0)<\/em>, en Don Orione<em><br \/>\n<\/em>A las 16:30, UPCP\u00a0<em>(5\u00b0) \u2013\u00a0<\/em>Banfield\u00a0<em>(8\u00b0)<\/em>, en Central Norte<\/p>\n<p><strong>Domingo <b>02-11<\/b><\/strong><br \/>\nA las 16:30, Dep. G\u00fciraldes\u00a0<em>(6\u00b0) \u2013\u00a0<\/em>San Fernando<em>\u00a0(7\u00b0)<\/em>, en Don Orione<\/p>\n<p><img loading=\"lazy\" decoding=\"async\" class=\"aligncenter size-full wp-image-21076\" src=\"https:\/\/www.sportchaco.com.ar\/wp-content\/uploads\/2025\/06\/Campo-250x250-05-1.gif\" alt=\"\" width=\"521\" height=\"521\" \/><\/p>\n","protected":false},"excerpt":{"rendered":"<p>22-10-2025 La Liga Chaque\u00f1a de F\u00fatbol dio a conocer las fechas, horarios y canchas para el desarrollo de la segunda instancia del Reducido del torneo Oficial de la Primera B. Estas se estar\u00e1n disputando reci\u00e9n en los primeros d\u00edas del mes de noviembre ya que el fin de semana no habr\u00e1 actividad por las elecciones &hellip;<\/p>\n","protected":false},"author":3,"featured_media":23697,"comment_status":"open","ping_status":"open","sticky":false,"template":"","format":"standard","meta":{"footnotes":""},"categories":[5],"tags":[],"class_list":["post-27461","post","type-post","status-publish","format-standard","has-post-thumbnail","hentry","category-futbol"],"_links":{"self":[{"href":"https:\/\/www.sportchaco.com.ar\/index.php?rest_route=\/wp\/v2\/posts\/27461","targetHints":{"allow":["GET"]}}],"collection":[{"href":"https:\/\/www.sportchaco.com.ar\/index.php?rest_route=\/wp\/v2\/posts"}],"about":[{"href":"https:\/\/www.sportchaco.com.ar\/index.php?rest_route=\/wp\/v2\/types\/post"}],"author":[{"embeddable":true,"href":"https:\/\/www.sportchaco.com.ar\/index.php?rest_route=\/wp\/v2\/users\/3"}],"replies":[{"embeddable":true,"href":"https:\/\/www.sportchaco.com.ar\/index.php?rest_route=%2Fwp%2Fv2%2Fcomments&post=27461"}],"version-history":[{"count":1,"href":"https:\/\/www.sportchaco.com.ar\/index.php?rest_route=\/wp\/v2\/posts\/27461\/revisions"}],"predecessor-version":[{"id":27462,"href":"https:\/\/www.sportchaco.com.ar\/index.php?rest_route=\/wp\/v2\/posts\/27461\/revisions\/27462"}],"wp:featuredmedia":[{"embeddable":true,"href":"https:\/\/www.sportchaco.com.ar\/index.php?rest_route=\/wp\/v2\/media\/23697"}],"wp:attachment":[{"href":"https:\/\/www.sportchaco.com.ar\/index.php?rest_route=%2Fwp%2Fv2%2Fmedia&parent=27461"}],"wp:term":[{"taxonomy":"category","embeddable":true,"href":"https:\/\/www.sportchaco.com.ar\/index.php?rest_route=%2Fwp%2Fv2%2Fcategories&post=27461"},{"taxonomy":"post_tag","embeddable":true,"href":"https:\/\/www.sportchaco.com.ar\/index.php?rest_route=%2Fwp%2Fv2%2Ftags&post=27461"}],"curies":[{"name":"wp","href":"https:\/\/api.w.org\/{rel}","templated":true}]}}