{"id":27469,"date":"2025-10-22T22:34:36","date_gmt":"2025-10-23T01:34:36","guid":{"rendered":"https:\/\/www.sportchaco.com.ar\/?p=27469"},"modified":"2025-10-22T22:35:04","modified_gmt":"2025-10-23T01:35:04","slug":"carinelli-se-suma-al-axion-energy-sport-en-turismo-carretera-2000","status":"publish","type":"post","link":"https:\/\/www.sportchaco.com.ar\/?p=27469","title":{"rendered":"Carinelli se suma al Turismo Carretera 2000"},"content":{"rendered":"<table border=\"0\" width=\"100%\" cellspacing=\"0\" cellpadding=\"0\">\n<tbody>\n<tr>\n<td valign=\"top\">\n<table class=\"m_-3355253348138216118mcnTextContentContainer\" border=\"0\" width=\"100%\" cellspacing=\"0\" cellpadding=\"0\" align=\"left\">\n<tbody>\n<tr>\n<td class=\"m_-3355253348138216118mcnTextContent\" valign=\"top\"><strong>Carinelli se suma al Axion Energy Sport en Turismo Carretera 2000<\/strong><\/p>\n<p>Augusto Carinelli confirm\u00f3 en las \u00faltimas horas su integraci\u00f3n al equipo Axion Energy Sport, donde har\u00e1 su debut en Turismo Carretera 2000 en la pr\u00f3xima fecha de R\u00edo Cuarto.<\/p>\n<p>El de Corzuela se integra a la estructura que dirige el reconocido director de equipo Marcelo Ambrogio, y conducir\u00e1 un Renault Fluence en las dos \u00faltimas citas de la temporada, la primera el 9 de Noviembre en el aut\u00f3dromo de Rio Cuarto, y el cierre de temporada el 30 de ese mismo mes en el \u00abJorge Angel Pena\u00bb de Mendoza.<br \/>\nEl piloto chaque\u00f1o hizo su debut en el automovilismo zonal en 2005, siendo subcampe\u00f3n en el TC Chaque\u00f1o en 2009, y luego logrando el bicampeonato en la categor\u00eda en 2010 y 2011. Esta \u00faltima temporada da el salto al automovilismo nacional, consiguiendo en 2012 el t\u00edtulo en TC Pista Mouras donde logr\u00f3 una victoria. Luego compiti\u00f3 en TC Mouras donde logr\u00f3 un triunfo, y dio el salto al TC Pista tambi\u00e9n consiguiendo dos podios. Gracias a su gran trayectoria, debut\u00f3 en 2022 en Turismo Carretera, categor\u00eda en la cual ya cuenta con 56 carreras y se desempe\u00f1a actualmente a bordo de un Ford Mustang alistado por el Gur\u00ed Mart\u00ednez Competici\u00f3n.<\/p>\n<p><strong>Augusto Carinelli: \u00abFeliz de poder integrarme a una gran estructura como es el Axion Energy Sport de Marcelo Ambrogio, y muy entusiasmado ya que ser\u00e1 mi primera experiencia con un Turismo Carretera 2000 y tambi\u00e9n con un tracci\u00f3n delantera. Tenemos confirmada la presencia en las dos \u00faltimas fecha del a\u00f1o, en Rio Cuarto y Mendoza, y trabajaremos junto al gran equipo en el que estoy para adaptarnos lo m\u00e1s pronto posible al Fluence, y ser competitivos para ir en busca de grandes resultados. Agradecido al equipo por recibirme, a los sponsor que nos estar\u00e1n acompa\u00f1ando, gente de Corzuela y Chaco que nos sigue, y a Dios sobre todo<\/strong><em><strong>\u00ab.<\/strong><\/em><\/td>\n<\/tr>\n<\/tbody>\n<\/table>\n<\/td>\n<\/tr>\n<\/tbody>\n<\/table>\n<table border=\"0\" width=\"100%\" cellspacing=\"0\" cellpadding=\"0\">\n<tbody>\n<tr>\n<td valign=\"top\"><\/td>\n<\/tr>\n<\/tbody>\n<\/table>\n<table border=\"0\" width=\"100%\" cellspacing=\"0\" cellpadding=\"0\">\n<tbody>\n<tr>\n<td valign=\"top\">\n<table border=\"0\" width=\"100%\" cellspacing=\"0\" cellpadding=\"0\" align=\"left\">\n<tbody>\n<tr>\n<td valign=\"top\"><img decoding=\"async\" class=\"m_-3355253348138216118mcnImage CToWUd a6T\" tabindex=\"0\" src=\"https:\/\/ci3.googleusercontent.com\/meips\/ADKq_NbJNKf-Ds54CL5HQ2mDmMWtOEUlvrbbOcSavUqe_kXVV58bBMlSSHGqTEXrCfPLX4m8A3fw_Qc_SikA-9mfcspNone9f5uOPGpZrpu5Hb_lStSSWqaxLUyFNzVp-F3u6OtgEXhn4YgYiuzaspFZ2j49bHkYBAWC8p4=s0-d-e1-ft#https:\/\/mcusercontent.com\/a0b85869d506dfd1436969ffc\/images\/2470e522-f677-0375-b4e4-ebb29081cc29.jpg\" alt=\"\" width=\"564\" align=\"center\" data-bit=\"iit\" \/><\/td>\n<\/tr>\n<\/tbody>\n<\/table>\n<\/td>\n<\/tr>\n<\/tbody>\n<\/table>\n<table border=\"0\" width=\"100%\" cellspacing=\"0\" cellpadding=\"0\">\n<tbody>\n<tr>\n<td valign=\"top\">\n<table border=\"0\" width=\"100%\" cellspacing=\"0\" cellpadding=\"0\" align=\"left\">\n<tbody>\n<tr>\n<td valign=\"top\"><img decoding=\"async\" class=\"m_-3355253348138216118mcnImage CToWUd a6T\" tabindex=\"0\" src=\"https:\/\/ci3.googleusercontent.com\/meips\/ADKq_NaMDtzA4VkvCpVZoJjTgiJA0eiPwtS7UBfJwwRWrcFCw9r999Llgr_0-Td7iUf6d-E2aX7vlgjqSu3bw7H5gwkA5DiWccca-4QfizVwCT49omo45SlYDTZRF5ke9QIFqnQW3sLopBOMrnNTANrwl1D1IZcMYsoyqfQ=s0-d-e1-ft#https:\/\/mcusercontent.com\/a0b85869d506dfd1436969ffc\/images\/0be90376-842e-7d63-d391-fe7a6022e6af.jpg\" alt=\"\" width=\"564\" align=\"center\" data-bit=\"iit\" \/><\/td>\n<\/tr>\n<\/tbody>\n<\/table>\n<\/td>\n<\/tr>\n<\/tbody>\n<\/table>\n<table border=\"0\" width=\"100%\" cellspacing=\"0\" cellpadding=\"0\">\n<tbody>\n<tr>\n<td valign=\"top\">\n<table border=\"0\" width=\"100%\" cellspacing=\"0\" cellpadding=\"0\" align=\"left\">\n<tbody>\n<tr>\n<td valign=\"top\"><\/td>\n<\/tr>\n<\/tbody>\n<\/table>\n<\/td>\n<\/tr>\n<\/tbody>\n<\/table>\n","protected":false},"excerpt":{"rendered":"<p>Carinelli se suma al Axion Energy Sport en Turismo Carretera 2000 Augusto Carinelli confirm\u00f3 en las \u00faltimas horas su integraci\u00f3n al equipo Axion Energy Sport, donde har\u00e1 su debut en Turismo Carretera 2000 en la pr\u00f3xima fecha de R\u00edo Cuarto. El de Corzuela se integra a la estructura que dirige el reconocido director de equipo &hellip;<\/p>\n","protected":false},"author":2,"featured_media":27470,"comment_status":"open","ping_status":"open","sticky":false,"template":"","format":"standard","meta":{"footnotes":""},"categories":[1],"tags":[],"class_list":["post-27469","post","type-post","status-publish","format-standard","has-post-thumbnail","hentry","category-fotos-del-recuerdo"],"_links":{"self":[{"href":"https:\/\/www.sportchaco.com.ar\/index.php?rest_route=\/wp\/v2\/posts\/27469","targetHints":{"allow":["GET"]}}],"collection":[{"href":"https:\/\/www.sportchaco.com.ar\/index.php?rest_route=\/wp\/v2\/posts"}],"about":[{"href":"https:\/\/www.sportchaco.com.ar\/index.php?rest_route=\/wp\/v2\/types\/post"}],"author":[{"embeddable":true,"href":"https:\/\/www.sportchaco.com.ar\/index.php?rest_route=\/wp\/v2\/users\/2"}],"replies":[{"embeddable":true,"href":"https:\/\/www.sportchaco.com.ar\/index.php?rest_route=%2Fwp%2Fv2%2Fcomments&post=27469"}],"version-history":[{"count":2,"href":"https:\/\/www.sportchaco.com.ar\/index.php?rest_route=\/wp\/v2\/posts\/27469\/revisions"}],"predecessor-version":[{"id":27472,"href":"https:\/\/www.sportchaco.com.ar\/index.php?rest_route=\/wp\/v2\/posts\/27469\/revisions\/27472"}],"wp:featuredmedia":[{"embeddable":true,"href":"https:\/\/www.sportchaco.com.ar\/index.php?rest_route=\/wp\/v2\/media\/27470"}],"wp:attachment":[{"href":"https:\/\/www.sportchaco.com.ar\/index.php?rest_route=%2Fwp%2Fv2%2Fmedia&parent=27469"}],"wp:term":[{"taxonomy":"category","embeddable":true,"href":"https:\/\/www.sportchaco.com.ar\/index.php?rest_route=%2Fwp%2Fv2%2Fcategories&post=27469"},{"taxonomy":"post_tag","embeddable":true,"href":"https:\/\/www.sportchaco.com.ar\/index.php?rest_route=%2Fwp%2Fv2%2Ftags&post=27469"}],"curies":[{"name":"wp","href":"https:\/\/api.w.org\/{rel}","templated":true}]}}