{"id":27474,"date":"2025-10-22T23:43:23","date_gmt":"2025-10-23T02:43:23","guid":{"rendered":"https:\/\/www.sportchaco.com.ar\/?p=27474"},"modified":"2025-10-22T23:43:42","modified_gmt":"2025-10-23T02:43:42","slug":"efemerides-del-23-de-octubre","status":"publish","type":"post","link":"https:\/\/www.sportchaco.com.ar\/?p=27474","title":{"rendered":"Efem\u00e9rides del 23 de octubre"},"content":{"rendered":"<div class=\"container fullwidth-entry-title-wrapper\">\n<div class=\"container-wrapper fullwidth-entry-title\">\n<header class=\"entry-header-outer\">\n<div class=\"entry-header\">\n<h1 class=\"post-title entry-title\"><\/h1>\n<h5 class=\"single-post-meta post-meta clearfix\"><\/h5>\n<\/div>\n<\/header>\n<\/div>\n<\/div>\n<div id=\"content\" class=\"site-content container\">\n<div id=\"main-content-row\" class=\"tie-row main-content-row\">\n<div class=\"main-content tie-col-md-8 tie-col-xs-12\" role=\"main\">\n<article id=\"the-post\" class=\"container-wrapper post-content tie-standard\">\n<div class=\"featured-area-inner\"><\/div>\n<div class=\"entry-content entry clearfix\">\n<h5><strong>Esta es la Efem\u00e9rides del Deporte en el Chaco de un 23 de octubre del periodista Luis Dar\u00edo Molodezky.<\/strong><\/h5>\n<h5><strong>\u00a0<\/strong><\/h5>\n<p><img loading=\"lazy\" decoding=\"async\" class=\"alignnone size-medium wp-image-27475 aligncenter\" src=\"https:\/\/www.sportchaco.com.ar\/wp-content\/uploads\/2025\/10\/Luis-carita-2-1-300x214.jpg\" alt=\"\" width=\"300\" height=\"214\" srcset=\"https:\/\/www.sportchaco.com.ar\/wp-content\/uploads\/2025\/10\/Luis-carita-2-1-300x214.jpg 300w, https:\/\/www.sportchaco.com.ar\/wp-content\/uploads\/2025\/10\/Luis-carita-2-1.jpg 600w\" sizes=\"auto, (max-width: 300px) 100vw, 300px\" \/><\/p>\n<p><strong>\u00a0<\/strong><\/p>\n<p><strong>1983\u00a0<\/strong>\/ El correntino Luis Mojarrita Ag\u00fcero recupera el r\u00e9cord de nataci\u00f3n atado de pies y manos, al alcanzar un tiempo de 61 horas y 41 minutos en Concordia, superando la marca del chileno Mart\u00ednez Mora.<\/p>\n<p><strong>1999\u00a0<\/strong>\/ Se inaugura el estadio de Central Norte, en el cruce de las avenidas Castelli y Las Heras. La entidad ferroviaria entreg\u00f3 su manzana de Avenida San Mart\u00edn, Col\u00f3n, Franklin y Cervantes, a cambio de un predio en las avenidas Las Heras y Castelli, donde se construy\u00f3 un estadio moderno, con las necesidades b\u00e1sicas. Fue escenario de eventos y espect\u00e1culos de amplio poder de convocatoria. El acto fue encabezado por el doctor Omar \u00a0Norniella y el gobernador \u00c1ngel Rozas.<\/p>\n<p>&nbsp;<\/p>\n<p>&nbsp;<\/p>\n<p><strong>Foto portada Omar Norniella recibiendo un reconocimiento de Eduardo Colombo<\/strong><\/p>\n<p>&nbsp;<\/p>\n<\/div>\n<\/article>\n<\/div>\n<\/div>\n<\/div>\n","protected":false},"excerpt":{"rendered":"<p>Esta es la Efem\u00e9rides del Deporte en el Chaco de un 23 de octubre del periodista Luis Dar\u00edo Molodezky. \u00a0 \u00a0 1983\u00a0\/ El correntino Luis Mojarrita Ag\u00fcero recupera el r\u00e9cord de nataci\u00f3n atado de pies y manos, al alcanzar un tiempo de 61 horas y 41 minutos en Concordia, superando la marca del chileno Mart\u00ednez &hellip;<\/p>\n","protected":false},"author":2,"featured_media":27476,"comment_status":"open","ping_status":"open","sticky":false,"template":"","format":"standard","meta":{"footnotes":""},"categories":[45,40],"tags":[],"class_list":["post-27474","post","type-post","status-publish","format-standard","has-post-thumbnail","hentry","category-efemerides-dia-por-dia","category-octubre"],"_links":{"self":[{"href":"https:\/\/www.sportchaco.com.ar\/index.php?rest_route=\/wp\/v2\/posts\/27474","targetHints":{"allow":["GET"]}}],"collection":[{"href":"https:\/\/www.sportchaco.com.ar\/index.php?rest_route=\/wp\/v2\/posts"}],"about":[{"href":"https:\/\/www.sportchaco.com.ar\/index.php?rest_route=\/wp\/v2\/types\/post"}],"author":[{"embeddable":true,"href":"https:\/\/www.sportchaco.com.ar\/index.php?rest_route=\/wp\/v2\/users\/2"}],"replies":[{"embeddable":true,"href":"https:\/\/www.sportchaco.com.ar\/index.php?rest_route=%2Fwp%2Fv2%2Fcomments&post=27474"}],"version-history":[{"count":2,"href":"https:\/\/www.sportchaco.com.ar\/index.php?rest_route=\/wp\/v2\/posts\/27474\/revisions"}],"predecessor-version":[{"id":27492,"href":"https:\/\/www.sportchaco.com.ar\/index.php?rest_route=\/wp\/v2\/posts\/27474\/revisions\/27492"}],"wp:featuredmedia":[{"embeddable":true,"href":"https:\/\/www.sportchaco.com.ar\/index.php?rest_route=\/wp\/v2\/media\/27476"}],"wp:attachment":[{"href":"https:\/\/www.sportchaco.com.ar\/index.php?rest_route=%2Fwp%2Fv2%2Fmedia&parent=27474"}],"wp:term":[{"taxonomy":"category","embeddable":true,"href":"https:\/\/www.sportchaco.com.ar\/index.php?rest_route=%2Fwp%2Fv2%2Fcategories&post=27474"},{"taxonomy":"post_tag","embeddable":true,"href":"https:\/\/www.sportchaco.com.ar\/index.php?rest_route=%2Fwp%2Fv2%2Ftags&post=27474"}],"curies":[{"name":"wp","href":"https:\/\/api.w.org\/{rel}","templated":true}]}}