{"id":27487,"date":"2025-10-22T23:40:49","date_gmt":"2025-10-23T02:40:49","guid":{"rendered":"https:\/\/www.sportchaco.com.ar\/?p=27487"},"modified":"2025-10-23T12:36:37","modified_gmt":"2025-10-23T15:36:37","slug":"27487","status":"publish","type":"post","link":"https:\/\/www.sportchaco.com.ar\/?p=27487","title":{"rendered":"El chaque\u00f1o Felipe Esquivel jugar\u00e1 el Mundial Sub 17"},"content":{"rendered":"<section class=\"header_news_v2 bt_bb_section gutter\">\n<div class=\"bt_bb_port port\">\n<div class=\"bt_bb_cell\">\n<div class=\"bt_bb_cell_inner\">\n<div class=\"wrapper-titulo\">\n<div class=\"content-header\">\n<div class=\"volanta-single\">\n<p><strong>22-10-2025<\/strong><\/p>\n<p>Felipe Esquivel fue convocado por Diego Placente para representar al pa\u00eds en el Mundial Sub 17 de Qatar, que arranca el 3 de noviembre.<\/p>\n<p>El joven surgido de Sarmiento de Resistencia firm\u00f3 con River una cl\u00e1usula de 30 millones de d\u00f3lares y vuelve a brillar tras recuperarse de una dura lesi\u00f3n.<\/p>\n<\/div>\n<\/div>\n<\/div>\n<\/div>\n<div><\/div>\n<\/div>\n<\/div>\n<\/section>\n<div class=\"btContentHolder\">\n<div class=\"btContent\">\n<article class=\"btPostSingleItemStandard gutter noPhoto btContententCenter post-85 post type-post status-publish format-image has-post-thumbnail hentry category-fashion tag-bold-themes post_format-post-format-image\">\n<div class=\"port\">\n<div class=\"btPostContentHolder\">\n<div class=\"btArticleContent \">\n<div class=\"btArticleContentInner\">\n<div class=\"btArticleContentInnerInner\">\n<div class=\"bt_bb_wrapper\">\n<p><img loading=\"lazy\" decoding=\"async\" src=\"https:\/\/assets1.afa.com.ar\/2025\/MARU\/2025\/OCTUBRE\/Convocados-Mudial-S17.jpg\" alt=\"\" width=\"750\" height=\"750\" \/><\/p>\n<p>Un nuevo desaf\u00edo para nuestros juveniles. Diego Placente confirm\u00f3 a los veinti\u00fan jugadores que viajar\u00e1n a Qatar para la disputa de la Copa del Mundo Sub 17.<\/p>\n<p>&nbsp;<\/p>\n<p>&nbsp;<\/p>\n<\/div>\n<\/div>\n<\/div>\n<\/div>\n<\/div>\n<\/div>\n<\/article>\n<\/div>\n<\/div>\n","protected":false},"excerpt":{"rendered":"<p>22-10-2025 Felipe Esquivel fue convocado por Diego Placente para representar al pa\u00eds en el Mundial Sub 17 de Qatar, que arranca el 3 de noviembre. El joven surgido de Sarmiento de Resistencia firm\u00f3 con River una cl\u00e1usula de 30 millones de d\u00f3lares y vuelve a brillar tras recuperarse de una dura lesi\u00f3n. Un nuevo desaf\u00edo &hellip;<\/p>\n","protected":false},"author":2,"featured_media":27488,"comment_status":"open","ping_status":"open","sticky":false,"template":"","format":"standard","meta":{"footnotes":""},"categories":[47],"tags":[],"class_list":["post-27487","post","type-post","status-publish","format-standard","has-post-thumbnail","hentry","category-nacionales"],"_links":{"self":[{"href":"https:\/\/www.sportchaco.com.ar\/index.php?rest_route=\/wp\/v2\/posts\/27487","targetHints":{"allow":["GET"]}}],"collection":[{"href":"https:\/\/www.sportchaco.com.ar\/index.php?rest_route=\/wp\/v2\/posts"}],"about":[{"href":"https:\/\/www.sportchaco.com.ar\/index.php?rest_route=\/wp\/v2\/types\/post"}],"author":[{"embeddable":true,"href":"https:\/\/www.sportchaco.com.ar\/index.php?rest_route=\/wp\/v2\/users\/2"}],"replies":[{"embeddable":true,"href":"https:\/\/www.sportchaco.com.ar\/index.php?rest_route=%2Fwp%2Fv2%2Fcomments&post=27487"}],"version-history":[{"count":6,"href":"https:\/\/www.sportchaco.com.ar\/index.php?rest_route=\/wp\/v2\/posts\/27487\/revisions"}],"predecessor-version":[{"id":27519,"href":"https:\/\/www.sportchaco.com.ar\/index.php?rest_route=\/wp\/v2\/posts\/27487\/revisions\/27519"}],"wp:featuredmedia":[{"embeddable":true,"href":"https:\/\/www.sportchaco.com.ar\/index.php?rest_route=\/wp\/v2\/media\/27488"}],"wp:attachment":[{"href":"https:\/\/www.sportchaco.com.ar\/index.php?rest_route=%2Fwp%2Fv2%2Fmedia&parent=27487"}],"wp:term":[{"taxonomy":"category","embeddable":true,"href":"https:\/\/www.sportchaco.com.ar\/index.php?rest_route=%2Fwp%2Fv2%2Fcategories&post=27487"},{"taxonomy":"post_tag","embeddable":true,"href":"https:\/\/www.sportchaco.com.ar\/index.php?rest_route=%2Fwp%2Fv2%2Ftags&post=27487"}],"curies":[{"name":"wp","href":"https:\/\/api.w.org\/{rel}","templated":true}]}}