{"id":27498,"date":"2025-10-23T11:35:04","date_gmt":"2025-10-23T14:35:04","guid":{"rendered":"https:\/\/www.sportchaco.com.ar\/?p=27498"},"modified":"2025-10-23T12:14:09","modified_gmt":"2025-10-23T15:14:09","slug":"tcm-hoy-clasifican-carbajal-y-bohdanowicz","status":"publish","type":"post","link":"https:\/\/www.sportchaco.com.ar\/?p=27498","title":{"rendered":"TCM: Hoy clasifican Carabajal y Bohdanowicz"},"content":{"rendered":"<div class=\"container-fluid showcase-light-grey\">\n<div class=\"container\">\n<div class=\"noticias-header\">\n<div class=\"row\">\n<div class=\"col-lg-9 col-md-9 col-sm-8 col-xs-12\">\n<div class=\"info\">\n<div>\n<header>\n<div>\n<p><strong>22-10-2025<\/strong><\/p>\n<p><img loading=\"lazy\" decoding=\"async\" class=\"aligncenter size-full wp-image-20491\" src=\"https:\/\/www.sportchaco.com.ar\/wp-content\/uploads\/2025\/06\/PARQUE-SOLAR_720x90-01.gif\" alt=\"\" width=\"720\" height=\"90\" \/><\/p>\n<\/div>\n<\/header>\n<section class=\"body\">\n<section class=\"content\">\n<div class=\"main-text\">\n<div class=\"social\">\n<div class=\"share\">Los chaque\u00f1os Lucas Carabajal y Lucas Bohdanowicz comenzar\u00e1n hoy a desandar la actividad oficial de la 12\u00b0 fecha de la temporada y 2\u00b0 etapa de la \u00abCopa de Oro\u00bb 2025 del TC Mouras, que se llevar\u00e1 adelante en el aut\u00f3dromo Roberto Mouras. La actividad del d\u00eda incluye dos jornadas de entrenamientos y la posterior clasificaci\u00f3n de la fecha.<\/div>\n<\/div>\n<div class=\" original m_image\">\n<figure><picture><source srcset=\"https:\/\/www.diarionorte.com\/content\/bucket\/9\/433379w624h476c.jpg.webp\" type=\"image\/webp\" media=\"(min-width: 640px)\" \/><source srcset=\"https:\/\/www.diarionorte.com\/content\/bucket\/9\/433379w440h336c.jpg.webp\" type=\"image\/webp\" media=\"(min-width: 300px)\" \/><source srcset=\"https:\/\/www.diarionorte.com\/content\/bucket\/9\/433379w624h476c.jpg\" media=\"(min-width: 300px)\" \/><img loading=\"lazy\" decoding=\"async\" class=\"pic aligncenter\" src=\"https:\/\/www.diarionorte.com\/content\/bucket\/9\/433379w624h476c.jpg.webp\" alt=\"\" width=\"624\" height=\"476\" \/><\/picture><figcaption>Lucas Bohdanowicz corre desde atr\u00e1s en el campeonato, pero sue\u00f1a con dar pelea.<\/figcaption><\/figure>\n<\/div>\n<p>Cabe destacar que este cambio de d\u00eda en la actividad oficial se da debido a las elecciones legislativas nacionales, que se llevar\u00e1n a cabo el domingo en la Argentina, y por eso la actividad programada para ese fin de semana se adelant\u00f3 y se desarrollar\u00e1 este jueves y viernes, con el objetivo de garantizar el normal desarrollo para todas las categor\u00edas que estar\u00e1n presentes en el circuito platense.<\/p>\n<p>En lo que respecta a la lucha por la corona, disputadas 11 fechas de las 14 que tiene el calendario 2025 del TC Mouras, hasta el momento, el campeonato es liderado por el chaque\u00f1o Lucas Carabajal con 80 puntos, siendo seguido de cerca por el tambi\u00e9n piloto de la provincia Lucas Bohdanowicz, que se ubica cuarto con 49 puntos. Las pr\u00f3ximas dos presentaciones de la categor\u00eda ser\u00e1n el 23 de noviembre y el 14 de diciembre, seguramente tambi\u00e9n en el aut\u00f3dromo Roberto Mouras de La Plata.<\/p>\n<div class=\" large m_image\">\n<figure><picture><source srcset=\"https:\/\/www.diarionorte.com\/content\/bucket\/8\/433378w790h566c.jpg.webp\" type=\"image\/webp\" media=\"(min-width: 640px)\" \/><source srcset=\"https:\/\/www.diarionorte.com\/content\/bucket\/8\/433378w440h315c.jpg.webp\" type=\"image\/webp\" media=\"(min-width: 300px)\" \/><source srcset=\"https:\/\/www.diarionorte.com\/content\/bucket\/8\/433378w790h566c.jpg\" media=\"(min-width: 300px)\" \/><img loading=\"lazy\" decoding=\"async\" class=\"pic\" src=\"https:\/\/www.diarionorte.com\/content\/bucket\/8\/433378w790h566c.jpg.webp\" alt=\"\" width=\"790\" height=\"566\" \/><\/picture><figcaption>Lucas Carabajal fue el mejor de la etapa regular y por ahora lidera la Copa de Oro.<\/figcaption><\/figure>\n<\/div>\n<p>Por otro lado, en la \u00faltima fecha, el pasado 27 y 28 de septiembre, Eugenio Provens fue el vencedor en la primera fecha de la \u00abCopa de Oro\u00bb y con este triunfo, el piloto de C\u00f3rdoba trep\u00f3 en la tabla de posiciones con 61 puntos y qued\u00f3 segundo a 19 puntos del l\u00edder.<\/p>\n<h2>LA ACTIVIDAD DEL D\u00cdA<\/h2>\n<p>10.30 h: 1\u00b0 Entrenamiento &#8211; TC Mouras<br \/>\n12.55 h: 2\u00b0 Entrenamiento &#8211; TC Mouras<br \/>\n15.50 h: Clasificaci\u00f3n &#8211; TC Mouras-<\/p>\n<\/div>\n<\/section>\n<\/section>\n<\/div>\n<h2>Provens, en el primer entrenamiento . Fuente ACTC<\/h2>\n<p>El piloto de Isla Verde fue el m\u00e1s r\u00e1pido en la primera pr\u00e1ctica de las TC Mouras en el Aut\u00f3dromo Roberto Mouras de La Plata<\/p>\n<\/div>\n<\/div>\n<\/div>\n<\/div>\n<\/div>\n<\/div>\n<div class=\"container\">\n<div class=\"noticias-expanded\">\n<div class=\"row\">\n<div class=\"col-lg-8 col-md-8 col-sm-8\">\n<div class=\"content\">\n<figure class=\"img-wide\"><img decoding=\"async\" class=\"lazy img-responsive\" src=\"https:\/\/actc.org.ar\/upload\/informes\/13541\/28599_encabezado.jpg\" data-original=\"\/upload\/informes\/13541\/28599_encabezado.jpg\" \/><\/figure>\n<p>El TC Mouras puso en marcha la 12\u00aa fecha de la Copa de Oro RUS, con el primer entrenamiento y Eugenio Provens Arriba con un Dodge fue el m\u00e1s r\u00e1pido.<\/p>\n<p>El ensayo\u00a0de 20 minutos, tuvo el dominio de Provens, con la Dodge que le atiende el Galaraz Racing. En la segunda colocaci\u00f3n se ubic\u00f3 Manuel Borgert, con el Ford del Fadel Werner Competici\u00f3n, a una diferencia de 189\/1000\u00a0y tercero fue\u00a0Thom\u00e1s Pozner a bordo de la Dodge del Canning Motorsport que qeud\u00f3 a 241\/1000.\u00a0 \u00a0 \u00a0 \u00a0 \u00a0 \u00a0 \u00a0.<\/p>\n<p>M\u00e1s atr\u00e1s se ubicaron: 4\u00b0Lucas Bohdanowicz, 5\u00b0 Benjam\u00edn Ant\u00f3n,\u00a0 6\u00b0 Lucas Carabajal, 7\u00b0 Leandro Gonz\u00e1lez y 8\u00b0 Francisco Luengo. Por \u00faltimo, en la 9\u00b0 colocaci\u00f3n estuvo Luca De Marco, 10\u00b0 Juan Pablo Guiffrey, 11\u00b0 Lucas Guerra, 12\u00b0 Gustavo Tadei (h) y 13\u00b0 Facundo Ledesma. A partir de las 12:55 se pone en marcha la segunda tanda.<\/p>\n<p><img loading=\"lazy\" decoding=\"async\" class=\"aligncenter size-full wp-image-19354\" src=\"https:\/\/www.sportchaco.com.ar\/wp-content\/uploads\/2025\/05\/BANNER-WEB-Qdenga-250x250-1.gif\" alt=\"\" width=\"521\" height=\"521\" \/><\/p>\n<\/div>\n<\/div>\n<\/div>\n<\/div>\n<\/div>\n","protected":false},"excerpt":{"rendered":"<p>22-10-2025 Los chaque\u00f1os Lucas Carabajal y Lucas Bohdanowicz comenzar\u00e1n hoy a desandar la actividad oficial de la 12\u00b0 fecha de la temporada y 2\u00b0 etapa de la \u00abCopa de Oro\u00bb 2025 del TC Mouras, que se llevar\u00e1 adelante en el aut\u00f3dromo Roberto Mouras. La actividad del d\u00eda incluye dos jornadas de entrenamientos y la posterior &hellip;<\/p>\n","protected":false},"author":2,"featured_media":27499,"comment_status":"open","ping_status":"open","sticky":false,"template":"","format":"standard","meta":{"footnotes":""},"categories":[2],"tags":[],"class_list":["post-27498","post","type-post","status-publish","format-standard","has-post-thumbnail","hentry","category-automovilismo"],"_links":{"self":[{"href":"https:\/\/www.sportchaco.com.ar\/index.php?rest_route=\/wp\/v2\/posts\/27498","targetHints":{"allow":["GET"]}}],"collection":[{"href":"https:\/\/www.sportchaco.com.ar\/index.php?rest_route=\/wp\/v2\/posts"}],"about":[{"href":"https:\/\/www.sportchaco.com.ar\/index.php?rest_route=\/wp\/v2\/types\/post"}],"author":[{"embeddable":true,"href":"https:\/\/www.sportchaco.com.ar\/index.php?rest_route=\/wp\/v2\/users\/2"}],"replies":[{"embeddable":true,"href":"https:\/\/www.sportchaco.com.ar\/index.php?rest_route=%2Fwp%2Fv2%2Fcomments&post=27498"}],"version-history":[{"count":3,"href":"https:\/\/www.sportchaco.com.ar\/index.php?rest_route=\/wp\/v2\/posts\/27498\/revisions"}],"predecessor-version":[{"id":27512,"href":"https:\/\/www.sportchaco.com.ar\/index.php?rest_route=\/wp\/v2\/posts\/27498\/revisions\/27512"}],"wp:featuredmedia":[{"embeddable":true,"href":"https:\/\/www.sportchaco.com.ar\/index.php?rest_route=\/wp\/v2\/media\/27499"}],"wp:attachment":[{"href":"https:\/\/www.sportchaco.com.ar\/index.php?rest_route=%2Fwp%2Fv2%2Fmedia&parent=27498"}],"wp:term":[{"taxonomy":"category","embeddable":true,"href":"https:\/\/www.sportchaco.com.ar\/index.php?rest_route=%2Fwp%2Fv2%2Fcategories&post=27498"},{"taxonomy":"post_tag","embeddable":true,"href":"https:\/\/www.sportchaco.com.ar\/index.php?rest_route=%2Fwp%2Fv2%2Ftags&post=27498"}],"curies":[{"name":"wp","href":"https:\/\/api.w.org\/{rel}","templated":true}]}}