{"id":27523,"date":"2025-10-23T19:12:13","date_gmt":"2025-10-23T22:12:13","guid":{"rendered":"https:\/\/www.sportchaco.com.ar\/?p=27523"},"modified":"2025-10-23T23:47:12","modified_gmt":"2025-10-24T02:47:12","slug":"entre-salidas-y-prestamos-sarmiento-volvio-a-los-entrenamientos","status":"publish","type":"post","link":"https:\/\/www.sportchaco.com.ar\/?p=27523","title":{"rendered":"Entre salidas y pr\u00e9stamos, Sarmiento volvi\u00f3 a los entrenamientos"},"content":{"rendered":"<p><strong>23-10-2025<\/strong><\/p>\n<p><img loading=\"lazy\" decoding=\"async\" class=\"aligncenter size-large wp-image-18571\" src=\"https:\/\/www.sportchaco.com.ar\/wp-content\/uploads\/2025\/04\/Chaco-si-n-fuego-2-940x90-3-1-1024x99.gif\" alt=\"\" width=\"1024\" height=\"99\" srcset=\"https:\/\/www.sportchaco.com.ar\/wp-content\/uploads\/2025\/04\/Chaco-si-n-fuego-2-940x90-3-1-1024x99.gif 1024w, https:\/\/www.sportchaco.com.ar\/wp-content\/uploads\/2025\/04\/Chaco-si-n-fuego-2-940x90-3-1-300x29.gif 300w, https:\/\/www.sportchaco.com.ar\/wp-content\/uploads\/2025\/04\/Chaco-si-n-fuego-2-940x90-3-1-768x74.gif 768w, https:\/\/www.sportchaco.com.ar\/wp-content\/uploads\/2025\/04\/Chaco-si-n-fuego-2-940x90-3-1-1536x148.gif 1536w\" sizes=\"auto, (max-width: 1024px) 100vw, 1024px\" \/><\/p>\n<p>Sarmiento retom\u00f3 los entrenamientos tras la eliminaci\u00f3n del Federal \u00abA\u00bb ante Atenas de C\u00f3rdoba el pasado 11 de octubre en los playoffs del Reducido.<\/p>\n<p>El plantel se present\u00f3 en forma reducida ya que varios jugadores han dejado la instituci\u00f3n y otros fueron cedidos a pr\u00e9stamo para equipos que est\u00e1n disputando el Regional Amateur 2025\/26.<\/p>\n<p>Los pocos jugadores que quedaron entrenaron junto al equipo \u00abdecano\u00bb de la Liga Chaque\u00f1a bajo la direcci\u00f3n del DT Roberto Marioni. Ellos fueron el arquero Diego Gonz\u00e1lez, el defensor Brian Berlo, y los volantes Tom\u00e1s Bacas y Carlos Arriola; todos con contratos vigentes con el club.<\/p>\n<p>Quienes han dejado la instituci\u00f3n chaque\u00f1a fueron Germ\u00e1n Yacaruso, Santiago Piccioni, Rodrigo Gim\u00e9nez, Carlos Di Pietro, Mat\u00edas Sosa, Sebasti\u00e1n Parera, Enzo Vargas y Lautaro Ru\u00edz Mart\u00ednez.<\/p>\n<p>Mientras que los que deber\u00e1n volver tras su participaci\u00f3n en la cuarta categor\u00eda del f\u00fatbol argentino son Gonzalo \u201cToto\u201d Gonz\u00e1lez, Franco Dom\u00ednguez, Max Pared y Cristian Almir\u00f3n (disputando el Regional Amateur con Mandiy\u00fa de Corrientes); Daniel Meza, Franco Falc\u00f3n y Mat\u00edas Ayala (en Fontana); Pablo Mart\u00ednez (en Uni\u00f3n de Santiago del Estero); Rodrigo L\u00f3pez Alba y Hern\u00e1n Gonz\u00e1lez (en Ben Hur de Rafaela); Leonel Niz y Rodrigo Montenegro (en Defensores de Vilelas).<\/p>\n<p><img loading=\"lazy\" decoding=\"async\" class=\"aligncenter size-full wp-image-18688\" src=\"https:\/\/www.sportchaco.com.ar\/wp-content\/uploads\/2025\/04\/Banners-ruta-13_250x250-1.gif\" alt=\"\" width=\"521\" height=\"521\" \/><\/p>\n","protected":false},"excerpt":{"rendered":"<p>23-10-2025 Sarmiento retom\u00f3 los entrenamientos tras la eliminaci\u00f3n del Federal \u00abA\u00bb ante Atenas de C\u00f3rdoba el pasado 11 de octubre en los playoffs del Reducido. El plantel se present\u00f3 en forma reducida ya que varios jugadores han dejado la instituci\u00f3n y otros fueron cedidos a pr\u00e9stamo para equipos que est\u00e1n disputando el Regional Amateur 2025\/26. &hellip;<\/p>\n","protected":false},"author":3,"featured_media":27525,"comment_status":"open","ping_status":"open","sticky":false,"template":"","format":"standard","meta":{"footnotes":""},"categories":[5],"tags":[],"class_list":["post-27523","post","type-post","status-publish","format-standard","has-post-thumbnail","hentry","category-futbol"],"_links":{"self":[{"href":"https:\/\/www.sportchaco.com.ar\/index.php?rest_route=\/wp\/v2\/posts\/27523","targetHints":{"allow":["GET"]}}],"collection":[{"href":"https:\/\/www.sportchaco.com.ar\/index.php?rest_route=\/wp\/v2\/posts"}],"about":[{"href":"https:\/\/www.sportchaco.com.ar\/index.php?rest_route=\/wp\/v2\/types\/post"}],"author":[{"embeddable":true,"href":"https:\/\/www.sportchaco.com.ar\/index.php?rest_route=\/wp\/v2\/users\/3"}],"replies":[{"embeddable":true,"href":"https:\/\/www.sportchaco.com.ar\/index.php?rest_route=%2Fwp%2Fv2%2Fcomments&post=27523"}],"version-history":[{"count":2,"href":"https:\/\/www.sportchaco.com.ar\/index.php?rest_route=\/wp\/v2\/posts\/27523\/revisions"}],"predecessor-version":[{"id":27556,"href":"https:\/\/www.sportchaco.com.ar\/index.php?rest_route=\/wp\/v2\/posts\/27523\/revisions\/27556"}],"wp:featuredmedia":[{"embeddable":true,"href":"https:\/\/www.sportchaco.com.ar\/index.php?rest_route=\/wp\/v2\/media\/27525"}],"wp:attachment":[{"href":"https:\/\/www.sportchaco.com.ar\/index.php?rest_route=%2Fwp%2Fv2%2Fmedia&parent=27523"}],"wp:term":[{"taxonomy":"category","embeddable":true,"href":"https:\/\/www.sportchaco.com.ar\/index.php?rest_route=%2Fwp%2Fv2%2Fcategories&post=27523"},{"taxonomy":"post_tag","embeddable":true,"href":"https:\/\/www.sportchaco.com.ar\/index.php?rest_route=%2Fwp%2Fv2%2Ftags&post=27523"}],"curies":[{"name":"wp","href":"https:\/\/api.w.org\/{rel}","templated":true}]}}