{"id":27530,"date":"2025-10-23T20:08:34","date_gmt":"2025-10-23T23:08:34","guid":{"rendered":"https:\/\/www.sportchaco.com.ar\/?p=27530"},"modified":"2025-10-23T20:08:34","modified_gmt":"2025-10-23T23:08:34","slug":"tcm-pole-para-borgert-bohdanowicz-tercero-y-carabajal-quinto","status":"publish","type":"post","link":"https:\/\/www.sportchaco.com.ar\/?p=27530","title":{"rendered":"TCM: Pole para Borgert, Bohdanowicz tercero y Carabajal quinto"},"content":{"rendered":"<div class=\"container-fluid showcase-light-grey\">\n<div class=\"container\">\n<div class=\"noticias-header\">\n<div class=\"row\">\n<div class=\"col-lg-9 col-md-9 col-sm-8 col-xs-12\">\n<div class=\"info\">\n<div class=\"date\">23 OCT 25<\/div>\n<div><\/div>\n<h5 class=\"date\">El entrerriano Manuel Borgert hizo la pole y hgoy largar\u00e1 desde el primer lugar en el TCM en el circuito de La Plata, donde se disputar\u00e1 fecha 12. Los chaque\u00f1os que pelean por el t\u00edtulo Lucas Carabajal qued\u00f3 quinto y Lucas Bohdanowicz tercero<\/h5>\n<\/div>\n<\/div>\n<div class=\"col-lg-3 col-md-3 col-sm-4 col-xs-12\">\n<div class=\"sharer-module pull-right\">\n<div class=\"wrapper-add-this\"><\/div>\n<\/div>\n<\/div>\n<\/div>\n<\/div>\n<\/div>\n<\/div>\n<div class=\"container\">\n<div class=\"wrapper-brand-skin\"><\/div>\n<div class=\"noticias-expanded\">\n<div class=\"row\">\n<div class=\"col-lg-8 col-md-8 col-sm-8\">\n<div class=\"content\">\n<figure class=\"img-wide\"><img decoding=\"async\" class=\"lazy img-responsive\" src=\"https:\/\/www.actc.org.ar\/upload\/informes\/13547\/28605_encabezado.jpg\" data-original=\"\/upload\/informes\/13547\/28605_encabezado.jpg\" \/><\/figure>\n<figure class=\"img-right\"><\/figure>\n<p>&nbsp;<\/p>\n<p>Gran tiempo para Manuel Borgert, que arriba del Ford Falcon del Fadel Werner Competici\u00f3n, logr\u00f3 su quinta pole position en el TC Mouras. El entrerriano le arrebat\u00f3 el primer lugar a Eugenio Provens, que ven\u00eda de ser el m\u00e1s r\u00e1pido en los dos entrenamientos que se disputaron por la ma\u00f1ana.<\/p>\n<p>Borgert, con el Ford N\u00b0105, marc\u00f3 un tiempo de 1:25.869 y fue 284 mil\u00e9simas m\u00e1s r\u00e1pido que el Dodge de Provens, que qued\u00f3 en la segunda colocaci\u00f3n. En la tercera ubicaci\u00f3n estuvo Lucas Bohdanowicz, ambos con Dodge y del Galarza Racing. El chaque\u00f1o estuvo a una distancia de 463\/1000.<\/p>\n<p>En la 4\u00b0 posici\u00f3n se ubic\u00f3 Juan Pablo Guiffrey, con un Chevrolet del RUS MED Team, a una diferencia de 734\/1000. 5\u00b0 lugar para Lucas Carabajal, con el Ford del Moriatis Competici\u00f3n, a 765\/1000; mientras que Francisco Luengo ocup\u00f3 el 6\u00b0 puesto con la Chevy del RE Performance.<\/p>\n<p>Borgert tras lograr la pole position: \u201cMuy feliz. Sali\u00f3 una vuelta muy redondita, as\u00ed que festej\u00e9 la pole y sirve much\u00edsimo de cara a lo que queda de campeonato\u201d.<\/p>\n<p>La pole qued\u00f3 en manos del entrerriano, de 19 a\u00f1os, que largar\u00e1n\u00a0las series \u00fanica desde la mejor ubicaci\u00f3n en la grilla de partida. Las mismas tendr\u00e1 lugar ma\u00f1ana, a partir de las 11:00 horas y tendr\u00e1 un factor muy importante: el pron\u00f3stico indica un alto porcentaje de probabilidad de lluvia.<\/p>\n<div class=\"hd\">\n<div class=\"row\">\n<div class=\"col-lg-8 col-md-12 col-sm-12 col-xs-12 divider\">\n<form class=\"form-inline filtros\" role=\"form\">\n<div class=\"form-group\">\n<div id=\"sbHolder_83029791\" class=\"sbHolder\" tabindex=\"1\"><a id=\"sbSelector_83029791\" class=\"sbSelector\" href=\"https:\/\/www.actc.org.ar\/tcm\/resultados.html#\">2025<\/a><\/div>\n<p><select id=\"cboLugar\" class=\"select-custom\" tabindex=\"2\" name=\"cboLugar\"><option selected=\"selected\" value=\"1847\">LA PLATA<\/option><option value=\"1846\">La Plata<\/option><option value=\"1845\">La Plata<\/option><option value=\"1844\">La Plata<\/option><option value=\"1843\">La Plata<\/option><option value=\"1842\">La Plata<\/option><option value=\"1841\">La Plata<\/option><option value=\"1840\">La Plata<\/option><option value=\"1839\">La Plata<\/option><option value=\"1838\">La Plata<\/option><option value=\"1837\">La Plata<\/option><option value=\"1836\">La Plata<\/option><\/select><\/p>\n<div id=\"sbHolder_93448953\" class=\"sbHolder\" tabindex=\"2\"><a id=\"sbToggle_93448953\" class=\"sbToggle\" href=\"https:\/\/www.actc.org.ar\/tcm\/resultados.html#\"><\/a><a id=\"sbSelector_93448953\" class=\"sbSelector\" href=\"https:\/\/www.actc.org.ar\/tcm\/resultados.html#\">LA PLATA<\/a><\/div>\n<p><select id=\"cboTanda\" class=\"select-custom\" tabindex=\"3\" name=\"cboTanda\"><option selected=\"selected\" value=\"33\">Clasificaci\u00f3n General<\/option><option value=\"49\">2\u00ba Entrenamiento<\/option><option value=\"32\">1\u00ba Entrenamiento<\/option><\/select><\/p>\n<div id=\"sbHolder_86049650\" class=\"sbHolder\" tabindex=\"3\"><a id=\"sbToggle_86049650\" class=\"sbToggle\" href=\"https:\/\/www.actc.org.ar\/tcm\/resultados.html#\"><\/a><a id=\"sbSelector_86049650\" class=\"sbSelector\" href=\"https:\/\/www.actc.org.ar\/tcm\/resultados.html#\">Clasificaci\u00f3n General<\/a><\/div>\n<\/div>\n<\/form>\n<\/div>\n<div class=\"col-lg-2 col-md-6 col-sm-8 col-xs-12\">\n<div class=\"download clearfix\">Resultados<\/p>\n<div class=\"wrapper-download\"><a class=\"btn-grey-xsmall\" href=\"https:\/\/www.actc.org.ar\/modules\/ppcev\/downloadexcel.php?idrace=1847&amp;idround=33\">XLS<\/a>\u00a0<a class=\"btn-grey-xsmall\" href=\"https:\/\/www.actc.org.ar\/modules\/ppcev\/downloadpdf.php?idrace=1847&amp;idround=33\">PDF<\/a><\/div>\n<p>Parciales<\/p>\n<div class=\"wrapper-download\"><a class=\"btn-grey-xsmall\" href=\"https:\/\/www.actc.org.ar\/upload\/htmls\/intranet\/parciales\/1847\/Clasificacion_General.xls\">XLS<\/a>\u00a0<a class=\"btn-grey-xsmall\" href=\"https:\/\/www.actc.org.ar\/upload\/htmls\/intranet\/parciales\/1847\/Clasificacion_General.pdf\">PDF<\/a><\/div>\n<\/div>\n<div class=\"wrapper-add-this\"><\/div>\n<\/div>\n<\/div>\n<\/div>\n<div class=\"carrera-on-line-verificado\">Verificado por: Cronometraje\u00a0<img decoding=\"async\" src=\"https:\/\/www.actc.org.ar\/admin\/vistas\/images\/on_aprobacion.png\" \/>\u00a0T\u00e9cnica\u00a0<img decoding=\"async\" src=\"https:\/\/www.actc.org.ar\/admin\/vistas\/images\/on_aprobacion.png\" \/>\u00a0Deportiva\u00a0<img decoding=\"async\" src=\"https:\/\/www.actc.org.ar\/admin\/vistas\/images\/on_aprobacion.png\" \/><\/div>\n<div class=\"table-responsive generic-tbl results-tbl\">\n<table class=\"table\">\n<thead>\n<tr>\n<th>Pos.<\/th>\n<th>N\u00famero<\/th>\n<th>Piloto<\/th>\n<th>Marca<\/th>\n<th>Vueltas<\/th>\n<th>Tiempo<\/th>\n<th>Diferencia<\/th>\n<\/tr>\n<\/thead>\n<tbody>\n<tr>\n<td class=\"pos\">1\u00b0<\/td>\n<td>105<\/td>\n<td class=\"piloto first\"><a href=\"https:\/\/www.actc.org.ar\/tcm\/pilotos\/2025\/manuel-borgert_9435.html\">Borgert, Manuel<\/a><\/td>\n<td><img decoding=\"async\" class=\"lazy\" title=\"Ford\" src=\"https:\/\/www.actc.org.ar\/vistas\/v3\/images\/logos\/logo-ford-xs.png\" alt=\"Ford\" data-original=\"\/vistas\/v3\/images\/logos\/logo-ford-xs.png\" \/><\/td>\n<td>3<\/td>\n<td>01:25.869<\/td>\n<td><\/td>\n<\/tr>\n<tr>\n<td class=\"pos\">2\u00b0<\/td>\n<td>53<\/td>\n<td class=\"piloto first\"><a href=\"https:\/\/www.actc.org.ar\/tcm\/pilotos\/2025\/eugenio-provens_9419.html\">Provens, Eugenio<\/a><\/td>\n<td><img decoding=\"async\" class=\"lazy\" title=\"Dodge\" src=\"https:\/\/www.actc.org.ar\/vistas\/v3\/images\/logos\/logo-dodge-xs.png\" alt=\"Dodge\" data-original=\"\/vistas\/v3\/images\/logos\/logo-dodge-xs.png\" \/><\/td>\n<td>4<\/td>\n<td>01:26.153<\/td>\n<td>0.284<\/td>\n<\/tr>\n<tr>\n<td class=\"pos\">3\u00b0<\/td>\n<td>61<\/td>\n<td class=\"piloto first\"><a href=\"https:\/\/www.actc.org.ar\/tcm\/pilotos\/2025\/lucas-bohdanowicz_9426.html\">Bohdanowicz, Lucas<\/a><\/td>\n<td><img decoding=\"async\" class=\"lazy\" title=\"Dodge\" src=\"https:\/\/www.actc.org.ar\/vistas\/v3\/images\/logos\/logo-dodge-xs.png\" alt=\"Dodge\" data-original=\"\/vistas\/v3\/images\/logos\/logo-dodge-xs.png\" \/><\/td>\n<td>4<\/td>\n<td>01:26.332<\/td>\n<td>0.463<\/td>\n<\/tr>\n<tr>\n<td class=\"pos\">4\u00b0<\/td>\n<td>71<\/td>\n<td class=\"piloto first\"><a href=\"https:\/\/www.actc.org.ar\/tcm\/pilotos\/2025\/juan-pablo-guiffrey_9429.html\">Guiffrey, Juan Pablo<\/a><\/td>\n<td><img decoding=\"async\" class=\"lazy\" title=\"Chevrolet\" src=\"https:\/\/www.actc.org.ar\/vistas\/v3\/images\/logos\/logo-chevrolet-xs.png\" alt=\"Chevrolet\" data-original=\"\/vistas\/v3\/images\/logos\/logo-chevrolet-xs.png\" \/><\/td>\n<td>4<\/td>\n<td>01:26.603<\/td>\n<td>0.734<\/td>\n<\/tr>\n<tr>\n<td class=\"pos\">5\u00b0<\/td>\n<td>81<\/td>\n<td class=\"piloto first\"><a href=\"https:\/\/www.actc.org.ar\/tcm\/pilotos\/2025\/lucas-carabajal_9431.html\">Carabajal, Lucas<\/a><\/td>\n<td><img decoding=\"async\" class=\"lazy\" title=\"Ford\" src=\"https:\/\/www.actc.org.ar\/vistas\/v3\/images\/logos\/logo-ford-xs.png\" alt=\"Ford\" data-original=\"\/vistas\/v3\/images\/logos\/logo-ford-xs.png\" \/><\/td>\n<td>4<\/td>\n<td>01:26.634<\/td>\n<td>0.765<\/td>\n<\/tr>\n<tr>\n<td class=\"pos\">6\u00b0<\/td>\n<td>141<\/td>\n<td class=\"piloto first\"><a href=\"https:\/\/www.actc.org.ar\/tcm\/pilotos\/2025\/francisco-luengo_9437.html\">Luengo, Francisco<\/a><\/td>\n<td><img decoding=\"async\" class=\"lazy\" title=\"Chevrolet\" src=\"https:\/\/www.actc.org.ar\/vistas\/v3\/images\/logos\/logo-chevrolet-xs.png\" alt=\"Chevrolet\" data-original=\"\/vistas\/v3\/images\/logos\/logo-chevrolet-xs.png\" \/><\/td>\n<td>4<\/td>\n<td>01:26.679<\/td>\n<td>0.810<\/td>\n<\/tr>\n<tr>\n<td class=\"pos\">7\u00b0<\/td>\n<td>43<\/td>\n<td class=\"piloto first\"><a href=\"https:\/\/www.actc.org.ar\/tcm\/pilotos\/2025\/benjamin-anton_9421.html\">Ant\u00f3n, Benjam\u00edn<\/a><\/td>\n<td><img decoding=\"async\" class=\"lazy\" title=\"Ford\" src=\"https:\/\/www.actc.org.ar\/vistas\/v3\/images\/logos\/logo-ford-xs.png\" alt=\"Ford\" data-original=\"\/vistas\/v3\/images\/logos\/logo-ford-xs.png\" \/><\/td>\n<td>5<\/td>\n<td>01:26.759<\/td>\n<td>0.890<\/td>\n<\/tr>\n<tr>\n<td class=\"pos\">8\u00b0<\/td>\n<td>77<\/td>\n<td class=\"piloto first\"><a href=\"https:\/\/www.actc.org.ar\/tcm\/pilotos\/2025\/leandro-gonzalez_9430.html\">Gonz\u00e1lez, Leandro<\/a><\/td>\n<td><img decoding=\"async\" class=\"lazy\" title=\"Chevrolet\" src=\"https:\/\/www.actc.org.ar\/vistas\/v3\/images\/logos\/logo-chevrolet-xs.png\" alt=\"Chevrolet\" data-original=\"\/vistas\/v3\/images\/logos\/logo-chevrolet-xs.png\" \/><\/td>\n<td>4<\/td>\n<td>01:26.825<\/td>\n<td>0.956<\/td>\n<\/tr>\n<tr>\n<td class=\"pos\">9\u00b0<\/td>\n<td>44<\/td>\n<td class=\"piloto first\"><a href=\"https:\/\/www.actc.org.ar\/tcm\/pilotos\/2025\/thomas-pozner_9422.html\">Pozner, Thomas<\/a><\/td>\n<td><img decoding=\"async\" class=\"lazy\" title=\"Dodge\" src=\"https:\/\/www.actc.org.ar\/vistas\/v3\/images\/logos\/logo-dodge-xs.png\" alt=\"Dodge\" data-original=\"\/vistas\/v3\/images\/logos\/logo-dodge-xs.png\" \/><\/td>\n<td>5<\/td>\n<td>01:26.861<\/td>\n<td>0.992<\/td>\n<\/tr>\n<tr>\n<td class=\"pos\">10\u00b0<\/td>\n<td>177<\/td>\n<td class=\"piloto first\"><a href=\"https:\/\/www.actc.org.ar\/tcm\/pilotos\/2025\/luca-demarco_9438.html\">Demarco, Luca<\/a><\/td>\n<td><img decoding=\"async\" class=\"lazy\" title=\"Dodge\" src=\"https:\/\/www.actc.org.ar\/vistas\/v3\/images\/logos\/logo-dodge-xs.png\" alt=\"Dodge\" data-original=\"\/vistas\/v3\/images\/logos\/logo-dodge-xs.png\" \/><\/td>\n<td>4<\/td>\n<td>01:27.316<\/td>\n<td>1.447<\/td>\n<\/tr>\n<tr>\n<td class=\"pos\">11\u00b0<\/td>\n<td>87<\/td>\n<td class=\"piloto first\"><a href=\"https:\/\/www.actc.org.ar\/tcm\/pilotos\/2025\/lucas-guerra_9434.html\">Guerra, Lucas<\/a><\/td>\n<td><img decoding=\"async\" class=\"lazy\" title=\"Chevrolet\" src=\"https:\/\/www.actc.org.ar\/vistas\/v3\/images\/logos\/logo-chevrolet-xs.png\" alt=\"Chevrolet\" data-original=\"\/vistas\/v3\/images\/logos\/logo-chevrolet-xs.png\" \/><\/td>\n<td>4<\/td>\n<td>01:27.381<\/td>\n<td>1.512<\/td>\n<\/tr>\n<tr>\n<td class=\"pos\">12\u00b0<\/td>\n<td>66<\/td>\n<td class=\"piloto first\"><a href=\"https:\/\/www.actc.org.ar\/tcm\/pilotos\/2025\/gustavo-h-tadei_9427.html\">Tadei, Gustavo (H)<\/a><\/td>\n<td><img decoding=\"async\" class=\"lazy\" title=\"Chevrolet\" src=\"https:\/\/www.actc.org.ar\/vistas\/v3\/images\/logos\/logo-chevrolet-xs.png\" alt=\"Chevrolet\" data-original=\"\/vistas\/v3\/images\/logos\/logo-chevrolet-xs.png\" \/><\/td>\n<td>4<\/td>\n<td>01:28.527<\/td>\n<td>2.658<\/td>\n<\/tr>\n<tr>\n<td class=\"pos\">13\u00b0<\/td>\n<td>119<\/td>\n<td class=\"piloto first\"><a href=\"https:\/\/www.actc.org.ar\/tcm\/pilotos\/2025\/facundo-ledesma_9436.html\">Ledesma, Facundo<\/a><\/td>\n<td><img decoding=\"async\" class=\"lazy\" title=\"Chevrolet\" src=\"https:\/\/www.actc.org.ar\/vistas\/v3\/images\/logos\/logo-chevrolet-xs.png\" alt=\"Chevrolet\" data-original=\"\/vistas\/v3\/images\/logos\/logo-chevrolet-xs.png\" \/><\/td>\n<td>2<\/td>\n<td>01:30.957<\/td>\n<td>5.088<\/td>\n<\/tr>\n<\/tbody>\n<\/table>\n<\/div>\n<div class=\"additional-data\">\n<div class=\"row\"><\/div>\n<\/div>\n<div class=\"incidences\">\n<h2>Comentarios<\/h2>\n<ul>\n<li><strong>PROMEDIO:<\/strong>\u00a0178,807 Km\/h\n<p>RECARGO POR TECNICA AUTO N\u00b066(TADEI) MOTOR6\/10<\/p>\n<p>HORA 18:00<\/li>\n<\/ul>\n<\/div>\n<\/div>\n<\/div>\n<\/div>\n<\/div>\n<\/div>\n","protected":false},"excerpt":{"rendered":"<p>23 OCT 25 El entrerriano Manuel Borgert hizo la pole y hgoy largar\u00e1 desde el primer lugar en el TCM en el circuito de La Plata, donde se disputar\u00e1 fecha 12. Los chaque\u00f1os que pelean por el t\u00edtulo Lucas Carabajal qued\u00f3 quinto y Lucas Bohdanowicz tercero &nbsp; Gran tiempo para Manuel Borgert, que arriba del &hellip;<\/p>\n","protected":false},"author":2,"featured_media":27531,"comment_status":"open","ping_status":"open","sticky":false,"template":"","format":"standard","meta":{"footnotes":""},"categories":[2],"tags":[],"class_list":["post-27530","post","type-post","status-publish","format-standard","has-post-thumbnail","hentry","category-automovilismo"],"_links":{"self":[{"href":"https:\/\/www.sportchaco.com.ar\/index.php?rest_route=\/wp\/v2\/posts\/27530","targetHints":{"allow":["GET"]}}],"collection":[{"href":"https:\/\/www.sportchaco.com.ar\/index.php?rest_route=\/wp\/v2\/posts"}],"about":[{"href":"https:\/\/www.sportchaco.com.ar\/index.php?rest_route=\/wp\/v2\/types\/post"}],"author":[{"embeddable":true,"href":"https:\/\/www.sportchaco.com.ar\/index.php?rest_route=\/wp\/v2\/users\/2"}],"replies":[{"embeddable":true,"href":"https:\/\/www.sportchaco.com.ar\/index.php?rest_route=%2Fwp%2Fv2%2Fcomments&post=27530"}],"version-history":[{"count":1,"href":"https:\/\/www.sportchaco.com.ar\/index.php?rest_route=\/wp\/v2\/posts\/27530\/revisions"}],"predecessor-version":[{"id":27532,"href":"https:\/\/www.sportchaco.com.ar\/index.php?rest_route=\/wp\/v2\/posts\/27530\/revisions\/27532"}],"wp:featuredmedia":[{"embeddable":true,"href":"https:\/\/www.sportchaco.com.ar\/index.php?rest_route=\/wp\/v2\/media\/27531"}],"wp:attachment":[{"href":"https:\/\/www.sportchaco.com.ar\/index.php?rest_route=%2Fwp%2Fv2%2Fmedia&parent=27530"}],"wp:term":[{"taxonomy":"category","embeddable":true,"href":"https:\/\/www.sportchaco.com.ar\/index.php?rest_route=%2Fwp%2Fv2%2Fcategories&post=27530"},{"taxonomy":"post_tag","embeddable":true,"href":"https:\/\/www.sportchaco.com.ar\/index.php?rest_route=%2Fwp%2Fv2%2Ftags&post=27530"}],"curies":[{"name":"wp","href":"https:\/\/api.w.org\/{rel}","templated":true}]}}