{"id":27551,"date":"2025-10-23T23:42:08","date_gmt":"2025-10-24T02:42:08","guid":{"rendered":"https:\/\/www.sportchaco.com.ar\/?p=27551"},"modified":"2025-10-23T23:42:08","modified_gmt":"2025-10-24T02:42:08","slug":"liga-de-quito-goleo-a-palmeiras","status":"publish","type":"post","link":"https:\/\/www.sportchaco.com.ar\/?p=27551","title":{"rendered":"Liga de Quito gole\u00f3 a Palmeiras"},"content":{"rendered":"<div class=\"flex flex-col w-full\">\n<div class=\"p-2.5 md:p-0\">\n<h1 class=\"mb-[14px] text-articleTitleMobile md:text-articleTitle font-articleTitle tracking-normal\" data-testid=\"article_title_h1\"><span style=\"font-size: 16px; font-weight: 400;\">\u00a023\/10\/2025<\/span><\/h1>\n<h1 class=\"mb-[14px] text-articleTitleMobile md:text-articleTitle font-articleTitle tracking-normal\" data-testid=\"article_title_h1\">Liga de Quito golea a Palmeiras en la Copa Libertadores y se ilusiona con la final. Con un primer tiempo para la historia, Liga de Quito gole\u00f3 a Palmeiras.<\/h1>\n<div class=\"flex justify-between md:mb-[20px]\">\n<div class=\"flex items-center \">\n<div class=\" text-mediumGray text-articleDateAuthor font-articleDateAuthor tracking-normal\">\n<p>&nbsp;<\/p>\n<\/div>\n<\/div>\n<\/div>\n<\/div>\n<figure class=\"border-solid border-b border-lightGray relative \"><img sizes=\"50vw\" srcset=\"https:\/\/ds-images.bolavip.com\/news\/image?src=https%3A%2F%2Fimages.bolavip.com%2Fwebp%2Ffull%2FBVP_20251023_BVP_819792_GettyImages-2242899867-scaled-e1761273134182.webp&amp;width=490&amp;height=275 490w, https:\/\/ds-images.bolavip.com\/news\/image?src=https%3A%2F%2Fimages.bolavip.com%2Fwebp%2Ffull%2FBVP_20251023_BVP_819792_GettyImages-2242899867-scaled-e1761273134182.webp&amp;width=740&amp;height=416 740w\" alt=\"Liga de Quito gole\u00f3 a Palmeiras\n\" width=\"740\" height=\"416\" \/><figcaption class=\"mx-[10px] md:mx-0 mt-2.5 text-[14px] tracking-normal font-articleFigCaption text-articleFigCaption\">Liga de Quito gole\u00f3 a Palmeiras<\/figcaption><\/figure>\n<\/div>\n<div id=\"article-body-819792\" class=\"block w-full my-[30px] px-[10px] md:px-0 overflow-hidden font-three text-articleBody md:text-articleBodyDesktop \" data-testid=\"article_body\">\n<p class=\"mb-[20px] md:mb-[30px] break-word\" data-testid=\"paragraph\"><span style=\"color: #000000;\"><strong><a class=\"break-word font-articleLinkText text-articleLinkText hover:text-articleLinkTextHover hover:bg-articleLinkTextHoverBg cursor-pointer border-solid border-b-articleLinkTextHover\" style=\"color: #000000;\" href=\"https:\/\/bolavip.com\/tema\/liga-de-quito\" target=\"_blank\" rel=\"noopener\">Liga de Quito\u00a0<\/a>gole\u00f3 a Palmeiras como casi nunca se ha visto en la Copa Libertadores.\u00a0<\/strong>El equipo ecuatoriano con un primer tiempo para la historia, se lleva una ventaja de 3 a 0 a Brasil. Los ecuatorianos pueden llegar a su segunda final de Copa Libertadores, ya ganaron 1 en 2008.<\/span><\/p>\n<p class=\"jsx-208363072\"><span style=\"color: #000000;\">Luego de lo que fue derrota de\u00a0<strong>Racing\u00a0<\/strong>este mi\u00e9rcoles ante\u00a0<strong>Flamengo<\/strong>\u00a0por la ida de semifinales de\u00a0<a style=\"color: #000000;\" href=\"https:\/\/tntsports.com.ar\/copa-libertadores-t37\" target=\"_blank\" rel=\"noopener\">Copa Libertadores<\/a>, en la jornada de hoy lleg\u00f3 el turno tanto de\u00a0<strong>Liga de Quito<\/strong>\u00a0como de\u00a0<strong>Palmeiras<\/strong>. Y en la altura de Ecuador se disput\u00f3 el primer encuentro que definir\u00e1 a uno de los finalistas de Am\u00e9rica.<\/span><\/p>\n<div class=\"jsx-2718545694 jsx-2451495141\">\n<div class=\"jsx-2942825204\">\n<div class=\"jsx-2810317038\">\n<article class=\"jsx-1975079982 jsx-3056063694 jsx-532129135 news\">\n<div class=\"jsx-1975079982 jsx-3056063694 jsx-532129135\">\n<h3 class=\"jsx-3823288898 jsx-3996458082 \"><\/h3>\n<\/div>\n<\/article>\n<\/div>\n<\/div>\n<\/div>\n<p class=\"jsx-208363072\">En uno de los resultados m\u00e1s resonantes de los cuartos de final de la Copa Libertadores, Liga de Quito elimin\u00f3 a San Pablo con un triunfo global de 3-0. Y como Palmeiras logr\u00f3 vencer a River, se convirti\u00f3 en su rival de semifinales. As\u00ed las cosas, la esperada llave debi\u00f3 abrirse este jueves en Ecuador, y el equipo blanco no tard\u00f3 en hacer valer su local\u00eda.<\/p>\n<p class=\"jsx-208363072\">Es que en apenas 16 minutos del primer tiempo apareci\u00f3<strong>\u00a0Gabriel Villam\u00edl<\/strong>\u00a0para anotar el 1-0, y ya sobre los 27&#8242;\u00a0<strong>Lisandro Alzugaray<\/strong>\u00a0ampli\u00f3 de penal. Por su parte, en una de las \u00faltimas jugadas de la etapa inicial nuevamente Villam\u00edl anot\u00f3, y todo se fue con un sorpresivo resultado de 3-0 al descanso.<\/p>\n<p class=\"jsx-208363072\">A su vez, aunque el Verdao quiso aproximarse al descuento con algunas llegadas, claramente no tuvo su mejor noche.\u00a0<mark>Motivo por el cual Liga dio el golpe con esta goleada y llegar\u00e1 de la mejor manera a la revancha de la semana pr\u00f3xima pensando en meterse en la gran final de la copa<\/mark>.<\/p>\n<div class=\"jsx-3045313450 jsx-1166155369 jsx-3950336340 jsx-2417398696 jsx-3835360661\"><\/div>\n<h2 class=\"jsx-956356919\">Formaciones de Liga de Quito y Palmeiras<\/h2>\n<p class=\"jsx-208363072\">Alexander Dom\u00ednguez; Ricardo Ad\u00e9, Kevin Minda, Richard Mina; Jos\u00e9 Quintero, Jeison Medina, Gabriel Villamil, Carlos Gruezo, Leonel Quin\u00f3\u00f1ez; Bryan Ram\u00edrez y Lisandro Alzugaray.<\/p>\n<p class=\"jsx-208363072\">Carlos Miguel; Khellven, Gustavo G\u00f3mez, Murilo, Joaqu\u00edn Piquerez; Emiliano Mart\u00ednez; Raphael Veiga, Andreas Pereira, Felipe Anderson; Jos\u00e9 Manuel Lopez y Vitor Roque.<\/p>\n<p><iframe loading=\"lazy\" title=\"Liga de Quito 3 - 0 Barcelona SC \/ Fecha 2 - Primer Hexagonal  \/ Liga Ecuabet conectada por Xtrim\" width=\"500\" height=\"281\" src=\"https:\/\/www.youtube.com\/embed\/I5zHTf4tyMA?feature=oembed\" frameborder=\"0\" allow=\"accelerometer; autoplay; clipboard-write; encrypted-media; gyroscope; picture-in-picture; web-share\" referrerpolicy=\"strict-origin-when-cross-origin\" allowfullscreen><\/iframe><\/p>\n<\/div>\n","protected":false},"excerpt":{"rendered":"<p>\u00a023\/10\/2025 Liga de Quito golea a Palmeiras en la Copa Libertadores y se ilusiona con la final. Con un primer tiempo para la historia, Liga de Quito gole\u00f3 a Palmeiras. &nbsp; Liga de Quito gole\u00f3 a Palmeiras Liga de Quito\u00a0gole\u00f3 a Palmeiras como casi nunca se ha visto en la Copa Libertadores.\u00a0El equipo ecuatoriano con &hellip;<\/p>\n","protected":false},"author":2,"featured_media":27552,"comment_status":"open","ping_status":"open","sticky":false,"template":"","format":"standard","meta":{"footnotes":""},"categories":[6],"tags":[],"class_list":["post-27551","post","type-post","status-publish","format-standard","has-post-thumbnail","hentry","category-internacionales"],"_links":{"self":[{"href":"https:\/\/www.sportchaco.com.ar\/index.php?rest_route=\/wp\/v2\/posts\/27551","targetHints":{"allow":["GET"]}}],"collection":[{"href":"https:\/\/www.sportchaco.com.ar\/index.php?rest_route=\/wp\/v2\/posts"}],"about":[{"href":"https:\/\/www.sportchaco.com.ar\/index.php?rest_route=\/wp\/v2\/types\/post"}],"author":[{"embeddable":true,"href":"https:\/\/www.sportchaco.com.ar\/index.php?rest_route=\/wp\/v2\/users\/2"}],"replies":[{"embeddable":true,"href":"https:\/\/www.sportchaco.com.ar\/index.php?rest_route=%2Fwp%2Fv2%2Fcomments&post=27551"}],"version-history":[{"count":1,"href":"https:\/\/www.sportchaco.com.ar\/index.php?rest_route=\/wp\/v2\/posts\/27551\/revisions"}],"predecessor-version":[{"id":27553,"href":"https:\/\/www.sportchaco.com.ar\/index.php?rest_route=\/wp\/v2\/posts\/27551\/revisions\/27553"}],"wp:featuredmedia":[{"embeddable":true,"href":"https:\/\/www.sportchaco.com.ar\/index.php?rest_route=\/wp\/v2\/media\/27552"}],"wp:attachment":[{"href":"https:\/\/www.sportchaco.com.ar\/index.php?rest_route=%2Fwp%2Fv2%2Fmedia&parent=27551"}],"wp:term":[{"taxonomy":"category","embeddable":true,"href":"https:\/\/www.sportchaco.com.ar\/index.php?rest_route=%2Fwp%2Fv2%2Fcategories&post=27551"},{"taxonomy":"post_tag","embeddable":true,"href":"https:\/\/www.sportchaco.com.ar\/index.php?rest_route=%2Fwp%2Fv2%2Ftags&post=27551"}],"curies":[{"name":"wp","href":"https:\/\/api.w.org\/{rel}","templated":true}]}}