{"id":27566,"date":"2025-10-24T23:19:31","date_gmt":"2025-10-25T02:19:31","guid":{"rendered":"https:\/\/www.sportchaco.com.ar\/?p=27566"},"modified":"2025-10-24T23:20:00","modified_gmt":"2025-10-25T02:20:00","slug":"efemerides-del-25-de-octubre-2","status":"publish","type":"post","link":"https:\/\/www.sportchaco.com.ar\/?p=27566","title":{"rendered":"Efem\u00e9rides del 25 de octubre"},"content":{"rendered":"<div class=\"container fullwidth-entry-title-wrapper\">\n<div class=\"container-wrapper fullwidth-entry-title\">\n<header class=\"entry-header-outer\">\n<div class=\"entry-header\">\n<h1 class=\"post-title entry-title\"><\/h1>\n<h2 class=\"entry-sub-title\"><\/h2>\n<div class=\"single-post-meta post-meta clearfix\"><\/div>\n<\/div>\n<\/header>\n<\/div>\n<\/div>\n<div id=\"content\" class=\"site-content container\">\n<div id=\"main-content-row\" class=\"tie-row main-content-row\">\n<div class=\"main-content tie-col-md-8 tie-col-xs-12\" role=\"main\">\n<article id=\"the-post\" class=\"container-wrapper post-content tie-standard\">\n<div class=\"featured-area\">\n<div class=\"featured-area-inner\"><\/div>\n<\/div>\n<div class=\"entry-content entry clearfix\">\n<p><strong>Efem\u00e9rides del deporte chaque\u00f1o de un 25 de octubre por el periodista Luis Dar\u00edo Molodezky.<\/strong><\/p>\n<p><img loading=\"lazy\" decoding=\"async\" class=\"alignnone size-medium wp-image-27567 aligncenter\" src=\"https:\/\/www.sportchaco.com.ar\/wp-content\/uploads\/2025\/10\/Luis-Dario-11-08-2025-61-300x239.jpeg\" alt=\"\" width=\"300\" height=\"239\" srcset=\"https:\/\/www.sportchaco.com.ar\/wp-content\/uploads\/2025\/10\/Luis-Dario-11-08-2025-61-300x239.jpeg 300w, https:\/\/www.sportchaco.com.ar\/wp-content\/uploads\/2025\/10\/Luis-Dario-11-08-2025-61-768x612.jpeg 768w, https:\/\/www.sportchaco.com.ar\/wp-content\/uploads\/2025\/10\/Luis-Dario-11-08-2025-61.jpeg 805w\" sizes=\"auto, (max-width: 300px) 100vw, 300px\" \/><\/p>\n<p><strong>1947 \/\u00a0<\/strong>Se inaugura el Parque 2 de febrero en la ciudad de Resistencia, con la presencia del presidente Juan Domingo Per\u00f3n, Eva Duarte y el gobernador Antenor Far\u00edas All\u00ed estuvo enclavado el primer cementerio de la Colonia Resistencia. En 1935 se resuelve en el Concejo Municipal la creaci\u00f3n de un Parque, en el Lote 200. En 1935 se acepta la donaci\u00f3n del Ministerio del interior del predio y 10 a\u00f1os despu\u00e9s comienza el desarrollo del proyecto que contemplaba un pabell\u00f3n; un audit\u00f3rium, con escenario para mil personas; un lago artificial que tomar\u00eda su caudal del agua del Rio Negro, con el que estaba conectado y un escenario para manifestaciones art\u00edsticas, al aire libre llamado Anfiteatro Griego, con capacidad de tres mil personas sentadas. Los trabajos fueron arduos e intensos trabajando de sol a sol para poder terminarlo a tiempo para la fiesta de Algod\u00f3n de 1947.\u00a0 Aquella noche se eleg\u00eda a la primera Reina Nacional del Algod\u00f3n. La primera reina electa fue Olga Dufek. Asistieron al evento unas 80.000 personas en una fiesta multitudinaria y apote\u00f3tica, nunca vista en la ciudad. A partir de ese momento todas las pr\u00e1cticas deportivas se concentrar en ese predio y donde pasaron muchas generaciones de estudiantes que desarrollaban sus clases de educaci\u00f3n f\u00edsica.<\/p>\n<p>&nbsp;<\/p>\n<p>1968 \/ Se enfrentan en pelea revancha Jos\u00e9 Jatchuk y Armando Cepillo Lescano. Ante una gran concurrencia que dej\u00f3 en boleter\u00edas m\u00e1s de 230 mil pesos, la \u2018bomba\u2019 Jatchuk por puntos al cabo de cinco ardorosos rounds. Dos jurados, Giuliano y Malisani, vieron ganador al villangelense, mientras que Oscar Andreata fall\u00f3 empate, lo que inclin\u00f3 la balanza para el cr\u00e9dito de Domingo D\u2019El\u00eda (p).<\/p>\n<p>&nbsp;<\/p>\n<p><strong>1981 \/<\/strong>\u00a0Juan Carlos Su\u00e1rez se impone en el Regional de Bochas disputado en Las Bre\u00f1as, organizado por la Asociaci\u00f3n del Noroeste y que lleva el nombre de Mario Esteban Varela. \u00a0Estuvieron presentes y el presidente y secretario de la Asociaci\u00f3n Chaque\u00f1a, Atilio Bangher y Elio Luna. En el cotejo final Su\u00e1rez derrot\u00f3 a Celestino Orellana por 18 a 17. El ganador clasific\u00f3 para el Argentino de Salta<\/p>\n<p>&nbsp;<\/p>\n<p><strong>2003\u00a0<\/strong>\/ Javier \u00c1lvarez logra el t\u00edtulo latino OMB (interino) al vencer por puntos en 12 asaltos en Corrientes al local Eduardo\u00a0<em>Pamperito\u00a0<\/em>Rom\u00e1n. El peso de \u00c1lvarez fue de 60,800 kg.<\/p>\n<p>&nbsp;<\/p>\n<p><strong>2006 \/<\/strong>\u00a0Santiago Moreno Kaenel se corona campe\u00f3n Argentino Sub 12 de Ajedrez, en Colon, Entre R\u00edos<\/p>\n<p>&nbsp;<\/p>\n<p><strong>2009\u00a0<\/strong>\/ Emanuel Escalante de 16 a\u00f1os alumno del CEP 47 de General San Mart\u00edn, establece 1,90 m en salto en alto durante los Juegos Deportivos Nacionales Evita que se disputan en Mar del Plata. Marc\u00f3 un nuevo Record Provincial de Menores Sub 18 y de Juveniles Sub 20 en esa prueba e igual\u00f3 el Record Provincial Absoluto de Adri\u00e1n Ansaloni registrado en 1984. Roc\u00edo Sabadini, r\u00e9cord provincial de Menores en Jabalina (41,07m); Douglas Sandoval, r\u00e9cord provincial de cadetes en 300 m llanos (36,66\u201d); y el equipo integrada por Enzo Delpech, Berto Gal\u00e1n, Runo Wedercik y Ariel D\u00edaz, r\u00e9cord provincial juvenil en Posta de 4x100m (44,55\u201d).<\/p>\n<p>&nbsp;<\/p>\n<p><strong>Foto a\u00e9rea del Parque 2 de Febrero en 1947<\/strong><\/p>\n<div class=\"post-bottom-meta post-bottom-edit\">\n<div class=\"post-bottom-meta-title\"><\/div>\n<\/div>\n<\/div>\n<\/article>\n<\/div>\n<\/div>\n<\/div>\n","protected":false},"excerpt":{"rendered":"<p>Efem\u00e9rides del deporte chaque\u00f1o de un 25 de octubre por el periodista Luis Dar\u00edo Molodezky. 1947 \/\u00a0Se inaugura el Parque 2 de febrero en la ciudad de Resistencia, con la presencia del presidente Juan Domingo Per\u00f3n, Eva Duarte y el gobernador Antenor Far\u00edas All\u00ed estuvo enclavado el primer cementerio de la Colonia Resistencia. En 1935 &hellip;<\/p>\n","protected":false},"author":2,"featured_media":27598,"comment_status":"open","ping_status":"open","sticky":false,"template":"","format":"standard","meta":{"footnotes":""},"categories":[45,40],"tags":[],"class_list":["post-27566","post","type-post","status-publish","format-standard","has-post-thumbnail","hentry","category-efemerides-dia-por-dia","category-octubre"],"_links":{"self":[{"href":"https:\/\/www.sportchaco.com.ar\/index.php?rest_route=\/wp\/v2\/posts\/27566","targetHints":{"allow":["GET"]}}],"collection":[{"href":"https:\/\/www.sportchaco.com.ar\/index.php?rest_route=\/wp\/v2\/posts"}],"about":[{"href":"https:\/\/www.sportchaco.com.ar\/index.php?rest_route=\/wp\/v2\/types\/post"}],"author":[{"embeddable":true,"href":"https:\/\/www.sportchaco.com.ar\/index.php?rest_route=\/wp\/v2\/users\/2"}],"replies":[{"embeddable":true,"href":"https:\/\/www.sportchaco.com.ar\/index.php?rest_route=%2Fwp%2Fv2%2Fcomments&post=27566"}],"version-history":[{"count":2,"href":"https:\/\/www.sportchaco.com.ar\/index.php?rest_route=\/wp\/v2\/posts\/27566\/revisions"}],"predecessor-version":[{"id":27599,"href":"https:\/\/www.sportchaco.com.ar\/index.php?rest_route=\/wp\/v2\/posts\/27566\/revisions\/27599"}],"wp:featuredmedia":[{"embeddable":true,"href":"https:\/\/www.sportchaco.com.ar\/index.php?rest_route=\/wp\/v2\/media\/27598"}],"wp:attachment":[{"href":"https:\/\/www.sportchaco.com.ar\/index.php?rest_route=%2Fwp%2Fv2%2Fmedia&parent=27566"}],"wp:term":[{"taxonomy":"category","embeddable":true,"href":"https:\/\/www.sportchaco.com.ar\/index.php?rest_route=%2Fwp%2Fv2%2Fcategories&post=27566"},{"taxonomy":"post_tag","embeddable":true,"href":"https:\/\/www.sportchaco.com.ar\/index.php?rest_route=%2Fwp%2Fv2%2Ftags&post=27566"}],"curies":[{"name":"wp","href":"https:\/\/api.w.org\/{rel}","templated":true}]}}