{"id":27569,"date":"2025-10-24T11:17:11","date_gmt":"2025-10-24T14:17:11","guid":{"rendered":"https:\/\/www.sportchaco.com.ar\/?p=27569"},"modified":"2025-10-24T12:26:32","modified_gmt":"2025-10-24T15:26:32","slug":"la-vuelta-de-pablo-quiroga-a-las-canchas","status":"publish","type":"post","link":"https:\/\/www.sportchaco.com.ar\/?p=27569","title":{"rendered":"La vuelta de Pablo Quiroga a las canchas"},"content":{"rendered":"<div class=\"container\">\n<div class=\"row\">\n<div class=\"col-md-8\">\n<div class=\"row\">\n<div class=\"col-md-12\">\n<h1><\/h1>\n<h6>Foto portada: Pablo Quiroga campe\u00f3n con Estudiantes en 1980<\/h6>\n<h1 class=\"my-4\">Pablo Oscar Quiroga quien volvi\u00f3 a la direcci\u00f3n t\u00e9cnica de Policiales, fue un extraordinario jugador, de un talento y un manejo de la cancha como pocos. El cl\u00e1sico 10, de t\u00e9cnica depurada, pegada exquisita y con la visi\u00f3n para jugar en equipo.<\/h1>\n<h6 class=\"my-4\">Tras superar algunos inconvenientes de salud, Pablo est\u00e1 donde m\u00e1s le gusta, que es una cancha de f\u00fatbol. Publicamos dos fotos, una el d\u00eda que se consagr\u00f3 campe\u00f3n de ascenso Estudiantes con un gol suyo el 18 de octubre de 1980, y otra fresquita (Foto programa Offside), en su regreso a los campos de jeugo como entrenador. Jug\u00f3 en Corrientes para Mandiy\u00fa y Boca Unidos. Hab\u00eda llegado al Chaco de la ma\u00f1no de Roberto Puppo, y era de las inferiores de \u00d1ewell&#8217;s.<\/h6>\n<p>&nbsp;<\/p>\n<\/div>\n<p><img loading=\"lazy\" decoding=\"async\" class=\"alignnone size-medium wp-image-27570\" src=\"https:\/\/www.sportchaco.com.ar\/wp-content\/uploads\/2025\/10\/Pablo-quiiroga-volvio-2025-300x212.jpg\" alt=\"\" width=\"300\" height=\"212\" srcset=\"https:\/\/www.sportchaco.com.ar\/wp-content\/uploads\/2025\/10\/Pablo-quiiroga-volvio-2025-300x212.jpg 300w, https:\/\/www.sportchaco.com.ar\/wp-content\/uploads\/2025\/10\/Pablo-quiiroga-volvio-2025-1024x724.jpg 1024w, https:\/\/www.sportchaco.com.ar\/wp-content\/uploads\/2025\/10\/Pablo-quiiroga-volvio-2025-768x543.jpg 768w, https:\/\/www.sportchaco.com.ar\/wp-content\/uploads\/2025\/10\/Pablo-quiiroga-volvio-2025.jpg 1440w\" sizes=\"auto, (max-width: 300px) 100vw, 300px\" \/> <img loading=\"lazy\" decoding=\"async\" class=\"alignnone size-medium wp-image-27571\" src=\"https:\/\/www.sportchaco.com.ar\/wp-content\/uploads\/2025\/10\/Pablo-Quiroga-en-Estudiantes-1980-231x300.jpg\" alt=\"\" width=\"231\" height=\"300\" srcset=\"https:\/\/www.sportchaco.com.ar\/wp-content\/uploads\/2025\/10\/Pablo-Quiroga-en-Estudiantes-1980-231x300.jpg 231w, https:\/\/www.sportchaco.com.ar\/wp-content\/uploads\/2025\/10\/Pablo-Quiroga-en-Estudiantes-1980-788x1024.jpg 788w, https:\/\/www.sportchaco.com.ar\/wp-content\/uploads\/2025\/10\/Pablo-Quiroga-en-Estudiantes-1980-768x998.jpg 768w, https:\/\/www.sportchaco.com.ar\/wp-content\/uploads\/2025\/10\/Pablo-Quiroga-en-Estudiantes-1980-1182x1536.jpg 1182w, https:\/\/www.sportchaco.com.ar\/wp-content\/uploads\/2025\/10\/Pablo-Quiroga-en-Estudiantes-1980.jpg 1217w\" sizes=\"auto, (max-width: 231px) 100vw, 231px\" \/><\/p>\n<div class=\"col-md-12\">\n<h1 class=\"my-4\">PABLO OSCAR QUIROGA<\/h1>\n<\/div>\n<\/div>\n<div class=\"row\">\n<div class=\"col-md-6\"><strong>Posici\u00f3n:<\/strong>\u00a0Volante<\/div>\n<div class=\"col-md-6\"><strong>Nacionalidad:<\/strong>\u00a0Argentina\u00a0<img loading=\"lazy\" decoding=\"async\" src=\"https:\/\/www.bdfa.com.ar\/banderas\/16\/Argentina.png\" width=\"16\" height=\"16\" \/><br \/>\n<strong>Fecha de nacimiento:<\/strong>\u00a07\/11\/1958 (<b>67<\/b>\u00a0a\u00f1os)<br \/>\n<strong>Lugar de Nacimiento:<\/strong>\u00a0Rosario (SFE)<\/div>\n<\/div>\n<div class=\"col-md-12 mt-3\">\n<p>&nbsp;<\/p>\n<\/div>\n<div class=\"table-responsive\">\n<table class=\"table\">\n<tbody>\n<tr>\n<th colspan=\"5\">\n<h4 class=\"alert alert-primary mt-2\">Torneo de Liga<\/h4>\n<\/th>\n<\/tr>\n<tr>\n<th colspan=\"5\">1979-1983<\/th>\n<\/tr>\n<tr>\n<td><img loading=\"lazy\" decoding=\"async\" title=\"Argentina\" src=\"https:\/\/www.bdfa.com.ar\/banderas\/16\/Argentina.png\" alt=\"Argentina\" width=\"16\" height=\"16\" \/>\u00a0<a href=\"https:\/\/www.bdfa.com.ar\/lista_jugadores.asp?codigo=46&amp;orden=pj&amp;cat=1\">Chaco For Ever<\/a>\u00a0(Resistencia)\u00a0<strong>&#8211; Primera Division<\/strong><\/td>\n<td class=\"px-1\">4<\/td>\n<td class=\"px-1\">0<\/td>\n<td class=\"px-1\">0,00<\/td>\n<\/tr>\n<tr>\n<th colspan=\"5\">1984<\/th>\n<\/tr>\n<tr>\n<td><img loading=\"lazy\" decoding=\"async\" title=\"Argentina\" src=\"https:\/\/www.bdfa.com.ar\/banderas\/16\/Argentina.png\" alt=\"Argentina\" width=\"16\" height=\"16\" \/>\u00a0<a href=\"https:\/\/www.bdfa.com.ar\/lista_jugadores.asp?codigo=107&amp;orden=pj&amp;cat=1\">Union General Pinedo<\/a>\u00a0(General Pinedo)\u00a0<strong>&#8211; Primera Division<\/strong><\/td>\n<td class=\"px-1\">5<\/td>\n<td class=\"px-1\">0<\/td>\n<td class=\"px-1\">0,00<\/td>\n<\/tr>\n<tr>\n<th colspan=\"5\">1986-1987<\/th>\n<\/tr>\n<tr>\n<td><img loading=\"lazy\" decoding=\"async\" title=\"Argentina\" src=\"https:\/\/www.bdfa.com.ar\/banderas\/16\/Argentina.png\" alt=\"Argentina\" width=\"16\" height=\"16\" \/>\u00a0<a href=\"https:\/\/www.bdfa.com.ar\/lista_jugadores.asp?codigo=54&amp;orden=pj&amp;cat=1\">Deportivo Mandiyu<\/a>\u00a0(Corrientes)\u00a0<strong>&#8211; Segunda Division \/ B Nacional<\/strong><\/td>\n<td class=\"px-1\">0<\/td>\n<td class=\"px-1\">0<\/td>\n<td class=\"px-1\">0,00<\/td>\n<\/tr>\n<tr>\n<th colspan=\"5\">1987-1991<\/th>\n<\/tr>\n<tr>\n<td><img loading=\"lazy\" decoding=\"async\" title=\"Argentina\" src=\"https:\/\/www.bdfa.com.ar\/banderas\/16\/Argentina.png\" alt=\"Argentina\" width=\"16\" height=\"16\" \/>\u00a0<a href=\"https:\/\/www.bdfa.com.ar\/lista_jugadores.asp?codigo=54&amp;orden=pj&amp;cat=1\">Deportivo Mandiyu<\/a>\u00a0(Corrientes)\u00a0<strong>&#8211; Primera Division<\/strong><\/td>\n<td class=\"px-1\">64<\/td>\n<td class=\"px-1\">2<\/td>\n<td class=\"px-1\">0,03<\/td>\n<\/tr>\n<tr>\n<th colspan=\"5\">\n<h4 class=\"alert alert-danger mt-2\">Resumen Estadistico<\/h4>\n<\/th>\n<\/tr>\n<tr>\n<td>Total Ligas<\/td>\n<td class=\"px-1\">73<\/td>\n<td class=\"px-1\">2<\/td>\n<td class=\"px-1\">0,03<\/td>\n<\/tr>\n<tr class=\"alert alert-danger\">\n<td><strong>Total<\/strong><\/td>\n<td class=\"px-1\"><strong>73<\/strong><\/td>\n<td class=\"px-1\"><strong>2<\/strong><\/td>\n<td class=\"px-1\"><strong>0,03<\/strong><\/td>\n<\/tr>\n<\/tbody>\n<\/table>\n<\/div>\n<div class=\"clearfix\"><img decoding=\"async\" src=\"https:\/\/www.diarionorte.com\/content\/bucket\/7\/232127w790h572c.jpg.webp\" alt=\"For Ever hist\u00f3rico: se cumplen 41 a\u00f1os del Regional ganado en Posadas | Diario Norte\" \/><\/div>\n<div class=\"row\">\n<div class=\"col-12\">\n<div class=\"vercompu\"><\/div>\n<\/div>\n<\/div>\n<\/div>\n<div class=\"col-md-4\">\n<div class=\"alert\" role=\"alert\">\n<p>&nbsp;<\/p>\n<\/div>\n<div class=\"col-md-12\">\n<header>\n<div>\n<h1>Pablo Quiroga y el ascenso de Mandiy\u00fa<\/h1>\n<div>\n<p>\u00abEl f\u00fatbol me dio todo, ser conocido en este mundo\u00bb, dijo uno de los integrantes de aquel equipo de Juan Manuel Guerra.<\/p>\n<\/div>\n<div class=\"meta\"><\/div>\n<\/div>\n<\/header>\n<section class=\"body\">\n<section class=\"content\">\n<div class=\"main-text\">\n<div class=\"social\">\n<div class=\"share\"><\/div>\n<\/div>\n<p>El 21 de mayo pasado se cumplieron 37 a\u00f1os del logro m\u00e1s importante para el f\u00fatbol correntino: el ascenso de Deportivo Mandiy\u00fa a la Primera Divisi\u00f3n del<\/p>\n<div class=\"left medium m_image\">\n<figure><picture><source srcset=\"https:\/\/www.nortecorrientes.com\/content\/bucket\/2\/376052w380h287c.jpg.webp\" type=\"image\/webp\" media=\"(min-width: 640px)\" \/><source srcset=\"https:\/\/www.nortecorrientes.com\/content\/bucket\/2\/376052w440h333c.jpg.webp\" type=\"image\/webp\" media=\"(min-width: 300px)\" \/><source srcset=\"https:\/\/www.nortecorrientes.com\/content\/bucket\/2\/376052w380h287c.jpg\" media=\"(min-width: 300px)\" \/><img loading=\"lazy\" decoding=\"async\" class=\"pic\" src=\"https:\/\/www.nortecorrientes.com\/content\/bucket\/2\/376052w380h287c.jpg.webp\" alt=\"\" width=\"380\" height=\"287\" \/><\/picture><figcaption><strong>Pablo Oscar Quiroga.<\/strong><\/figcaption><\/figure>\n<\/div>\n<p>f\u00fatbol argentino.<br \/>\nA la \u00faltima fecha llegaron Quilmes y Mandiy\u00fa para definir en la cancha del Cervecero. El local, urgido de un triunfo, y el Albo sabiendo que con el empate le alcanzaba.<br \/>\nPablo Oscar Quiroga record\u00f3 aquella haza\u00f1a para Corrientes y la regi\u00f3n. \u00abFue un momento \u00fanico e inolvidable para todos. Para nosotros m\u00e1s que nada, los que \u00e9ramos jugadores locales, vivir un momento como el que se vivi\u00f3, porque pasamos de ser jugadores locales a ser jugadores profesionales. Hoy con el tiempo le damos m\u00e1s valor de haber conseguido algo hist\u00f3rico para la provincia, y por supuesto para cada uno de nosotros fue lo m\u00e1s hermoso que nos ha pasado en la vida futbol\u00edstica\u00bb, arranc\u00f3 diciendo en di\u00e1logo con radio Sudamericana.<\/p>\n<p>Este zurdo nacido en Rosario hace 65 a\u00f1os record\u00f3: \u00abEra impensado llegar a donde llegamos, mantenernos en un lugar as\u00ed, porque despu\u00e9s estuvimos en Primera tantos a\u00f1os. Sin embargo lo logramos con cosas importantes, como el ascenso en s\u00ed, despu\u00e9s ir a la cancha de Boca, River, momentos \u00fanicos que para ese momento de Corrientes era \u00fanico. Es algo que queda en la historia nuestra, en nuestro coraz\u00f3n y en el recuerdo\u00bb.<\/p>\n<p>Alguna vez se lo bautiz\u00f3 como due\u00f1o de una zurda m\u00e1gica y su idolatr\u00eda. \u00abHasta el d\u00eda de hoy cada vez que voy a Corrientes, la gente me demuestra el cari\u00f1o y el amor que me tuvieron y me siguen teniendo. Eramos un equipo de hombres que se plantaba en cualquier cancha; siempre tomo como par\u00e1metro cuando nos toc\u00f3 jugar con Col\u00f3n, un partido dif\u00edcil, porque estaban a un punto nuestro, una cancha dur\u00edsima, se gan\u00f3 ese partido y creo que ah\u00ed ya tuvimos el 80% del ascenso en nuestros bolsillos. Ten\u00edamos jugadores con mucho car\u00e1cter que nos dieron ese salto de calidad, que todo equipo necesita, como Pedro Barrios, Oddine, Coquito\u00bb.<\/p>\n<p>Sobre el DT Juan Manuel Guerra dijo: \u00abFue el t\u00e9cnico que nos encamin\u00f3, que nos corrigi\u00f3, nos ayud\u00f3, nos dio ese salto de pensar lo que era una t\u00e1ctica, un trabajo en conjunto, y don Eduardo Seferian nos dio la posibilidad de vivir de este deporte y de jerarquizarnos. Se merece un gran respeto y mucha admiraci\u00f3n\u00bb.<\/p>\n<\/div>\n<\/section>\n<\/section>\n<\/div>\n<div class=\"col-md-12\">\n<p class=\"my-3\">\n<\/div>\n<\/div>\n<\/div>\n<\/div>\n<div id=\"zone_1375981006\"><\/div>\n<section id=\"footer\">\n<div class=\"container\">\n<div class=\"row\">\n<div class=\"col-xs-12 col-sm-12 col-md-12 mt-2 mt-sm-2 text-center text-white\"><\/div>\n<\/div>\n<\/div>\n<\/section>\n","protected":false},"excerpt":{"rendered":"<p>Foto portada: Pablo Quiroga campe\u00f3n con Estudiantes en 1980 Pablo Oscar Quiroga quien volvi\u00f3 a la direcci\u00f3n t\u00e9cnica de Policiales, fue un extraordinario jugador, de un talento y un manejo de la cancha como pocos. El cl\u00e1sico 10, de t\u00e9cnica depurada, pegada exquisita y con la visi\u00f3n para jugar en equipo. Tras superar algunos inconvenientes &hellip;<\/p>\n","protected":false},"author":2,"featured_media":27573,"comment_status":"open","ping_status":"open","sticky":false,"template":"","format":"standard","meta":{"footnotes":""},"categories":[1,78],"tags":[],"class_list":["post-27569","post","type-post","status-publish","format-standard","has-post-thumbnail","hentry","category-fotos-del-recuerdo","category-historias"],"_links":{"self":[{"href":"https:\/\/www.sportchaco.com.ar\/index.php?rest_route=\/wp\/v2\/posts\/27569","targetHints":{"allow":["GET"]}}],"collection":[{"href":"https:\/\/www.sportchaco.com.ar\/index.php?rest_route=\/wp\/v2\/posts"}],"about":[{"href":"https:\/\/www.sportchaco.com.ar\/index.php?rest_route=\/wp\/v2\/types\/post"}],"author":[{"embeddable":true,"href":"https:\/\/www.sportchaco.com.ar\/index.php?rest_route=\/wp\/v2\/users\/2"}],"replies":[{"embeddable":true,"href":"https:\/\/www.sportchaco.com.ar\/index.php?rest_route=%2Fwp%2Fv2%2Fcomments&post=27569"}],"version-history":[{"count":1,"href":"https:\/\/www.sportchaco.com.ar\/index.php?rest_route=\/wp\/v2\/posts\/27569\/revisions"}],"predecessor-version":[{"id":27572,"href":"https:\/\/www.sportchaco.com.ar\/index.php?rest_route=\/wp\/v2\/posts\/27569\/revisions\/27572"}],"wp:featuredmedia":[{"embeddable":true,"href":"https:\/\/www.sportchaco.com.ar\/index.php?rest_route=\/wp\/v2\/media\/27573"}],"wp:attachment":[{"href":"https:\/\/www.sportchaco.com.ar\/index.php?rest_route=%2Fwp%2Fv2%2Fmedia&parent=27569"}],"wp:term":[{"taxonomy":"category","embeddable":true,"href":"https:\/\/www.sportchaco.com.ar\/index.php?rest_route=%2Fwp%2Fv2%2Fcategories&post=27569"},{"taxonomy":"post_tag","embeddable":true,"href":"https:\/\/www.sportchaco.com.ar\/index.php?rest_route=%2Fwp%2Fv2%2Ftags&post=27569"}],"curies":[{"name":"wp","href":"https:\/\/api.w.org\/{rel}","templated":true}]}}