{"id":27612,"date":"2025-10-25T18:57:46","date_gmt":"2025-10-25T21:57:46","guid":{"rendered":"https:\/\/www.sportchaco.com.ar\/?p=27612"},"modified":"2025-10-25T18:59:14","modified_gmt":"2025-10-25T21:59:14","slug":"handball-la-comision-nacional-de-arbitraje-de-la-cah-capacito-a-plantillas-en-el-chaco","status":"publish","type":"post","link":"https:\/\/www.sportchaco.com.ar\/?p=27612","title":{"rendered":"Handball: La comisi\u00f3n nacional de arbitraje de la CAH capacit\u00f3 a plantillas en el Chaco"},"content":{"rendered":"<h5>Del jueves al s\u00e1bado, se realizaron en Resistencia tres jornadas intensivas de actualizaci\u00f3n reglamentaria y observaci\u00f3n f\u00edsica y t\u00e9cnica a cargo de Alexis Salera, secretario de la Comisi\u00f3n Nacional de Arbitraje de la Confederaci\u00f3n Argentina de Handball de toda la plantilla arbitral de Chaco, y Corrientes.<\/h5>\n<p>El cordob\u00e9s es \u00e1rbitro nacional e internacional, capacitador, observador arbitral y delegado t\u00e9cnico con destacada trayectoria<br \/>\nEl ciclo fue organizado en forma conjunta con la Asociaci\u00f3n Chaque\u00f1a de Handball. El proceso de capacitaci\u00f3n tuvo tres bloques te\u00f3ricos, evaluaciones de capacidades f\u00edsicas y observaciones en cancha durante los partidos de la Liga Provincial. Se abordaron los principales criterios de interpretaci\u00f3n de reglas vigentes, actualizaciones reglamentarias IHF, protocolos de comunicaci\u00f3n arbitral, gesti\u00f3n de situaciones de alta exigencia y alineamientos t\u00e9cnicos para el desarrollo de la funci\u00f3n arbitral en el contexto nacional e internacional.<\/p>\n<p>&nbsp;<\/p>\n<p><img decoding=\"async\" src=\"https:\/\/scontent.fcnq2-1.fna.fbcdn.net\/v\/t39.30808-6\/569268493_122110398075022572_1113060423233521971_n.jpg?_nc_cat=107&amp;ccb=1-7&amp;_nc_sid=127cfc&amp;_nc_ohc=jGBrT0ZcNmMQ7kNvwFmyVpT&amp;_nc_oc=AdlCMtlvBxrSeGSdDs23s-BaiVh6FwMW1ngkxI0ffn-CB7KSQg1OfV578dk390goi98&amp;_nc_zt=23&amp;_nc_ht=scontent.fcnq2-1.fna&amp;_nc_gid=TucltnAYo0nsOoDCex33dg&amp;oh=00_AfcaApamKgTe9ZwqIA_-6ZXM-m9NM7t0BOegSTlZND7WIQ&amp;oe=69030F1D\" alt=\"Puede ser una imagen de f\u00fatbol y b\u00e1squet\" \/><br \/>\nFueron capacitados 14 \u00e1rbitros provinciales que optimizan la calidad de sus acciones en el Colegio Arbitral Chaque\u00f1o que dirige la profesora Antonella Pedemonte. Adem\u00e1s participaron 4 de la Asociaci\u00f3n Correntina y entrenadores locales.<br \/>\nCabe destacar que la ASOCHAH sum\u00f3 esta propuesta a las que ya lleva adelante en el marco de un convenio interinstitucional con el Instituto del Profesorado de Educaci\u00f3n F\u00edsica (IESEF) que ya permiti\u00f3 dictar un \u201cCurso Inicial de Arbitraje de Handball\u201d en 2024 y su segunda cohorte que inici\u00f3 hace una semana y se prolongar\u00e1 hasta diciembre.<\/p>\n<p><img decoding=\"async\" src=\"https:\/\/scontent.fcnq2-2.fna.fbcdn.net\/v\/t39.30808-6\/571125199_122110398105022572_6781135064985635364_n.jpg?_nc_cat=110&amp;ccb=1-7&amp;_nc_sid=127cfc&amp;_nc_ohc=RXsbiEAGpoQQ7kNvwESK6jW&amp;_nc_oc=Admuw3mSbQ98gAzZbr--LSrL8ALLhBNcpTXm79ya4g429uCzNbC2UL6UJjr6hognW5U&amp;_nc_zt=23&amp;_nc_ht=scontent.fcnq2-2.fna&amp;_nc_gid=HUPHTWRfWSMjHxnMR5Gecg&amp;oh=00_Afc_ZyeSWtg49KQ-CGBdqdusEo-EKIu9g1d4X31H8ybMgg&amp;oe=69032EB3\" alt=\"Puede ser una imagen de b\u00e1squet\" \/><\/p>\n<p>Pablo Mujica, presidente del ente rector del balonmano chaque\u00f1o agradeci\u00f3 \u201ca la Confederaci\u00f3n Argentina de Handball y su Comisi\u00f3n Nacional de Arbitraje por pensar en el desarrollo federal de nuestra disciplina y sumarse a estas propuestas que mejoran el accionar arbitral y por lo tanto nuestro deporte en forma integral\u201d.<br \/>\nAsimismo \u201cel agradecimiento a Alexis Salera, como jefe regional de la CNA por la calidad de la capacitaci\u00f3n transversal a toda la plantilla arbitral, algunos con d\u00e9cadas de experiencia y otros que empiezan en esta responsabilidad de ser autoridades de juego.\u201d<\/p>\n<p>&nbsp;<\/p>\n","protected":false},"excerpt":{"rendered":"<p>Del jueves al s\u00e1bado, se realizaron en Resistencia tres jornadas intensivas de actualizaci\u00f3n reglamentaria y observaci\u00f3n f\u00edsica y t\u00e9cnica a cargo de Alexis Salera, secretario de la Comisi\u00f3n Nacional de Arbitraje de la Confederaci\u00f3n Argentina de Handball de toda la plantilla arbitral de Chaco, y Corrientes. El cordob\u00e9s es \u00e1rbitro nacional e internacional, capacitador, observador &hellip;<\/p>\n","protected":false},"author":2,"featured_media":27614,"comment_status":"open","ping_status":"open","sticky":false,"template":"","format":"standard","meta":{"footnotes":""},"categories":[54],"tags":[],"class_list":["post-27612","post","type-post","status-publish","format-standard","has-post-thumbnail","hentry","category-handball"],"_links":{"self":[{"href":"https:\/\/www.sportchaco.com.ar\/index.php?rest_route=\/wp\/v2\/posts\/27612","targetHints":{"allow":["GET"]}}],"collection":[{"href":"https:\/\/www.sportchaco.com.ar\/index.php?rest_route=\/wp\/v2\/posts"}],"about":[{"href":"https:\/\/www.sportchaco.com.ar\/index.php?rest_route=\/wp\/v2\/types\/post"}],"author":[{"embeddable":true,"href":"https:\/\/www.sportchaco.com.ar\/index.php?rest_route=\/wp\/v2\/users\/2"}],"replies":[{"embeddable":true,"href":"https:\/\/www.sportchaco.com.ar\/index.php?rest_route=%2Fwp%2Fv2%2Fcomments&post=27612"}],"version-history":[{"count":3,"href":"https:\/\/www.sportchaco.com.ar\/index.php?rest_route=\/wp\/v2\/posts\/27612\/revisions"}],"predecessor-version":[{"id":27616,"href":"https:\/\/www.sportchaco.com.ar\/index.php?rest_route=\/wp\/v2\/posts\/27612\/revisions\/27616"}],"wp:featuredmedia":[{"embeddable":true,"href":"https:\/\/www.sportchaco.com.ar\/index.php?rest_route=\/wp\/v2\/media\/27614"}],"wp:attachment":[{"href":"https:\/\/www.sportchaco.com.ar\/index.php?rest_route=%2Fwp%2Fv2%2Fmedia&parent=27612"}],"wp:term":[{"taxonomy":"category","embeddable":true,"href":"https:\/\/www.sportchaco.com.ar\/index.php?rest_route=%2Fwp%2Fv2%2Fcategories&post=27612"},{"taxonomy":"post_tag","embeddable":true,"href":"https:\/\/www.sportchaco.com.ar\/index.php?rest_route=%2Fwp%2Fv2%2Ftags&post=27612"}],"curies":[{"name":"wp","href":"https:\/\/api.w.org\/{rel}","templated":true}]}}