{"id":27617,"date":"2025-10-25T19:07:48","date_gmt":"2025-10-25T22:07:48","guid":{"rendered":"https:\/\/www.sportchaco.com.ar\/?p=27617"},"modified":"2025-10-25T19:07:48","modified_gmt":"2025-10-25T22:07:48","slug":"colapinto-finalizo-ultimo-la-clasificacion-en-mexico","status":"publish","type":"post","link":"https:\/\/www.sportchaco.com.ar\/?p=27617","title":{"rendered":"Colapinto finaliz\u00f3 \u00faltimo la clasificaci\u00f3n en M\u00e9xico"},"content":{"rendered":"<div class=\"nota__heading\">\n<h1 class=\"nota__heading__title\"><\/h1>\n<div class=\"nota__heading__author\">\n<p>&nbsp;<\/p>\n<p>25-10-2025<\/p><\/div>\n<\/div>\n<div class=\"nota__main-media\">\n<div class=\"nota__image\"><\/div>\n<div class=\"nota__main-media__legend\"><\/div>\n<\/div>\n<div class=\"nota__body\">\n<div class=\"container\">\n<div class=\"row\">\n<div class=\"eg-grid eg-grid--content\">\n<div class=\"eg-cell__1-1\">\n<div class=\"col-xs-24 col-sm-4 eg-social eg-social--vert\">\n<div class=\"addthis_sharing_toolbox nota_body_social\"><\/div>\n<\/div>\n<\/div>\n<div class=\"eg-cell__2-1\">\n<p><strong><a href=\"https:\/\/www.google.com\/url?sa=t&amp;source=web&amp;rct=j&amp;opi=89978449&amp;url=https:\/\/www.elgrafico.com.ar\/etiqueta\/franco%2520colapinto&amp;ved=2ahUKEwiB-LuOlMCQAxUYqZUCHYa9IcoQFnoECAwQAQ&amp;usg=AOvVaw1qslALabf2aXt6qORKvT4r\">FRANCO COLAPINTO<\/a>\u00a0<\/strong>no tuvo una buena<strong>\u00a0clasificaci\u00f3n en el Aut\u00f3dromo Hermanos Rodr\u00edguez de M\u00e9xico, donde finaliz\u00f3 \u00faltimo y dos puestos por detr\u00e1s de su compa\u00f1ero, Pierre Gasly.<\/strong><\/p>\n<p>El argentino llegaba\u00a0con expectativas tras haber tenido un excelente viernes, donde finaliz\u00f3\u00a0<strong>noveno en la pr\u00e1ctica uno<\/strong>. Sin embargo, la\u00a0<strong>poca potencia del Alpine junto con un fuerte error en la curva tres durante su tercera salida le impidieron pasar a la Q2.<\/strong><\/p>\n<p>&nbsp;<\/p>\n<p><strong>El pilarense sell\u00f3 un tiempo de 1:17.670<\/strong>, casi un segundo por detr\u00e1s del l\u00edder Isack Hadjar, quien aprovech\u00f3 la mejor\u00eda de temperatura \u00a0de\u00a0la pista para lograr un excelente tiempo.<\/p>\n<p><strong>Max Verstappen, los McLaren de Lando Norris y Oscar Piastri\u00a0y Charles Leclerc<\/strong>, de hasta ahora excelente rendimiento en el circuito, son los candidatos a quedarse con la pole.<\/p>\n<p>&nbsp;<\/p>\n<\/div>\n<\/div>\n<\/div>\n<\/div>\n<\/div>\n","protected":false},"excerpt":{"rendered":"<p>&nbsp; 25-10-2025 FRANCO COLAPINTO\u00a0no tuvo una buena\u00a0clasificaci\u00f3n en el Aut\u00f3dromo Hermanos Rodr\u00edguez de M\u00e9xico, donde finaliz\u00f3 \u00faltimo y dos puestos por detr\u00e1s de su compa\u00f1ero, Pierre Gasly. El argentino llegaba\u00a0con expectativas tras haber tenido un excelente viernes, donde finaliz\u00f3\u00a0noveno en la pr\u00e1ctica uno. Sin embargo, la\u00a0poca potencia del Alpine junto con un fuerte error en &hellip;<\/p>\n","protected":false},"author":2,"featured_media":27618,"comment_status":"open","ping_status":"open","sticky":false,"template":"","format":"standard","meta":{"footnotes":""},"categories":[2],"tags":[],"class_list":["post-27617","post","type-post","status-publish","format-standard","has-post-thumbnail","hentry","category-automovilismo"],"_links":{"self":[{"href":"https:\/\/www.sportchaco.com.ar\/index.php?rest_route=\/wp\/v2\/posts\/27617","targetHints":{"allow":["GET"]}}],"collection":[{"href":"https:\/\/www.sportchaco.com.ar\/index.php?rest_route=\/wp\/v2\/posts"}],"about":[{"href":"https:\/\/www.sportchaco.com.ar\/index.php?rest_route=\/wp\/v2\/types\/post"}],"author":[{"embeddable":true,"href":"https:\/\/www.sportchaco.com.ar\/index.php?rest_route=\/wp\/v2\/users\/2"}],"replies":[{"embeddable":true,"href":"https:\/\/www.sportchaco.com.ar\/index.php?rest_route=%2Fwp%2Fv2%2Fcomments&post=27617"}],"version-history":[{"count":1,"href":"https:\/\/www.sportchaco.com.ar\/index.php?rest_route=\/wp\/v2\/posts\/27617\/revisions"}],"predecessor-version":[{"id":27619,"href":"https:\/\/www.sportchaco.com.ar\/index.php?rest_route=\/wp\/v2\/posts\/27617\/revisions\/27619"}],"wp:featuredmedia":[{"embeddable":true,"href":"https:\/\/www.sportchaco.com.ar\/index.php?rest_route=\/wp\/v2\/media\/27618"}],"wp:attachment":[{"href":"https:\/\/www.sportchaco.com.ar\/index.php?rest_route=%2Fwp%2Fv2%2Fmedia&parent=27617"}],"wp:term":[{"taxonomy":"category","embeddable":true,"href":"https:\/\/www.sportchaco.com.ar\/index.php?rest_route=%2Fwp%2Fv2%2Fcategories&post=27617"},{"taxonomy":"post_tag","embeddable":true,"href":"https:\/\/www.sportchaco.com.ar\/index.php?rest_route=%2Fwp%2Fv2%2Ftags&post=27617"}],"curies":[{"name":"wp","href":"https:\/\/api.w.org\/{rel}","templated":true}]}}