{"id":2765,"date":"2023-11-12T23:19:00","date_gmt":"2023-11-13T02:19:00","guid":{"rendered":"https:\/\/www.sportchaco.com.ar\/?p=2765"},"modified":"2023-11-12T23:19:30","modified_gmt":"2023-11-13T02:19:30","slug":"2765","status":"publish","type":"post","link":"https:\/\/www.sportchaco.com.ar\/?p=2765","title":{"rendered":"Colon gole\u00f3 a Talleres y escapa de la zona roja"},"content":{"rendered":"<h1 class=\"\">Col\u00f3n gole\u00f3 a Talleres y sali\u00f3 de la zona de descenso<\/h1>\n<p>El Sabalero venci\u00f3 3-0 a la T con los tantos de Baldomero Perlaza, Ram\u00f3n \u00c1bila y Tom\u00e1s Galv\u00e1n en el Cementerio de los Elefantes por la fecha 13\u00b0. Con este triunfo, sali\u00f3 de la zona de descenso hasta que juegue su cl\u00e1sico Uni\u00f3n y alcanz\u00f3 la l\u00ednea de los 45 puntos en la tabla anual.<\/p>\n<div>\n<div id=\"carouselExampleControls\" class=\"carousel slide\" data-ride=\"carousel\">\n<div class=\"carousel-inner\">\n<div class=\"carousel-item active\"><img decoding=\"async\" class=\"d-block w-100\" src=\"http:\/\/agenciafoco.com.ar\/media\/cache\/quality\/uploads\/noticias\/6551320b961af266214690.jpg\" \/><\/div>\n<\/div>\n<\/div>\n<p>El Sabalero gan\u00f3 un partido clave, en su casa, y se ilusiona con quedarse en la Liga Profesional<\/p>\n<p>&nbsp;<\/p>\n<\/div>\n<p>&nbsp;<\/p>\n<div class=\"sharethis-inline-share-buttons pb-3\"><\/div>\n<p>Col\u00f3n gole\u00f3 3-0 a Talleres en el Cementerio de los Elefantes por la fecha 13 de la Copa de la Liga Profesional con los tantos de Baldomero Perlaza, Ram\u00f3n \u00c1bila y Tom\u00e1s Galv\u00e1n. Con este triunfo, sali\u00f3 de la zona de descenso hasta que juegue su cl\u00e1sico Uni\u00f3n y alcanz\u00f3 la l\u00ednea de los 45 puntos en la tabla anual (comparte con Gimnasia y Sarmiento).<\/p>\n<p>A los de Israel Damonte se le viene otra final en la \u00faltima contra V\u00e9lez en el Jos\u00e9 Amalfitani. Mientras tanto, super\u00f3 a Rosario Central por diferencia de gol en la Zona A y se est\u00e1 metiendo entre los ocho mejores del campeonato.<\/p>\n<p>Por su parte, el Tallar\u00edn no levanta cabeza. Acumula ocho sin ganar y recibir\u00e1 a Independiente en la 14. Adem\u00e1s, puso en riesgo su clasificaci\u00f3n a la Copa Libertadores: matem\u00e1ticamente todav\u00eda puede quedar afuera. Este domingo, perdi\u00f3 sus posibilidades en la actual Copa de la Liga; con 14 unidades, est\u00e1 eliminado.<\/p>\n<p>&nbsp;<\/p>\n<h3>Partido caliente<\/h3>\n<p>El Sabalero sorprendi\u00f3 a la T en el amanecer del partido con dos baldazos de agua fr\u00eda. Sali\u00f3 a jugarlo como lo que era: una final por la permanencia. Incentivado por el aliento de su p\u00fablico, se llev\u00f3 puesto al conjunto cordob\u00e9s. Tras una buena proyecci\u00f3n de Gian Nardelli y una mejor asistencia de Wanchope, el volante colombiano la empuj\u00f3 con el arco vac\u00edo. Y no lo dej\u00f3 ni recuperarse de ese golpe. A los pocos minutos, cay\u00f3 el segundo. Esta vez, tras una gran resoluci\u00f3n individual del ex Boca y Hurac\u00e1n.<\/p>\n<p>El encuentro fue perdiendo el alto voltaje del arranque, claro est\u00e1. Era insostenible el empuje y la furia del Negro durante toda la etapa inicial. De esta manera, se fue acomodando la visita en el juego. Avanz\u00f3 en el terreno y cort\u00f3 todos los circuitos de su rival. Inclusive, Mat\u00edas Ib\u00e1\u00f1ez tuvo que aparecer para defender el cero.<\/p>\n<p>Sin tanta claridad, pero con actitud y garra de sobra, los santafesinos manejaron los tiempos del partido. Uno de los sorprendentes goleadores en esta temporada apareci\u00f3 para concretar el tercero. Porque as\u00ed fue el juego de Col\u00f3n. Llegar y convertir. No perdonar. Y Galv\u00e1n no perdon\u00f3.<\/p>\n<p>Desconcertado, abrumado por la goleada, casi con la derrota consumada, la T no volvi\u00f3 a encontrar su juego en ning\u00fan momento. Apenas alg\u00fan arresto individual de Rodrigo Garro o alg\u00fan disparo aislado amagaron con un lejano descuento. Nada le sal\u00eda a los de Gandolfi. Ni siquiera a una de sus figuras, que regres\u00f3 para este partido, Ram\u00f3n Sosa.<\/p>\n<p>Sobre el final, la visita se qued\u00f3 sin piernas y el Negro, crecido en \u00e1nimo y confianza, estuvo mucho m\u00e1s cerca de coronar una hist\u00f3rica goleada que de recibir el descuento. El colombiano Perlaza creci\u00f3 como figura del partido y casi concreta su doblete.<\/p>\n<p><em>Fuente: TyC Sports\u00a0<\/em><\/p>\n<p>&nbsp;<\/p>\n","protected":false},"excerpt":{"rendered":"<p>Col\u00f3n gole\u00f3 a Talleres y sali\u00f3 de la zona de descenso El Sabalero venci\u00f3 3-0 a la T con los tantos de Baldomero Perlaza, Ram\u00f3n \u00c1bila y Tom\u00e1s Galv\u00e1n en el Cementerio de los Elefantes por la fecha 13\u00b0. Con este triunfo, sali\u00f3 de la zona de descenso hasta que juegue su cl\u00e1sico Uni\u00f3n y &hellip;<\/p>\n","protected":false},"author":2,"featured_media":0,"comment_status":"open","ping_status":"open","sticky":false,"template":"","format":"standard","meta":{"footnotes":""},"categories":[47],"tags":[],"class_list":["post-2765","post","type-post","status-publish","format-standard","hentry","category-nacionales"],"_links":{"self":[{"href":"https:\/\/www.sportchaco.com.ar\/index.php?rest_route=\/wp\/v2\/posts\/2765","targetHints":{"allow":["GET"]}}],"collection":[{"href":"https:\/\/www.sportchaco.com.ar\/index.php?rest_route=\/wp\/v2\/posts"}],"about":[{"href":"https:\/\/www.sportchaco.com.ar\/index.php?rest_route=\/wp\/v2\/types\/post"}],"author":[{"embeddable":true,"href":"https:\/\/www.sportchaco.com.ar\/index.php?rest_route=\/wp\/v2\/users\/2"}],"replies":[{"embeddable":true,"href":"https:\/\/www.sportchaco.com.ar\/index.php?rest_route=%2Fwp%2Fv2%2Fcomments&post=2765"}],"version-history":[{"count":2,"href":"https:\/\/www.sportchaco.com.ar\/index.php?rest_route=\/wp\/v2\/posts\/2765\/revisions"}],"predecessor-version":[{"id":2767,"href":"https:\/\/www.sportchaco.com.ar\/index.php?rest_route=\/wp\/v2\/posts\/2765\/revisions\/2767"}],"wp:attachment":[{"href":"https:\/\/www.sportchaco.com.ar\/index.php?rest_route=%2Fwp%2Fv2%2Fmedia&parent=2765"}],"wp:term":[{"taxonomy":"category","embeddable":true,"href":"https:\/\/www.sportchaco.com.ar\/index.php?rest_route=%2Fwp%2Fv2%2Fcategories&post=2765"},{"taxonomy":"post_tag","embeddable":true,"href":"https:\/\/www.sportchaco.com.ar\/index.php?rest_route=%2Fwp%2Fv2%2Ftags&post=2765"}],"curies":[{"name":"wp","href":"https:\/\/api.w.org\/{rel}","templated":true}]}}