{"id":27710,"date":"2025-10-27T23:29:59","date_gmt":"2025-10-28T02:29:59","guid":{"rendered":"https:\/\/www.sportchaco.com.ar\/?p=27710"},"modified":"2025-10-28T11:44:41","modified_gmt":"2025-10-28T14:44:41","slug":"alfonso-pili-pared-el-corazon-criollo-que-sigue-latiendo-por-el-boxeo-chaqueno","status":"publish","type":"post","link":"https:\/\/www.sportchaco.com.ar\/?p=27710","title":{"rendered":"Alfonso \u00abPili\u00bb Pared: El coraz\u00f3n criollo que sigue latiendo por el boxeo chaque\u00f1o"},"content":{"rendered":"<p><strong>29FOTO PORTADA: Pili Pared con la Tigresa Acul\u00f1a en su \u00faltima visita a Resistencia<\/strong><\/p>\n<h5>\u00a0Quienes conocen la geograf\u00eda box\u00edstica del Chaco, saben que no todos los gimnasios tienen cemento, ni luces de ne\u00f3n, ni lujos. El verdadero templo de del Riacho Araz\u00e1, ese donde se forjan sue\u00f1os con la simpleza de la tierra y la m\u00edstica de la naturaleza, tiene un nombre: <strong>Alfonso \u201cPili\u201d Pared.<\/strong><\/h5>\n<p>Hoy, mientras el maestro de formadores libra una de sus peleas m\u00e1s importantes \u2014recuper\u00e1ndose de un reciente ACV\u2014, el mundo del deporte provincial se une en un homenaje a este hombre que, m\u00e1s que un entrenador, es un visionario, un guardi\u00e1n de la juventud y un fan\u00e1tico irredimible de la disciplina.<\/p>\n<p><img loading=\"lazy\" decoding=\"async\" class=\"aligncenter\" src=\"https:\/\/scontent.fcnq2-1.fna.fbcdn.net\/v\/t39.30808-6\/571143018_122110755477022572_1353837874613553806_n.jpg?_nc_cat=100&amp;ccb=1-7&amp;_nc_sid=127cfc&amp;_nc_ohc=WuQ8oTP5PlEQ7kNvwG96-ml&amp;_nc_oc=AdlBr-ZbziyA5krMkD4RqcTbYbXbf1XAMuv1sXtNgurbV6kQ5fEE1vLMiNyQYGpq1bQ&amp;_nc_zt=23&amp;_nc_ht=scontent.fcnq2-1.fna&amp;_nc_gid=OaoYR8SPGeOpsxVR7BslsA&amp;oh=00_Afd1L5dpZd6suhPv1TJ6ifmzkQxQxASNz5EzZoCgLmFYsw&amp;oe=6905DCF5\" alt=\"Puede ser una imagen de texto\" width=\"573\" height=\"806\" \/><\/p>\n<p>&nbsp;<\/p>\n<p><strong>El Templo de la Sabidur\u00eda Criolla<\/strong><\/p>\n<p>En 1985, este cronista describ\u00eda el gimnasio de Pared como \u00abincre\u00edble\u00bb: un cuadril\u00e1tero delimitado por sogas amarradas a dos \u00e1rboles, bolsas protegidas con arpillera y un techo tupido de ramas. Un lugar, seg\u00fan \u00abPili\u00bb, con la propiedad del Cementerio y el alma de la Villa.<\/p>\n<p>\u00abYo creo ser un enamorado del boxeo, pero un p\u00e9simo empresario\u00bb, confesaba con humildad hace d\u00e9cadas. Su riqueza, sin embargo, nunca se midi\u00f3 en dinero: \u00abEste es un grupo humilde pero noble. Por eso el \u00e9xito de uno es compartido por todos\u00bb.<\/p>\n<p>\u00abPili\u00bb encarn\u00f3 una filosof\u00eda radical: alejar a los j\u00f3venes de la \u00abvagancia y las malas compa\u00f1\u00edas\u00bb a trav\u00e9s del rigor del boxeo. El ring, para \u00e9l, siempre fue una escuela de vida.<\/p>\n<p><img loading=\"lazy\" decoding=\"async\" class=\"aligncenter\" src=\"https:\/\/scontent.fcnq2-2.fna.fbcdn.net\/v\/t39.30808-6\/574298977_122110755399022572_1314070698418136675_n.jpg?_nc_cat=110&amp;ccb=1-7&amp;_nc_sid=127cfc&amp;_nc_ohc=ZGNv7y66F1oQ7kNvwFZydk3&amp;_nc_oc=AdkKVX3eAuyEvbkCzGVLVRiWHImYyHHZHKjd4O_SPqxEWX3n9mN2Xdkq56nTiXRfV5w&amp;_nc_zt=23&amp;_nc_ht=scontent.fcnq2-2.fna&amp;_nc_gid=SHwH1X_vS1ph6Oe6Pr_21Q&amp;oh=00_AffSFIIrw0PAON65hsp0bAH2OEb6vDevABn23ism-ZUCQg&amp;oe=6905DE1C\" alt=\"Puede ser una imagen de texto que dice &quot;ATZ SPORT LA CHACO&quot;\" width=\"633\" height=\"682\" \/><\/p>\n<p style=\"text-align: center;\"><strong>Con el inovidable Nicolino Locche<\/strong><\/p>\n<p><strong>Forjador de Sue\u00f1os y Campeones<\/strong><\/p>\n<p>Bajo su batuta, surgieron talentos que trascendieron la modestia del club. El caso m\u00e1s emblem\u00e1tico es el de <strong>Jos\u00e9 Cubilla<\/strong>, el pugilista profesional que so\u00f1aba a los 25 a\u00f1os con ser campe\u00f3n, y a quien Pared guio en 18 peleas profesionales con triunfos resonantes.<\/p>\n<p>Para Cubilla, la humildad era la clave, pero la ense\u00f1anza ven\u00eda del maestro. Como le dijo a este medio antes de una pelea clave: \u00abConf\u00edo en mi cintura, mi &#8216;contra&#8217; y en lo que me diga Pili, que conoce a [su rival] mucho mejor que yo. S\u00e9 que es la oportunidad de mi vida y procurar\u00e9 no desaprovecharla\u00bb.<\/p>\n<p>Esa devoci\u00f3n y la disciplina es lo que Pared inculc\u00f3 a cada uno de sus \u00abmuchachos de Vilelas, Fontana, Barranqueras, etc.\u00bb que encontraban en su humilde club \u00abuna casa y un amigo.\u00bb<\/p>\n<p><img loading=\"lazy\" decoding=\"async\" class=\"aligncenter\" src=\"https:\/\/scontent.fcnq2-2.fna.fbcdn.net\/v\/t39.30808-6\/571203808_122110755549022572_2671095054706595446_n.jpg?_nc_cat=108&amp;ccb=1-7&amp;_nc_sid=127cfc&amp;_nc_ohc=UqqNgJbLLPEQ7kNvwGM16yX&amp;_nc_oc=AdlIfWmPus0Fr-gb32L8bt57hVGn8eLAfsyOD_jevQeDR8kMnTcks94fDMn_Jqf8bI8&amp;_nc_zt=23&amp;_nc_ht=scontent.fcnq2-2.fna&amp;_nc_gid=ewMfq5Q4iSdouAB496hK4A&amp;oh=00_AffZIPoG60DL8f_kWDacS1TRmD6B8vtC8n0chnnao27KVw&amp;oe=6905C172\" alt=\"No hay ninguna descripci\u00f3n de la foto disponible.\" width=\"670\" height=\"458\" \/><\/p>\n<p><strong>La Pelea M\u00e1s D\u00edficil, el Mismo Esp\u00edritu<\/strong><\/p>\n<p>A sus 76 a\u00f1os (cumple 77 este jueves), la noticia de su ACV ha conmovido a la comunidad deportiva. Hoy, \u00abPili\u00bb libra un combate donde el rigor, la constancia y el trabajo duro \u2014principios que exig\u00eda a sus pupilos\u2014 son m\u00e1s importantes que nunca.<\/p>\n<p>El boxeo, seg\u00fan Pared, no es solo un deporte, sino \u00abuna gran lecci\u00f3n de vida\u00bb. La persona que luch\u00f3 incansablemente por darle comodidades a sus boxeadores, pese a las \u00abpromesas s\u00ed, nunca\u00bb de ayuda oficial, es el mismo hombre que hoy enfrenta la recuperaci\u00f3n con la entereza forjada en esa tierra colorada.<\/p>\n<p>El boxeo chaque\u00f1o, y el deporte en general, le debe un gracias a Alfonso \u00abPili\u00bb Pared, el \u00abloco\u00bb de la Villa R\u00edo Negro que supo demostrar que, con coraz\u00f3n, disciplina y nobleza, cualquier sue\u00f1o puede saltar del barro a la realidad.<\/p>\n<p><strong>\u00a1Fuerza Pili! Tu esquina te alienta.<\/strong><\/p>\n<p><strong>\u00a0<\/strong><\/p>\n<p><strong><img loading=\"lazy\" decoding=\"async\" class=\"alignnone wp-image-27712\" src=\"https:\/\/www.sportchaco.com.ar\/wp-content\/uploads\/2025\/10\/Pili-Pared-91-uno-20-10-22-224x300.jpg\" alt=\"\" width=\"117\" height=\"157\" srcset=\"https:\/\/www.sportchaco.com.ar\/wp-content\/uploads\/2025\/10\/Pili-Pared-91-uno-20-10-22-224x300.jpg 224w, https:\/\/www.sportchaco.com.ar\/wp-content\/uploads\/2025\/10\/Pili-Pared-91-uno-20-10-22.jpg 442w\" sizes=\"auto, (max-width: 117px) 100vw, 117px\" \/> LUIS DARIO MOLODEZKY con Pili Pared<\/strong><\/p>\n<p><img decoding=\"async\" src=\"https:\/\/scontent.fcnq2-1.fna.fbcdn.net\/v\/t39.30808-6\/571280920_122110755447022572_2919967404526645163_n.jpg?_nc_cat=106&amp;ccb=1-7&amp;_nc_sid=127cfc&amp;_nc_ohc=AFxhqxfKjC4Q7kNvwGHiO5e&amp;_nc_oc=Adk9hSOjmJc8eyGlpRMf322FI6dLgHXby7eSAmLZ2vcpylJD0IkGR1HpPYwsDX4zMHY&amp;_nc_zt=23&amp;_nc_ht=scontent.fcnq2-1.fna&amp;_nc_gid=CyYN2oXMMDXWoSyUj5knzg&amp;oh=00_AfcOMTxmeVT0wKoKjO8JVuiCJifrK8XWKIg2WX1E2jSLZQ&amp;oe=6905EB24\" alt=\"Puede ser una imagen de una o varias personas\" \/><\/p>\n","protected":false},"excerpt":{"rendered":"<p>29FOTO PORTADA: Pili Pared con la Tigresa Acul\u00f1a en su \u00faltima visita a Resistencia \u00a0Quienes conocen la geograf\u00eda box\u00edstica del Chaco, saben que no todos los gimnasios tienen cemento, ni luces de ne\u00f3n, ni lujos. El verdadero templo de del Riacho Araz\u00e1, ese donde se forjan sue\u00f1os con la simpleza de la tierra y la &hellip;<\/p>\n","protected":false},"author":2,"featured_media":27711,"comment_status":"open","ping_status":"open","sticky":false,"template":"","format":"standard","meta":{"footnotes":""},"categories":[57,78],"tags":[],"class_list":["post-27710","post","type-post","status-publish","format-standard","has-post-thumbnail","hentry","category-boxeo","category-historias"],"_links":{"self":[{"href":"https:\/\/www.sportchaco.com.ar\/index.php?rest_route=\/wp\/v2\/posts\/27710","targetHints":{"allow":["GET"]}}],"collection":[{"href":"https:\/\/www.sportchaco.com.ar\/index.php?rest_route=\/wp\/v2\/posts"}],"about":[{"href":"https:\/\/www.sportchaco.com.ar\/index.php?rest_route=\/wp\/v2\/types\/post"}],"author":[{"embeddable":true,"href":"https:\/\/www.sportchaco.com.ar\/index.php?rest_route=\/wp\/v2\/users\/2"}],"replies":[{"embeddable":true,"href":"https:\/\/www.sportchaco.com.ar\/index.php?rest_route=%2Fwp%2Fv2%2Fcomments&post=27710"}],"version-history":[{"count":7,"href":"https:\/\/www.sportchaco.com.ar\/index.php?rest_route=\/wp\/v2\/posts\/27710\/revisions"}],"predecessor-version":[{"id":27733,"href":"https:\/\/www.sportchaco.com.ar\/index.php?rest_route=\/wp\/v2\/posts\/27710\/revisions\/27733"}],"wp:featuredmedia":[{"embeddable":true,"href":"https:\/\/www.sportchaco.com.ar\/index.php?rest_route=\/wp\/v2\/media\/27711"}],"wp:attachment":[{"href":"https:\/\/www.sportchaco.com.ar\/index.php?rest_route=%2Fwp%2Fv2%2Fmedia&parent=27710"}],"wp:term":[{"taxonomy":"category","embeddable":true,"href":"https:\/\/www.sportchaco.com.ar\/index.php?rest_route=%2Fwp%2Fv2%2Fcategories&post=27710"},{"taxonomy":"post_tag","embeddable":true,"href":"https:\/\/www.sportchaco.com.ar\/index.php?rest_route=%2Fwp%2Fv2%2Ftags&post=27710"}],"curies":[{"name":"wp","href":"https:\/\/api.w.org\/{rel}","templated":true}]}}