{"id":27716,"date":"2025-10-27T23:24:08","date_gmt":"2025-10-28T02:24:08","guid":{"rendered":"https:\/\/www.sportchaco.com.ar\/?p=27716"},"modified":"2025-10-28T00:55:12","modified_gmt":"2025-10-28T03:55:12","slug":"sin-darnos-cuenta-sembramos","status":"publish","type":"post","link":"https:\/\/www.sportchaco.com.ar\/?p=27716","title":{"rendered":"Sin darnos cuenta, sembramos"},"content":{"rendered":"<p><strong>27-10-2025<\/strong><\/p>\n<h5><img loading=\"lazy\" decoding=\"async\" class=\"alignnone wp-image-27718\" src=\"https:\/\/www.sportchaco.com.ar\/wp-content\/uploads\/2025\/10\/Jorge-Altamirano-231x300.jpg\" alt=\"\" width=\"66\" height=\"86\" srcset=\"https:\/\/www.sportchaco.com.ar\/wp-content\/uploads\/2025\/10\/Jorge-Altamirano-231x300.jpg 231w, https:\/\/www.sportchaco.com.ar\/wp-content\/uploads\/2025\/10\/Jorge-Altamirano.jpg 366w\" sizes=\"auto, (max-width: 66px) 100vw, 66px\" \/> Por Jorge Luis Altamirano<\/h5>\n<p>Acud\u00ed presto a la invitaci\u00f3n que, a trav\u00e9s del C\u00edrculo de Periodistas Deportivos del Chaco, me lleg\u00f3 para brindar junto a colegas como Luis Dar\u00edo Molodezky y Edison \u201cWilly\u201d Rodr\u00edguez, una charla a la segunda generaci\u00f3n de la Tecnicatura de Periodismo Deportivo encabezada por los profesores Alan Radzanowicz y Marcos Daniel Acosta.<\/p>\n<p>Nos encontramos con un ramillete de veinte chicos y chicas que est\u00e1n cursando la carrera de quienes muy pronto empezar\u00e1n a escribir la historia de esta provincia gloriosa.<\/p>\n<p><img loading=\"lazy\" decoding=\"async\" class=\"aligncenter\" src=\"https:\/\/scontent.fcnq2-2.fna.fbcdn.net\/v\/t39.30808-6\/574334074_122110778295022572_8531579966853434877_n.jpg?_nc_cat=111&amp;ccb=1-7&amp;_nc_sid=127cfc&amp;_nc_ohc=nQ_UGtrk3fwQ7kNvwFZ-NYF&amp;_nc_oc=AdlUk2FUb4qbS_fYi87dd4JUC3tEzX3C89AKzDZbFCMd9J-6GtfJWz7uOcn0auLRPGM&amp;_nc_zt=23&amp;_nc_ht=scontent.fcnq2-2.fna&amp;_nc_gid=6T4RqoYyl7RVj5VA9Rl2ww&amp;oh=00_AfcVflxz2r6Tv1tXJY-BoIZ0Gih7KXn7cWMiYCQeX0pZ-Q&amp;oe=6905DE97\" alt=\"Puede ser una imagen de una o varias personas, personas estudiando y texto que dice &quot;DEPORTIVOS VOs CIRCULO DE PERIODISTAS DEPOR \u6a5f\u306f CHACO LS&quot;\" width=\"617\" height=\"617\" \/><\/p>\n<p>Sent\u00ed una profunda emoci\u00f3n porque estos chicos nos hicieron sentir que las semillas que sembramos sin querer, hoy est\u00e1n germinando, son alm\u00e1cigos de voluntades que abrazaron esta especialidad de reflejar y resguardar la historia del deporte de nuestro Chaco.<\/p>\n<p>Y seguramente ser\u00e1n las futuras generaciones que preservar\u00e1n la historia del C\u00edrculo de Periodistas Deportivos.<br \/>\nGracias por regalarnos tanta nostalgia\u2026.<\/p>\n<figure style=\"width: 462px\" class=\"wp-caption aligncenter\"><img loading=\"lazy\" decoding=\"async\" src=\"https:\/\/scontent.fcnq2-2.fna.fbcdn.net\/v\/t39.30808-6\/571361111_122110778277022572_6869548496262634622_n.jpg?_nc_cat=111&amp;ccb=1-7&amp;_nc_sid=127cfc&amp;_nc_ohc=eH7jZKb5l7QQ7kNvwGFrgAL&amp;_nc_oc=Adm0qnbPU4nSgxEzAkELiZUOrMbX831H-bsEIDy17ESCNGOB9QZy1mhs9t3uarwDglU&amp;_nc_zt=23&amp;_nc_ht=scontent.fcnq2-2.fna&amp;_nc_gid=kRCsYmPuX5bw957EskOHvA&amp;oh=00_Afel6LHrhosvFyp77e4ZTx1rwiefB_HOYNGVEzrvoVpzEQ&amp;oe=6905F501\" alt=\"Puede ser una imagen de una o varias personas, barba y texto que dice &quot;o AIR&quot;\" width=\"462\" height=\"347\" \/><figcaption class=\"wp-caption-text\">Carlos Valiente se sigue capacitando. Ahora en periodismo deportivo. Adem\u00e1s, es de la primera promoci\u00f3n Licencia Pro de la Escuela de T\u00e9cnicos. Granto reencuentro con Luis Dar\u00edo Molodezky. Claro, primero fue un gran futbolista.<\/figcaption><\/figure>\n","protected":false},"excerpt":{"rendered":"<p>27-10-2025 Por Jorge Luis Altamirano Acud\u00ed presto a la invitaci\u00f3n que, a trav\u00e9s del C\u00edrculo de Periodistas Deportivos del Chaco, me lleg\u00f3 para brindar junto a colegas como Luis Dar\u00edo Molodezky y Edison \u201cWilly\u201d Rodr\u00edguez, una charla a la segunda generaci\u00f3n de la Tecnicatura de Periodismo Deportivo encabezada por los profesores Alan Radzanowicz y Marcos &hellip;<\/p>\n","protected":false},"author":2,"featured_media":27717,"comment_status":"open","ping_status":"open","sticky":false,"template":"","format":"standard","meta":{"footnotes":""},"categories":[44],"tags":[],"class_list":["post-27716","post","type-post","status-publish","format-standard","has-post-thumbnail","hentry","category-varios"],"_links":{"self":[{"href":"https:\/\/www.sportchaco.com.ar\/index.php?rest_route=\/wp\/v2\/posts\/27716","targetHints":{"allow":["GET"]}}],"collection":[{"href":"https:\/\/www.sportchaco.com.ar\/index.php?rest_route=\/wp\/v2\/posts"}],"about":[{"href":"https:\/\/www.sportchaco.com.ar\/index.php?rest_route=\/wp\/v2\/types\/post"}],"author":[{"embeddable":true,"href":"https:\/\/www.sportchaco.com.ar\/index.php?rest_route=\/wp\/v2\/users\/2"}],"replies":[{"embeddable":true,"href":"https:\/\/www.sportchaco.com.ar\/index.php?rest_route=%2Fwp%2Fv2%2Fcomments&post=27716"}],"version-history":[{"count":4,"href":"https:\/\/www.sportchaco.com.ar\/index.php?rest_route=\/wp\/v2\/posts\/27716\/revisions"}],"predecessor-version":[{"id":27728,"href":"https:\/\/www.sportchaco.com.ar\/index.php?rest_route=\/wp\/v2\/posts\/27716\/revisions\/27728"}],"wp:featuredmedia":[{"embeddable":true,"href":"https:\/\/www.sportchaco.com.ar\/index.php?rest_route=\/wp\/v2\/media\/27717"}],"wp:attachment":[{"href":"https:\/\/www.sportchaco.com.ar\/index.php?rest_route=%2Fwp%2Fv2%2Fmedia&parent=27716"}],"wp:term":[{"taxonomy":"category","embeddable":true,"href":"https:\/\/www.sportchaco.com.ar\/index.php?rest_route=%2Fwp%2Fv2%2Fcategories&post=27716"},{"taxonomy":"post_tag","embeddable":true,"href":"https:\/\/www.sportchaco.com.ar\/index.php?rest_route=%2Fwp%2Fv2%2Ftags&post=27716"}],"curies":[{"name":"wp","href":"https:\/\/api.w.org\/{rel}","templated":true}]}}