{"id":27747,"date":"2025-10-28T12:57:07","date_gmt":"2025-10-28T15:57:07","guid":{"rendered":"https:\/\/www.sportchaco.com.ar\/?p=27747"},"modified":"2025-10-28T12:57:07","modified_gmt":"2025-10-28T15:57:07","slug":"lazos-de-amistad-regatas-en-encuentro-nacional-de-minibasquet","status":"publish","type":"post","link":"https:\/\/www.sportchaco.com.ar\/?p=27747","title":{"rendered":"Lazos de amistad: Regatas en Encuentro Nacional de Minib\u00e1squet"},"content":{"rendered":"<h5>Lazos de amistad: Regatas particip\u00f3 del Encuentro Nacional de Minib\u00e1squet; fue recibido por Boca Juniors <strong>Este viaje se realiz\u00f3 a Capital Federal el pasado 11 y 12 de octubre. Gran trabajo de la instituci\u00f3n \u201cRemera\u201d y ya se proyecta que el elenco \u201cXeneixe\u201d visite la provincia y club en diciembre.<\/strong><\/h5>\n<p><strong>\u00a0<\/strong><\/p>\n<p>Durante los d\u00edas 11 y 12 de octubre, el minib\u00e1squet de Regatas Resistencia llev\u00f3 adelante un viaje a Capital Federal, donde en esa oportunidad fue recibido por Boca Juniors, en el cual compartieron un fin de semana a puro b\u00e1squet, diversi\u00f3n y el claro objetivo de generar esos lasos de amistad.<\/p>\n<p>Adem\u00e1s de Regatas, el club Boca Juniors recibi\u00f3 a la instituci\u00f3n misionera de Tirica, quien tambi\u00e9n se sum\u00f3 a toda esta movida deportiva y de amistad.<\/p>\n<p>Asimismo, para destacar, que adem\u00e1s de ser recibido por Boca Juniors, Regatas Resistencia particip\u00f3 del Encuentro Nacional de Minib\u00e1squet, siendo una experiencia hermosa para los chicos, quienes disfrutaron de paseos, se divirtieron y jugaron.<\/p>\n<p>\u201cCon estos tipos de viajes lo que buscamos es que los chicos empiecen a crear, generar lasos de amistad, compa\u00f1erismo; fue una gran experiencia, quedando a deseo que el a\u00f1o siguiente Regatas tenga posibilidad de visitar estos tipos de clubes, como lo fue Boca Juniors\u201d, celebr\u00f3 el entrenador Juan Vargas, quien junto a los dem\u00e1s entrenadores \u201cRemeros\u201d integraron la comitiva que represent\u00f3 a la provincia en este gran evento deportivo nacional.<\/p>\n<p>&nbsp;<\/p>\n<p><img loading=\"lazy\" decoding=\"async\" class=\"alignnone size-medium wp-image-27748\" src=\"https:\/\/www.sportchaco.com.ar\/wp-content\/uploads\/2025\/10\/WhatsApp-Image-2025-10-28-at-06.45.55-200x300.jpeg\" alt=\"\" width=\"200\" height=\"300\" srcset=\"https:\/\/www.sportchaco.com.ar\/wp-content\/uploads\/2025\/10\/WhatsApp-Image-2025-10-28-at-06.45.55-200x300.jpeg 200w, https:\/\/www.sportchaco.com.ar\/wp-content\/uploads\/2025\/10\/WhatsApp-Image-2025-10-28-at-06.45.55-682x1024.jpeg 682w, https:\/\/www.sportchaco.com.ar\/wp-content\/uploads\/2025\/10\/WhatsApp-Image-2025-10-28-at-06.45.55-768x1153.jpeg 768w, https:\/\/www.sportchaco.com.ar\/wp-content\/uploads\/2025\/10\/WhatsApp-Image-2025-10-28-at-06.45.55-1023x1536.jpeg 1023w, https:\/\/www.sportchaco.com.ar\/wp-content\/uploads\/2025\/10\/WhatsApp-Image-2025-10-28-at-06.45.55.jpeg 1066w\" sizes=\"auto, (max-width: 200px) 100vw, 200px\" \/> <img loading=\"lazy\" decoding=\"async\" class=\"alignnone size-medium wp-image-27749\" src=\"https:\/\/www.sportchaco.com.ar\/wp-content\/uploads\/2025\/10\/WhatsApp-Image-2025-10-28-at-06.45.54-300x200.jpeg\" alt=\"\" width=\"300\" height=\"200\" srcset=\"https:\/\/www.sportchaco.com.ar\/wp-content\/uploads\/2025\/10\/WhatsApp-Image-2025-10-28-at-06.45.54-300x200.jpeg 300w, https:\/\/www.sportchaco.com.ar\/wp-content\/uploads\/2025\/10\/WhatsApp-Image-2025-10-28-at-06.45.54-1024x682.jpeg 1024w, https:\/\/www.sportchaco.com.ar\/wp-content\/uploads\/2025\/10\/WhatsApp-Image-2025-10-28-at-06.45.54-768x512.jpeg 768w, https:\/\/www.sportchaco.com.ar\/wp-content\/uploads\/2025\/10\/WhatsApp-Image-2025-10-28-at-06.45.54-1536x1023.jpeg 1536w, https:\/\/www.sportchaco.com.ar\/wp-content\/uploads\/2025\/10\/WhatsApp-Image-2025-10-28-at-06.45.54.jpeg 1600w\" sizes=\"auto, (max-width: 300px) 100vw, 300px\" \/><\/p>\n<p>&nbsp;<\/p>\n<p>&nbsp;<\/p>\n<p>&nbsp;<\/p>\n<p><strong>\u00a0<\/strong><\/p>\n<p>&nbsp;<\/p>\n","protected":false},"excerpt":{"rendered":"<p>Lazos de amistad: Regatas particip\u00f3 del Encuentro Nacional de Minib\u00e1squet; fue recibido por Boca Juniors Este viaje se realiz\u00f3 a Capital Federal el pasado 11 y 12 de octubre. Gran trabajo de la instituci\u00f3n \u201cRemera\u201d y ya se proyecta que el elenco \u201cXeneixe\u201d visite la provincia y club en diciembre. \u00a0 Durante los d\u00edas 11 &hellip;<\/p>\n","protected":false},"author":2,"featured_media":27750,"comment_status":"open","ping_status":"open","sticky":false,"template":"","format":"standard","meta":{"footnotes":""},"categories":[3],"tags":[],"class_list":["post-27747","post","type-post","status-publish","format-standard","has-post-thumbnail","hentry","category-basquetbol"],"_links":{"self":[{"href":"https:\/\/www.sportchaco.com.ar\/index.php?rest_route=\/wp\/v2\/posts\/27747","targetHints":{"allow":["GET"]}}],"collection":[{"href":"https:\/\/www.sportchaco.com.ar\/index.php?rest_route=\/wp\/v2\/posts"}],"about":[{"href":"https:\/\/www.sportchaco.com.ar\/index.php?rest_route=\/wp\/v2\/types\/post"}],"author":[{"embeddable":true,"href":"https:\/\/www.sportchaco.com.ar\/index.php?rest_route=\/wp\/v2\/users\/2"}],"replies":[{"embeddable":true,"href":"https:\/\/www.sportchaco.com.ar\/index.php?rest_route=%2Fwp%2Fv2%2Fcomments&post=27747"}],"version-history":[{"count":1,"href":"https:\/\/www.sportchaco.com.ar\/index.php?rest_route=\/wp\/v2\/posts\/27747\/revisions"}],"predecessor-version":[{"id":27751,"href":"https:\/\/www.sportchaco.com.ar\/index.php?rest_route=\/wp\/v2\/posts\/27747\/revisions\/27751"}],"wp:featuredmedia":[{"embeddable":true,"href":"https:\/\/www.sportchaco.com.ar\/index.php?rest_route=\/wp\/v2\/media\/27750"}],"wp:attachment":[{"href":"https:\/\/www.sportchaco.com.ar\/index.php?rest_route=%2Fwp%2Fv2%2Fmedia&parent=27747"}],"wp:term":[{"taxonomy":"category","embeddable":true,"href":"https:\/\/www.sportchaco.com.ar\/index.php?rest_route=%2Fwp%2Fv2%2Fcategories&post=27747"},{"taxonomy":"post_tag","embeddable":true,"href":"https:\/\/www.sportchaco.com.ar\/index.php?rest_route=%2Fwp%2Fv2%2Ftags&post=27747"}],"curies":[{"name":"wp","href":"https:\/\/api.w.org\/{rel}","templated":true}]}}