{"id":2781,"date":"2023-11-13T12:27:19","date_gmt":"2023-11-13T15:27:19","guid":{"rendered":"https:\/\/www.sportchaco.com.ar\/?p=2781"},"modified":"2023-11-13T12:27:19","modified_gmt":"2023-11-13T15:27:19","slug":"cavani-se-queda-afuera-de-la-convocatoria-de-bielsa","status":"publish","type":"post","link":"https:\/\/www.sportchaco.com.ar\/?p=2781","title":{"rendered":"Cavani se queda afuera de la convocatoria de Bielsa"},"content":{"rendered":"<p id=\"titulo_cable\" class=\"title\">\n<div id=\"div_cuerpo\" class=\"content cable-content\">El entrenador del seleccionado uruguayo, Marcelo Bielsa, anunci\u00f3 hoy la lista de convocados para enfrentar a Argentina y Bolivia con la presencia del hist\u00f3rico goleador Luis Su\u00e1rez pero sin el atacante de Boca Juniors Edinson Cavani, lesionado.<\/p>\n<p>El m\u00e1ximo anotador de la historia de la \u00abCeleste\u00bb fue citado por primera vez en la gesti\u00f3n del \u00abLoco\u00bb luego de mirar desde afuera las cuatro primeras fechas de las Eliminatorias Sudamericanas para el Mundial 2026.<\/p>\n<p>Cavani, el otro gran referente de Uruguay en la \u00faltima d\u00e9cada, finalmente qued\u00f3 afuera por la lesi\u00f3n que sufri\u00f3 este domingo con Boca en el partido ante Newell&#8217;s por la Copa de la Liga Profesional.<\/p>\n<p>Su\u00e1rez, de 36 a\u00f1os, regresa al seleccionado uruguayo por su gran nivel en Gremio de Brasil, donde lleva 14 goles y 10 asistencias en 29 partidos del \u00abBrasileirao\u00bb.<\/p>\n<p>El \u00abPistolero\u00bb estar\u00e1 el pr\u00f3ximo jueves en La Bombonera y se reencontrar\u00e1 con su excompa\u00f1ero y amigo, Lionel Messi, quien le arrebat\u00f3 el r\u00e9cord de goles de las Eliminatorias Sudamericanas.<\/p>\n<p>De la n\u00f3mina de Bielsa tambi\u00e9n se destacan Nicol\u00e1s De La Cruz, de River Plate, y los regresos de Jos\u00e9 Mar\u00eda Gim\u00e9nez, dirigido por Diego Simeone en Atl\u00e9tico de Madrid, y de Rodrigo Bentancur, ex Boca Juniors y actualmente en Tottenham, luego de la rotura del ligamento cruzado.<\/p>\n<p>La lista completa de Uruguay para visitar a la Argentina y recibir a Bolivia es la siguiente:<\/p>\n<p>Arqueros: Sergio Rochet, Franco Israel y Santiago Mele.<\/p>\n<p>Defensores: Math\u00edas Olivera, Ronald Araujo, Jos\u00e9 Mar\u00eda Gim\u00e9nez, Sebasti\u00e1n C\u00e1ceres, Mat\u00edas Vi\u00f1a, Bruno M\u00e9ndez y Guillermo Varela.<\/p>\n<p>Mediocampistas: Manuel Ugarte, Rodrigo Bentancur, Federico Valverde, Felipe Carballo, Agust\u00edn Canobbio, Nicol\u00e1s De La Cruz, Giorgian De Arrascaeta y Facundo Pellistri.<\/p>\n<p>Delanteros: Maximiliano Ara\u00fajo, Facundo Torres, Cristian Olivera, Federico Vi\u00f1as, Darwin N\u00fa\u00f1ez y Luis Su\u00e1rez.<\/p>\n<p>Uruguay es escolta del seleccionado argentino con 7 puntos y se prepara para visitar al l\u00edder de las Eliminatorias el pr\u00f3ximo jueves en La Bombonera y luego recibir a Bolivia en Montevideo, el martes 21. T\u00e9lam<\/p><\/div>\n<div><\/div>\n<div><\/div>\n<div><strong>Foto de Cavani en el momento de la lesi\u00f3n, no pudo terminar el partido con \u00d1ewell&#8217;s<\/strong><\/div>\n","protected":false},"excerpt":{"rendered":"<p>El entrenador del seleccionado uruguayo, Marcelo Bielsa, anunci\u00f3 hoy la lista de convocados para enfrentar a Argentina y Bolivia con la presencia del hist\u00f3rico goleador Luis Su\u00e1rez pero sin el atacante de Boca Juniors Edinson Cavani, lesionado. El m\u00e1ximo anotador de la historia de la \u00abCeleste\u00bb fue citado por primera vez en la gesti\u00f3n del &hellip;<\/p>\n","protected":false},"author":2,"featured_media":2782,"comment_status":"open","ping_status":"open","sticky":false,"template":"","format":"standard","meta":{"footnotes":""},"categories":[6],"tags":[],"class_list":["post-2781","post","type-post","status-publish","format-standard","has-post-thumbnail","hentry","category-internacionales"],"_links":{"self":[{"href":"https:\/\/www.sportchaco.com.ar\/index.php?rest_route=\/wp\/v2\/posts\/2781","targetHints":{"allow":["GET"]}}],"collection":[{"href":"https:\/\/www.sportchaco.com.ar\/index.php?rest_route=\/wp\/v2\/posts"}],"about":[{"href":"https:\/\/www.sportchaco.com.ar\/index.php?rest_route=\/wp\/v2\/types\/post"}],"author":[{"embeddable":true,"href":"https:\/\/www.sportchaco.com.ar\/index.php?rest_route=\/wp\/v2\/users\/2"}],"replies":[{"embeddable":true,"href":"https:\/\/www.sportchaco.com.ar\/index.php?rest_route=%2Fwp%2Fv2%2Fcomments&post=2781"}],"version-history":[{"count":1,"href":"https:\/\/www.sportchaco.com.ar\/index.php?rest_route=\/wp\/v2\/posts\/2781\/revisions"}],"predecessor-version":[{"id":2783,"href":"https:\/\/www.sportchaco.com.ar\/index.php?rest_route=\/wp\/v2\/posts\/2781\/revisions\/2783"}],"wp:featuredmedia":[{"embeddable":true,"href":"https:\/\/www.sportchaco.com.ar\/index.php?rest_route=\/wp\/v2\/media\/2782"}],"wp:attachment":[{"href":"https:\/\/www.sportchaco.com.ar\/index.php?rest_route=%2Fwp%2Fv2%2Fmedia&parent=2781"}],"wp:term":[{"taxonomy":"category","embeddable":true,"href":"https:\/\/www.sportchaco.com.ar\/index.php?rest_route=%2Fwp%2Fv2%2Fcategories&post=2781"},{"taxonomy":"post_tag","embeddable":true,"href":"https:\/\/www.sportchaco.com.ar\/index.php?rest_route=%2Fwp%2Fv2%2Ftags&post=2781"}],"curies":[{"name":"wp","href":"https:\/\/api.w.org\/{rel}","templated":true}]}}