{"id":27811,"date":"2025-10-29T18:58:52","date_gmt":"2025-10-29T21:58:52","guid":{"rendered":"https:\/\/www.sportchaco.com.ar\/?p=27811"},"modified":"2025-10-29T18:58:52","modified_gmt":"2025-10-29T21:58:52","slug":"copa-profesor-roberto-muller-de-ajedrez-interescolar","status":"publish","type":"post","link":"https:\/\/www.sportchaco.com.ar\/?p=27811","title":{"rendered":"Copa \u201cProfesor Roberto M\u00fcller\u201d de ajedrez interescolar"},"content":{"rendered":"<header>\n<h1><\/h1>\n<h1><span style=\"font-size: 16px; font-weight: 400;\">\u00a0<\/span><\/h1>\n<h1><strong><span style=\"font-size: 16px;\">Foto portada: J\u00f3venes estudiantes brillaron en el torneo intercolegial de ajedrez<\/span><\/strong><\/h1>\n<h1><span style=\"font-size: 16px; font-weight: 400;\">29 de Octubre, 2025<\/span><\/h1>\n<h5><span style=\"font-size: 16px; font-weight: 400;\">Se trata de una competencia intercolegial de ajedrez <\/span><span style=\"font-size: 16px; font-weight: 400;\">Copa \u201cProfesor Roberto M\u00fcller\u201d<\/span><span style=\"font-size: 16px; font-weight: 400;\">, organizado por la Biblioteca Jauretche y auspiciada por la Asociaci\u00f3n Chaque\u00f1a de Ajedrez (ACHA).\u00a0 El evento reuni\u00f3 a j\u00f3venes talentos de Resistencia y se integr\u00f3 oficialmente al Circuito de Ajedrez Escolar Chaco 2025 de la ACHA.<\/span><\/h5>\n<\/header>\n<section class=\"body\">\n<section class=\"content\">\n<div class=\"main-text\">\n<div class=\"social\">\n<div class=\"share\"><\/div>\n<\/div>\n<p>Participaron estudiantes de la escuela anfitriona EES N\u00b0 66 \u00abProfesor Roberto M\u00fcller\u00bb, junto a la EES N\u00b0 40 \u00abExplorador Ram\u00f3n Lista\u00bb (Villa R\u00edo Negro), E.E.S. N\u00b0 164 \u00abEscultor Fabriciano G\u00f3mez\u00bb, E.E.S. N\u00b0 118 \u00abBarrio Mapic\u00bb, y la E.E.T. N\u00b0 24 \u00abSim\u00f3n de Iriondo\u00bb. Los j\u00f3venes ajedrecistas demostraron su habilidad, concentraci\u00f3n y pensamiento l\u00f3gico, reforzando el valor del ajedrez como herramienta educativa y de sana competencia.<\/p>\n<h2>La jornada y premios<\/h2>\n<p>La jornada culmin\u00f3 una ceremonia de premiaci\u00f3n donde se entregaron m\u00e1s de 15 premios gracias a la colaboraci\u00f3n de la comunidad educativa y patrocinadores (Librer\u00eda contexto, \u00abBater\u00edas Bonn\u00bb).<\/p>\n<p>Los obsequios incluyeron sets de terer\u00e9, medallas de resina de gran tama\u00f1o, parlantes Bluetooth, atriles, h\u00e1mster de peluche gigante, vasos t\u00e9rmicos, una pieza de ajedrez artesanal, cajas de bombones y sets con libros de literatura juvenil, remeras y \u00fatiles escolares. Una Jornada de Confraternidad en un clima de compa\u00f1erismo, todos los ajedrecistas y docentes acompa\u00f1antes disfrutaron de un completo refrigerio que incluy\u00f3 alfajores, turrones, facturas y bebidas, haciendo de esta una verdadera jornada de integraci\u00f3n. La competencia fue intensa y demostr\u00f3 el alto nivel de ajedrez en los colegios participantes.<\/p>\n<h2>Un podio de alto de nivel<\/h2>\n<p>El podio y los puestos fueron los siguientes:<\/p>\n<p>1-Lucas Ca\u00f1ete (EET N\u00b024).<\/p>\n<p>2- Jerem\u00edas Alarc\u00f3n (EES N\u00b0 66).<\/p>\n<p>3-, Carlos Rivarola (EET N\u00b024).<\/p>\n<p>4- Thiago Mart\u00ednez (EES N\u00b040).<\/p>\n<p>5- Dimas Melgarejo (EES N\u00b040).<\/p>\n<p>6- Jos\u00edas Arce Valenzuela (E.E.T. N\u00b024).<\/p>\n<p>7- Galo Villareal (E.E.T. N\u00b024).<br \/>\n8- Joaqu\u00edn Leyes Fr\u00edas (. ES N\u00ba 40).<\/p>\n<p>9- \u00a0Benjam\u00edn Paredes (E.E.S. N\u00b040).<\/p>\n<p>10- Santiago Esquivel (E.E.S. N\u00ba118).<\/p>\n<p>11-Matias Meza (E.E.T.N\u00b024).<\/p>\n<p>12-Elias Famoso( E.E.S N\u00ba 66).<\/p>\n<p>13-Alan Lagra\u00f1a (E.E.S N\u00ba 40).<\/p>\n<p>14-Milton Figueroa (EES N\u00ba 118).<\/p>\n<p>15- Santino Fern\u00e1ndez ( E.E.S N\u00ba 40).<\/p>\n<p>16- Benjam\u00edn Maciel Borba (E.E.S N\u00ba 66).<\/p>\n<p>17-Uriel L\u00f3pez Sharif (E.E.S. N\u00ba164).<\/p>\n<p>18- Mateo Murua, EES N\u00ba 118).<\/p>\n<p>19- Nahuel Romero (EES N\u00ba 66).<\/p>\n<p>20- \u00a0Braian Maurel (E.E.S N\u00ba 66).<\/p>\n<p>21- Eduardo Guti\u00e9rrez (.E.S. N\u00ba 40).<\/p>\n<p>22- Lionel Guti\u00e9rrez (EES N\u00ba 40).<\/p>\n<p>23- Lautaro Ram\u00edrez (EES N\u00ba 164).<\/p>\n<p>24- Emma Esp\u00edndola (E.E.T. N\u00ba 24).<\/p>\n<p>25- Guillermo Lucena (EES N\u00ba 66).<\/p>\n<p>26- Dylan Muller (E.E.S N\u00ba 66).<\/p>\n<p>27- \u00a0Maximiliano Romero (E.E.S.N\u00ba 164).<\/p>\n<p>28- Lautaro S\u00e1nchez (E.E.S N\u00ba 118).<\/p>\n<p>29- Alfredo Ojeda (E.E.S. N\u00ba 66).<\/p>\n<p>30- Lautaro Bertero (E.E.S N\u00ba 66).<\/p>\n<p>31- Juan Carlos Gonz\u00e1lez (E.E.S N\u00ba 66).<\/p>\n<p>32- Joaqu\u00edn Vargas ( E.E.S N\u00ba 66).<\/p>\n<p>33- Xiomara Urruchua (E. E. S N\u00ba 40).<\/p>\n<p>34- Thomas Sotelo (E.E.S. N\u00ba 66).<\/p>\n<p>35- Ludmila Osuna ( E.E.S. N\u00ba 66).<\/p>\n<p>36- Naiara Aguilar ( EEEN\u00ba 66).<\/p>\n<p>37- Alan Yegros ( EES N\u00ba 40).<\/p>\n<p>38- Yazmin Aguirre (EES N\u00ba 66).<\/p>\n<p>39- Nahiara Alvarenga (E.E.S. N\u00ba 66).<\/p>\n<p>40- Francisco Ram\u00edrez(EES N\u00ba 66).<\/p>\n<p>41- \u00a0Joaqu\u00edn Rada (E.EE.S. N 66).<\/p>\n<p>42- Tiago Riquelme (EES N\u00ba 66).<\/p>\n<\/div>\n<\/section>\n<\/section>\n","protected":false},"excerpt":{"rendered":"<p>\u00a0 Foto portada: J\u00f3venes estudiantes brillaron en el torneo intercolegial de ajedrez 29 de Octubre, 2025 Se trata de una competencia intercolegial de ajedrez Copa \u201cProfesor Roberto M\u00fcller\u201d, organizado por la Biblioteca Jauretche y auspiciada por la Asociaci\u00f3n Chaque\u00f1a de Ajedrez (ACHA).\u00a0 El evento reuni\u00f3 a j\u00f3venes talentos de Resistencia y se integr\u00f3 oficialmente al &hellip;<\/p>\n","protected":false},"author":2,"featured_media":27812,"comment_status":"open","ping_status":"open","sticky":false,"template":"","format":"standard","meta":{"footnotes":""},"categories":[64],"tags":[],"class_list":["post-27811","post","type-post","status-publish","format-standard","has-post-thumbnail","hentry","category-ajedrez"],"_links":{"self":[{"href":"https:\/\/www.sportchaco.com.ar\/index.php?rest_route=\/wp\/v2\/posts\/27811","targetHints":{"allow":["GET"]}}],"collection":[{"href":"https:\/\/www.sportchaco.com.ar\/index.php?rest_route=\/wp\/v2\/posts"}],"about":[{"href":"https:\/\/www.sportchaco.com.ar\/index.php?rest_route=\/wp\/v2\/types\/post"}],"author":[{"embeddable":true,"href":"https:\/\/www.sportchaco.com.ar\/index.php?rest_route=\/wp\/v2\/users\/2"}],"replies":[{"embeddable":true,"href":"https:\/\/www.sportchaco.com.ar\/index.php?rest_route=%2Fwp%2Fv2%2Fcomments&post=27811"}],"version-history":[{"count":1,"href":"https:\/\/www.sportchaco.com.ar\/index.php?rest_route=\/wp\/v2\/posts\/27811\/revisions"}],"predecessor-version":[{"id":27813,"href":"https:\/\/www.sportchaco.com.ar\/index.php?rest_route=\/wp\/v2\/posts\/27811\/revisions\/27813"}],"wp:featuredmedia":[{"embeddable":true,"href":"https:\/\/www.sportchaco.com.ar\/index.php?rest_route=\/wp\/v2\/media\/27812"}],"wp:attachment":[{"href":"https:\/\/www.sportchaco.com.ar\/index.php?rest_route=%2Fwp%2Fv2%2Fmedia&parent=27811"}],"wp:term":[{"taxonomy":"category","embeddable":true,"href":"https:\/\/www.sportchaco.com.ar\/index.php?rest_route=%2Fwp%2Fv2%2Fcategories&post=27811"},{"taxonomy":"post_tag","embeddable":true,"href":"https:\/\/www.sportchaco.com.ar\/index.php?rest_route=%2Fwp%2Fv2%2Ftags&post=27811"}],"curies":[{"name":"wp","href":"https:\/\/api.w.org\/{rel}","templated":true}]}}