{"id":27814,"date":"2025-10-29T19:34:21","date_gmt":"2025-10-29T22:34:21","guid":{"rendered":"https:\/\/www.sportchaco.com.ar\/?p=27814"},"modified":"2025-10-29T19:34:21","modified_gmt":"2025-10-29T22:34:21","slug":"dias-confirmados-para-los-equipos-chaquenos","status":"publish","type":"post","link":"https:\/\/www.sportchaco.com.ar\/?p=27814","title":{"rendered":"D\u00edas confirmados para los equipos chaque\u00f1os"},"content":{"rendered":"<p><strong>29-10-2025<\/strong><\/p>\n<p><img loading=\"lazy\" decoding=\"async\" class=\"aligncenter size-large wp-image-20099\" src=\"https:\/\/www.sportchaco.com.ar\/wp-content\/uploads\/2025\/06\/728x90-1024x127.gif\" sizes=\"auto, (max-width: 1024px) 100vw, 1024px\" srcset=\"https:\/\/www.sportchaco.com.ar\/wp-content\/uploads\/2025\/06\/728x90-1024x127.gif 1024w, https:\/\/www.sportchaco.com.ar\/wp-content\/uploads\/2025\/06\/728x90-300x37.gif 300w, https:\/\/www.sportchaco.com.ar\/wp-content\/uploads\/2025\/06\/728x90-768x95.gif 768w, https:\/\/www.sportchaco.com.ar\/wp-content\/uploads\/2025\/06\/728x90-1536x190.gif 1536w, https:\/\/www.sportchaco.com.ar\/wp-content\/uploads\/2025\/06\/728x90-2048x254.gif 2048w\" alt=\"\" width=\"1024\" height=\"127\" \/><\/p>\n<p>El Consejo Federal de AFA dio a conocer los d\u00edas para los partidos del fin de semana en la 2\u00aa fecha del torneo Regional Amateur. Tambi\u00e9n \u00e1rbitros y horarios.<\/p>\n<p><strong>Regi\u00f3n Litoral Norte<\/strong><br \/>\n<strong>Zona 8<\/strong><br \/>\n<strong>2\u00aa fecha<br \/>\nS\u00e1bado 01-11<\/strong><br \/>\nA las 16, Regional &#8211; Uni\u00f3n (Machagai)<br \/>\n<strong>\u00c1rbitro:<\/strong> Diego de Jes\u00fas. <strong>Asistentes:<\/strong> Walter Dom\u00ednguez y Alberto Coronel Rojas (terna de Las Bre\u00f1as)<\/p>\n<p>A las 17, Defensores \u2013 Estudiantes<br \/>\n<strong>\u00c1rbitro:<\/strong> Juan Pablo Infran. <strong>Asistentes:<\/strong> Sabrina Cristaldo y Claudio Casco (terna de Resistencia)<\/p>\n<p><strong>Zona 9<br \/>\n<\/strong><strong>2\u00aa fecha<br \/>\nS\u00e1bado 01-11<br \/>\n<\/strong>A las 16, Policiales &#8211; Hurac\u00e1n (Vedia)<strong><br \/>\n\u00c1rbitro: <\/strong>Enrique M\u00e9ndez.<strong> Asistentes: <\/strong>\u00c1ngel D\u00edaz y V\u00edctor Ibarra (terna de General San Mart\u00edn)<\/p>\n<p>A las 20, Dep. Municipal (Gral. Roca) &#8211; Fontana<br \/>\n<strong>\u00c1rbitro:<\/strong> Leonardo Torres. <strong>Asistentes:<\/strong> Leonardo Kitoff y Guillermo Dullka (terna de Villa \u00c1ngela)<\/p>\n<p><strong>Zona 10<br \/>\n<\/strong><strong>1\u00aa fecha<\/strong><br \/>\n<strong>S\u00e1bado 01-11<\/strong><br \/>\nA las 16:30, Cultural (Castelli) &#8211; Comercio (Santa Sylvina)<br \/>\n<strong>\u00c1rbitro:<\/strong> Sebasti\u00e1n Ver\u00f3n. <strong>Asistentes:<\/strong> Laura Studers y Gonzalo Lencina (terna de Resistencia)<\/p>\n<p>A las 21, Cooperativa (Villa Berthet) &#8211; Uni\u00f3n (Pampa Alegr\u00eda)<br \/>\n<strong>\u00c1rbitro:<\/strong> Leandro D\u00edaz Doro\u00f1uk. <strong>Asistentes:<\/strong> Lautaro Nalda y Ignacio Coria (terna de Las Bre\u00f1as)<\/p>\n<p><strong>POSICIONES<\/strong><br \/>\n<strong>ZONA 8<\/strong><br \/>\nEstudiantes (Resistencia) 3<br \/>\nUni\u00f3n (Machagai) 3<br \/>\nDefensores (Vilelas) 0<br \/>\nRegional (Resistencia) 0<\/p>\n<p><strong>ZONA 9<\/strong><br \/>\nDep. Municipal (Gral. Roca) 3<br \/>\nFontana 3<br \/>\nHurac\u00e1n (Vedia) 0<br \/>\nPoliciales (Resistencia) 0<\/p>\n<p><strong>ZONA 10<\/strong><br \/>\nComercio (Santa Sylvina) 3<br \/>\nCultural (Castelli) 3<br \/>\nCooperativa (Villa Berthet) 0<br \/>\nUni\u00f3n (Pampa Alegr\u00eda) 0<\/p>\n<p><em><strong>Foto: Prensa Estudiantes<\/strong><\/em><\/p>\n<p><img loading=\"lazy\" decoding=\"async\" class=\"aligncenter size-full wp-image-21633\" src=\"https:\/\/www.sportchaco.com.ar\/wp-content\/uploads\/2025\/07\/PARQUE-SOLAR_200x200-01-1.gif\" alt=\"\" width=\"417\" height=\"417\" \/><\/p>\n","protected":false},"excerpt":{"rendered":"<p>29-10-2025 El Consejo Federal de AFA dio a conocer los d\u00edas para los partidos del fin de semana en la 2\u00aa fecha del torneo Regional Amateur. Tambi\u00e9n \u00e1rbitros y horarios. Regi\u00f3n Litoral Norte Zona 8 2\u00aa fecha S\u00e1bado 01-11 A las 16, Regional &#8211; Uni\u00f3n (Machagai) \u00c1rbitro: Diego de Jes\u00fas. Asistentes: Walter Dom\u00ednguez y Alberto &hellip;<\/p>\n","protected":false},"author":3,"featured_media":27818,"comment_status":"open","ping_status":"open","sticky":false,"template":"","format":"standard","meta":{"footnotes":""},"categories":[5],"tags":[],"class_list":["post-27814","post","type-post","status-publish","format-standard","has-post-thumbnail","hentry","category-futbol"],"_links":{"self":[{"href":"https:\/\/www.sportchaco.com.ar\/index.php?rest_route=\/wp\/v2\/posts\/27814","targetHints":{"allow":["GET"]}}],"collection":[{"href":"https:\/\/www.sportchaco.com.ar\/index.php?rest_route=\/wp\/v2\/posts"}],"about":[{"href":"https:\/\/www.sportchaco.com.ar\/index.php?rest_route=\/wp\/v2\/types\/post"}],"author":[{"embeddable":true,"href":"https:\/\/www.sportchaco.com.ar\/index.php?rest_route=\/wp\/v2\/users\/3"}],"replies":[{"embeddable":true,"href":"https:\/\/www.sportchaco.com.ar\/index.php?rest_route=%2Fwp%2Fv2%2Fcomments&post=27814"}],"version-history":[{"count":1,"href":"https:\/\/www.sportchaco.com.ar\/index.php?rest_route=\/wp\/v2\/posts\/27814\/revisions"}],"predecessor-version":[{"id":27819,"href":"https:\/\/www.sportchaco.com.ar\/index.php?rest_route=\/wp\/v2\/posts\/27814\/revisions\/27819"}],"wp:featuredmedia":[{"embeddable":true,"href":"https:\/\/www.sportchaco.com.ar\/index.php?rest_route=\/wp\/v2\/media\/27818"}],"wp:attachment":[{"href":"https:\/\/www.sportchaco.com.ar\/index.php?rest_route=%2Fwp%2Fv2%2Fmedia&parent=27814"}],"wp:term":[{"taxonomy":"category","embeddable":true,"href":"https:\/\/www.sportchaco.com.ar\/index.php?rest_route=%2Fwp%2Fv2%2Fcategories&post=27814"},{"taxonomy":"post_tag","embeddable":true,"href":"https:\/\/www.sportchaco.com.ar\/index.php?rest_route=%2Fwp%2Fv2%2Ftags&post=27814"}],"curies":[{"name":"wp","href":"https:\/\/api.w.org\/{rel}","templated":true}]}}