{"id":27815,"date":"2025-10-29T19:03:15","date_gmt":"2025-10-29T22:03:15","guid":{"rendered":"https:\/\/www.sportchaco.com.ar\/?p=27815"},"modified":"2025-10-29T19:59:09","modified_gmt":"2025-10-29T22:59:09","slug":"cara-y-ceca-junto-a-villa-sortean-dos-pares-de-entradas","status":"publish","type":"post","link":"https:\/\/www.sportchaco.com.ar\/?p=27815","title":{"rendered":"Cara y Ceca junto a Villa sortean dos pares de entradas"},"content":{"rendered":"<div class=\"html-div xdj266r x14z9mp xat24cr x1lziwak xexx8yu xyri2b x18d9i69 x1c1uobl\">\n<div class=\"html-div xdj266r x14z9mp x1lziwak x18d9i69 x1cy8zhl x78zum5 x1q0g3np xod5an3 xz9dl7a x1g0dm76 xpdmqnj\">\n<div class=\"html-div xdj266r x14z9mp xat24cr x1lziwak xexx8yu xyri2b x18d9i69 x1c1uobl x1iyjqo2 xeuugli\">\n<div class=\"x78zum5 xdt5ytf xz62fqu x16ldp7u\">\n<div class=\"xu06os2 x1ok221b\">\n<div class=\"html-div xdj266r x14z9mp xat24cr x1lziwak xexx8yu xyri2b x18d9i69 x1c1uobl\" data-ad-rendering-role=\"profile_name\">\n<p id=\"_r_2ul_\" class=\"html-h4 x14z9mp xat24cr x1lziwak xexx8yu xyri2b x18d9i69 x1c1uobl x1vvkbs x1heor9g x1qlqyl8 x1pd3egz x1a2a7pz x1gslohp x1yc453h\"><strong>29-10-2025<\/strong><\/p>\n<p><img loading=\"lazy\" decoding=\"async\" class=\"aligncenter size-full wp-image-26819\" src=\"https:\/\/www.sportchaco.com.ar\/wp-content\/uploads\/2025\/10\/320x50-3.gif\" alt=\"\" width=\"667\" height=\"105\" \/><\/p>\n<\/div>\n<\/div>\n<\/div>\n<\/div>\n<\/div>\n<\/div>\n<div>\n<div class=\"html-div xdj266r x14z9mp xat24cr x1lziwak xexx8yu xyri2b x18d9i69 x1c1uobl\">\n<div class=\"html-div xdj266r x14z9mp x1lziwak x18d9i69 x1cy8zhl x78zum5 x1q0g3np xod5an3 xz9dl7a x1g0dm76 xpdmqnj\">\n<div class=\"html-div xdj266r x14z9mp xat24cr x1lziwak xexx8yu xyri2b x18d9i69 x1c1uobl\">\n<div class=\"html-div xdj266r x14z9mp x1lziwak x18d9i69 x1cy8zhl x78zum5 x1q0g3np xod5an3 xz9dl7a x1g0dm76 xpdmqnj\"><\/div>\n<\/div>\n<div>\n<p>De manera conjunta, el programa deportivo Cara y Ceca del Deporte y el Club Villa San Mart\u00edn realizar\u00e1n un sorteo de entradas para el debut del equipo \u00abtricolor\u00bb en La Liga Argentina de B\u00e1squet.<\/p>\n<p>El mismo se har\u00e1 a trav\u00e9s de las redes sociales del programa el pr\u00f3ximo viernes en el horario del mismo. Los requisitos son b\u00e1sicos y est\u00e1n especificados en el post <a href=\"https:\/\/www.instagram.com\/p\/DQaI6rlD1D7\/\">https:\/\/www.instagram.com\/p\/DQaI6rlD1D7\/<\/a><\/p>\n<p>Villa San Mart\u00edn recibir\u00e1 a Independiente BBC de Santiago del Estero este viernes 31 de octubre desde las 22 horas. Adem\u00e1s, el equipo deportivo de Cara y Ceca del Deporte transmitir\u00e1 el mismo desde las 21:45 horas por la 101.5 del dial.<\/p>\n<\/div>\n<\/div>\n<\/div>\n<\/div>\n<div><\/div>\n<div class=\"html-div xdj266r x14z9mp xat24cr x1lziwak xexx8yu xyri2b x18d9i69 x1c1uobl\">\n<div id=\"_r_2uo_\" class=\"html-div xdj266r x14z9mp xat24cr x1lziwak xexx8yu xyri2b x18d9i69 x1c1uobl x1n2onr6\">\n<div class=\"html-div xdj266r x14z9mp xat24cr x1lziwak xexx8yu xyri2b x18d9i69 x1c1uobl x6ikm8r x10wlt62\"><img decoding=\"async\" class=\"aligncenter\" src=\"https:\/\/scontent.fcnq2-2.fna.fbcdn.net\/v\/t39.30808-6\/571374166_122157988142781732_8754230096196608642_n.jpg?stp=dst-jpg_s640x640_tt6&amp;_nc_cat=111&amp;ccb=1-7&amp;_nc_sid=127cfc&amp;_nc_eui2=AeFDueFCPympXf3JwFl5o3YyVERFzIPb9hFUREXMg9v2EQ7gKj0arHwThBg7X5b-fVE&amp;_nc_ohc=m4o7EfFi_aQQ7kNvwFaWiXf&amp;_nc_oc=AdmjHwOFxdFmH5FeTg817q7NIb91_GZo5nKUhMJ2HMixxhX8R7FVnMKCxbpNjunjY5g&amp;_nc_zt=23&amp;_nc_ht=scontent.fcnq2-2.fna&amp;_nc_gid=I8HMX_LdUo_5L_qggE8jyA&amp;oh=00_AffuJQPxSI76FQZIPCkeNrU4xpv0KrJ4SP6ExKQQAE6NLA&amp;oe=69086D0D\" alt=\"Puede ser una imagen de texto que dice &quot;[\u103c Caray y Ceca del Deporte SORTEO S \u6d0b VILLA SAN MARTIN INDEPENDIENTE BBC RESISTENCIA SANTIAGO DEL ESTERO 2 PARES DE ENTRADAS Toda la info en la descripci\u00f3n*&quot;\" \/><\/div>\n<\/div>\n<\/div>\n<div class=\"x8gbvx8 x80vd3b x1q0q8m5 xso031l x8cjs6t x13fuv20 x178xt8z x78zum5 x1q0g3np x1qughib xz9dl7a xpdmqnj xsag5q8 x1onr9mi\">\n<div class=\"x78zum5 x1q0g3np\">\n<div class=\"xwklpps x1xmf6yo xf159sx\"><\/div>\n<div class=\"x1xegmmw xk9mzb7\"><\/div>\n<\/div>\n<\/div>\n","protected":false},"excerpt":{"rendered":"<p>29-10-2025 De manera conjunta, el programa deportivo Cara y Ceca del Deporte y el Club Villa San Mart\u00edn realizar\u00e1n un sorteo de entradas para el debut del equipo \u00abtricolor\u00bb en La Liga Argentina de B\u00e1squet. El mismo se har\u00e1 a trav\u00e9s de las redes sociales del programa el pr\u00f3ximo viernes en el horario del mismo. &hellip;<\/p>\n","protected":false},"author":2,"featured_media":27816,"comment_status":"open","ping_status":"open","sticky":false,"template":"","format":"standard","meta":{"footnotes":""},"categories":[3],"tags":[],"class_list":["post-27815","post","type-post","status-publish","format-standard","has-post-thumbnail","hentry","category-basquetbol"],"_links":{"self":[{"href":"https:\/\/www.sportchaco.com.ar\/index.php?rest_route=\/wp\/v2\/posts\/27815","targetHints":{"allow":["GET"]}}],"collection":[{"href":"https:\/\/www.sportchaco.com.ar\/index.php?rest_route=\/wp\/v2\/posts"}],"about":[{"href":"https:\/\/www.sportchaco.com.ar\/index.php?rest_route=\/wp\/v2\/types\/post"}],"author":[{"embeddable":true,"href":"https:\/\/www.sportchaco.com.ar\/index.php?rest_route=\/wp\/v2\/users\/2"}],"replies":[{"embeddable":true,"href":"https:\/\/www.sportchaco.com.ar\/index.php?rest_route=%2Fwp%2Fv2%2Fcomments&post=27815"}],"version-history":[{"count":4,"href":"https:\/\/www.sportchaco.com.ar\/index.php?rest_route=\/wp\/v2\/posts\/27815\/revisions"}],"predecessor-version":[{"id":27822,"href":"https:\/\/www.sportchaco.com.ar\/index.php?rest_route=\/wp\/v2\/posts\/27815\/revisions\/27822"}],"wp:featuredmedia":[{"embeddable":true,"href":"https:\/\/www.sportchaco.com.ar\/index.php?rest_route=\/wp\/v2\/media\/27816"}],"wp:attachment":[{"href":"https:\/\/www.sportchaco.com.ar\/index.php?rest_route=%2Fwp%2Fv2%2Fmedia&parent=27815"}],"wp:term":[{"taxonomy":"category","embeddable":true,"href":"https:\/\/www.sportchaco.com.ar\/index.php?rest_route=%2Fwp%2Fv2%2Fcategories&post=27815"},{"taxonomy":"post_tag","embeddable":true,"href":"https:\/\/www.sportchaco.com.ar\/index.php?rest_route=%2Fwp%2Fv2%2Ftags&post=27815"}],"curies":[{"name":"wp","href":"https:\/\/api.w.org\/{rel}","templated":true}]}}